{"id":56025,"date":"2025-04-14T22:26:25","date_gmt":"2025-04-14T22:26:25","guid":{"rendered":"http:\/\/estaciontrip.com.ar\/?p=10193"},"modified":"2025-04-14T22:26:25","modified_gmt":"2025-04-14T22:26:25","slug":"arranco-el-nuevo-vuelo-directo-entre-cordoba-y-recife","status":"publish","type":"post","link":"http:\/\/nuevacordoba.net\/index.php\/2025\/04\/14\/arranco-el-nuevo-vuelo-directo-entre-cordoba-y-recife\/","title":{"rendered":"Arranc\u00f3 el nuevo vuelo directo entre C\u00f3rdoba y Recife"},"content":{"rendered":"<p><em>La aerol\u00ednea GOL inaugur\u00f3 este s\u00e1bado 12 la ruta que vincula el hub C\u00f3rdoba con el Nordeste brasile\u00f1o.<\/em><\/p>\n<p>La aerol\u00ednea GOL sum\u00f3 una nueva ruta internacional desde este \u00faltimo s\u00e1bado 12 de abril, con un vuelo directo entre C\u00f3rdoba y Recife, la capital del estado de Pernambuco, en el nordeste de Brasil. Con una frecuencia semanal ida y vuelta, la ruta est\u00e1 pensada para seguir acercando a argentinos y brasile\u00f1os, tanto por turismo como por negocios, deportes o cultura.<\/p>\n<p>El presidente de la Agencia C\u00f3rdoba Turismo, Dar\u00edo Capitani, celebr\u00f3 esta nueva conexi\u00f3n y expres\u00f3:&nbsp;<em>\u201cEsta ruta refuerza la posici\u00f3n de C\u00f3rdoba como un hub a\u00e9reo estrat\u00e9gico en Argentina y consolida nuestros lazos con Brasil, uno de nuestros mercados prioritarios. La conectividad a\u00e9rea es fundamental para seguir impulsando el turismo receptivo y adem\u00e1s consolidar relaciones comerciales\u201d.<\/em><\/p>\n<p>Adem\u00e1s, destac\u00f3:&nbsp;<em>\u201cTrabajamos en conjunto con aerol\u00edneas, operadores y organismos del sector para seguir ampliando las oportunidades de conexi\u00f3n y fortalecer la oferta tur\u00edstica de nuestra provincia\u201d.<\/em><\/p>\n<p>\u201cLa nueva ruta ampl\u00eda el flujo tur\u00edstico y los viajes corporativos, el transporte de carga y la generaci\u00f3n de negocios entre el estado de Pernambuco y Argentina.&nbsp;GOL cumpli\u00f3 recientemente 20 a\u00f1os de operaciones en el pa\u00eds vecino y la ampliaci\u00f3n de este mercado, con m\u00e1s ciudades brasile\u00f1as conectadas a aeropuertos argentinos, es uno de los pilares de la expansi\u00f3n internacional que pretendemos llevar a cabo en los pr\u00f3ximos a\u00f1os\u201d, afirm\u00f3 Mateus Pongeluppi, vice-presidente comercial de GOL.<\/p>\n<p>Este lanzamiento se da en un momento de crecimiento para la compa\u00f1\u00eda: durante el primer semestre de 2025, GOL aumenta un 55% su oferta de vuelos entre Argentina y Brasil, en comparaci\u00f3n con el mismo per\u00edodo del a\u00f1o anterior.<\/p>\n<p>La incorporaci\u00f3n de esta nueva ruta busca fortalecer el turismo entre ambos pa\u00edses y abrir nuevas posibilidades en sectores como el comercio, la tecnolog\u00eda y la educaci\u00f3n. Tambi\u00e9n refuerza el rol de C\u00f3rdoba como un punto estrat\u00e9gico para la conectividad internacional desde el interior del pa\u00eds.<\/p>\n<p>Conectividad entre C\u00f3rdoba y San Pablo (GRU): Adem\u00e1s del nuevo vuelo a Recife, GOL tambi\u00e9n inaugur\u00f3 la ruta entre C\u00f3rdoba y San Pablo, uno de los Hubs m\u00e1s importantes de Brasil. Desde el 2 de abril, esta conexi\u00f3n opera tres veces por semana: los lunes, mi\u00e9rcoles y viernes desde C\u00f3rdoba, y los martes, jueves y s\u00e1bados en el regreso desde San Pablo.<\/p>\n<p>Durante mayo y junio se sumar\u00e1n vuelos extra los martes y domingos, y a partir de julio la ruta pasar\u00e1 a tener vuelos todos los d\u00edas, ofreciendo a\u00fan m\u00e1s opciones para quienes viajan entre ambas ciudades.<\/p>\n<p>Conectividad entre C\u00f3rdoba y R\u00edo de Janeiro (GIG): La ruta entre C\u00f3rdoba y R\u00edo de Janeiro tambi\u00e9n se potenciar\u00e1 este a\u00f1o. Desde abril, los vuelos operan todos los d\u00edas, brindando una gran conectividad para quienes viajan entre ambas ciudades.<\/p>\n<p>Durante mayo y junio, habr\u00e1 salidas desde C\u00f3rdoba los lunes, mi\u00e9rcoles, viernes y domingos, y regresos desde R\u00edo los martes, jueves y s\u00e1bados. A partir del 22 de junio, con el comienzo de la temporada alta, la frecuencia diaria volver\u00e1 a estar vigente, garantizando una oferta sostenida y reafirmando el compromiso de GOL con el mercado argentino.<\/p>\n<p><strong>Horarios y frecuencias de los vuelos C\u00f3rdoba \u2013 Recife<\/strong><\/p>\n<figure class=\"wp-block-table\">\n<table class=\"has-fixed-layout\">\n<thead>\n<tr>\n<td><strong>Ruta<\/strong><\/td>\n<td><strong>Hora de salida<\/strong><\/td>\n<td><strong>Hora de llegada<\/strong><\/td>\n<td><strong>D\u00eda de operaci\u00f3n<\/strong><\/td>\n<\/tr>\n<\/thead>\n<tbody readability=\"2\">\n<tr readability=\"2\">\n<td>Recife (REC) \u2192 C\u00f3rdoba (COR)<\/td>\n<td>18:15<\/td>\n<td>00:05 (+1)<\/td>\n<td>S\u00e1bado<\/td>\n<\/tr>\n<tr readability=\"2\">\n<td>C\u00f3rdoba (COR) \u2192 Recife (REC)<\/td>\n<td>00:55<\/td>\n<td>06:10<\/td>\n<td>Domingo<\/td>\n<\/tr>\n<\/tbody>\n<\/table>\n<\/figure>\n<figure class=\"wp-block-image size-full\"><a href=\"http:\/\/nuevacordoba.net\/wp-content\/uploads\/2025\/04\/arranco-el-nuevo-vuelo-directo-entre-cordoba-y-recife.jpg\"><img loading=\"lazy\" decoding=\"async\" width=\"960\" height=\"720\" src=\"http:\/\/nuevacordoba.net\/wp-content\/uploads\/2025\/04\/arranco-el-nuevo-vuelo-directo-entre-cordoba-y-recife.jpg\" alt class=\"wp-image-10197\" srcset=\"http:\/\/nuevacordoba.net\/wp-content\/uploads\/2025\/04\/arranco-el-nuevo-vuelo-directo-entre-cordoba-y-recife.jpg 960w, http:\/\/nuevacordoba.net\/wp-content\/uploads\/2025\/04\/arranco-el-nuevo-vuelo-directo-entre-cordoba-y-recife-1.jpg 300w, http:\/\/nuevacordoba.net\/wp-content\/uploads\/2025\/04\/arranco-el-nuevo-vuelo-directo-entre-cordoba-y-recife-2.jpg 768w\" sizes=\"(max-width: 960px) 100vw, 960px\"><\/a><\/figure>\n","protected":false},"excerpt":{"rendered":"<p>La aerol\u00ednea GOL inaugur\u00f3 este s\u00e1bado 12 la ruta que vincula el hub C\u00f3rdoba con el Nordeste brasile\u00f1o. La aerol\u00ednea GOL sum\u00f3 una nueva ruta internacional desde este \u00faltimo s\u00e1bado 12 de abril, con un vuelo directo entre C\u00f3rdoba y Recife, la capital del estado de Pernambuco, en el nordeste de Brasil. Con una frecuencia [&hellip;]<\/p>\n","protected":false},"author":1,"featured_media":56026,"comment_status":"closed","ping_status":"closed","sticky":false,"template":"","format":"standard","meta":[],"categories":[11],"tags":[],"_links":{"self":[{"href":"http:\/\/nuevacordoba.net\/index.php\/wp-json\/wp\/v2\/posts\/56025"}],"collection":[{"href":"http:\/\/nuevacordoba.net\/index.php\/wp-json\/wp\/v2\/posts"}],"about":[{"href":"http:\/\/nuevacordoba.net\/index.php\/wp-json\/wp\/v2\/types\/post"}],"author":[{"embeddable":true,"href":"http:\/\/nuevacordoba.net\/index.php\/wp-json\/wp\/v2\/users\/1"}],"replies":[{"embeddable":true,"href":"http:\/\/nuevacordoba.net\/index.php\/wp-json\/wp\/v2\/comments?post=56025"}],"version-history":[{"count":0,"href":"http:\/\/nuevacordoba.net\/index.php\/wp-json\/wp\/v2\/posts\/56025\/revisions"}],"wp:featuredmedia":[{"embeddable":true,"href":"http:\/\/nuevacordoba.net\/index.php\/wp-json\/wp\/v2\/media\/56026"}],"wp:attachment":[{"href":"http:\/\/nuevacordoba.net\/index.php\/wp-json\/wp\/v2\/media?parent=56025"}],"wp:term":[{"taxonomy":"category","embeddable":true,"href":"http:\/\/nuevacordoba.net\/index.php\/wp-json\/wp\/v2\/categories?post=56025"},{"taxonomy":"post_tag","embeddable":true,"href":"http:\/\/nuevacordoba.net\/index.php\/wp-json\/wp\/v2\/tags?post=56025"}],"curies":[{"name":"wp","href":"https:\/\/api.w.org\/{rel}","templated":true}]}}