{"id":56033,"date":"2025-04-15T00:00:45","date_gmt":"2025-04-15T00:00:45","guid":{"rendered":"https:\/\/www.ole.com.ar\/futbol-ascenso\/ascenso-colon-primera-nacional-san-telmo-marcos-diaz_0_xXwgEA9Bnc.html"},"modified":"2025-04-15T00:00:45","modified_gmt":"2025-04-15T00:00:45","slug":"con-un-grosero-error-de-marcos-diaz-colon-perdio-y-sigue-complicado-en-el-nacional","status":"publish","type":"post","link":"http:\/\/nuevacordoba.net\/index.php\/2025\/04\/15\/con-un-grosero-error-de-marcos-diaz-colon-perdio-y-sigue-complicado-en-el-nacional\/","title":{"rendered":"Con un grosero error de Marcos D\u00edaz, Col\u00f3n perdi\u00f3 y sigue complicado en el Nacional"},"content":{"rendered":"<p><time class=\"createDate\" datetime=\"2025-04-14T21:00:45-03:00\">14\/04\/2025 21:00hs.<\/time><\/p>\n<div id=\"storyBody\">\n<div class=\"custom-text \" readability=\"33.473684210526\">\n<p>De la ilusi\u00f3n por su regreso a quedar en el foco de las cr\u00edticas en el mal momento que atraviesa <a href=\"https:\/\/www.ole.com.ar\/tema\/colon.html\" title=\"Col\u00f3n\" alt=\"Col\u00f3n\" class=\"slug\">Col\u00f3n<\/a>, que este lunes perdi\u00f3 contra <a href=\"https:\/\/www.ole.com.ar\/tema\/san-telmo.html\" title=\"San Telmo\" alt=\"San Telmo\" class=\"slug\">San Telmo<\/a> en Santa Fe.<strong> Esa es la situaci\u00f3n que vive <a href=\"https:\/\/www.ole.com.ar\/tema\/marcos-diaz.html\" title=\"Marcos D\u00edaz\" alt=\"Marcos D\u00edaz\" class=\"slug\">Marcos D\u00edaz<\/a>, quien fue se\u00f1alado como el principal responsable de la ca\u00edda del equipo, que sigue de malas y se alej\u00f3 en la pelea por el Reducido de la <a href=\"https:\/\/www.ole.com.ar\/tema\/primera-nacional.html\" title=\"Primera Nacional\" alt=\"Primera Nacional\" class=\"slug\">Primera Nacional<\/a>.<\/strong><\/p>\n<\/div>\n<div class=\"custom-text \" readability=\"39\">\n<p>Y la realidad es que la derrota del Sabalero fue merecida, porque volvi\u00f3 a jugar mal y el equipo de Monasterio lo super\u00f3 en gran parte del partido. Ya de entrada se vio el nerviosismo que se contagi\u00f3 de afuera hacia adentro y a los de Pereyra les cost\u00f3 el doble. Y para colmo de male<strong>s, el Candombero conserv\u00f3 la calma, manej\u00f3 bien los tiempos, peg\u00f3 en el momento justo y se llev\u00f3 tres puntos de oro.<\/strong><\/p>\n<\/div>\n<div class=\"sc-e7b891c4-0 ifHnQL image-embed\"><img alt=\"San Telmo se qued\u00f3 con un triunfazo para entrar a Reducido (Prensa San Telmo)\" loading=\"lazy\" width=\"720\" height=\"100\" decoding=\"async\" data-nimg=\"1\" src=\"http:\/\/nuevacordoba.net\/wp-content\/uploads\/2025\/04\/con-un-grosero-error-de-marcos-diaz-colon-perdio-y-sigue-complicado-en-el-nacional.jpg\"><span class=\"epigraphe\">San Telmo se qued\u00f3 con un triunfazo para entrar a Reducido (Prensa San Telmo)<\/span><\/div>\n<div class=\"custom-text \" readability=\"39\">\n<p>S\u00ed, porque a los 47 minutos del complemento, <strong>Br\u00edtez desenfund\u00f3 y, con la complicidad del arquero<\/strong><em> -que ya ven\u00eda siendo cuestionado por errores contra Almirante Brown, Gimnasia de Mendoza y Gimnasia de Jujuy-<\/em><strong>, puso el 1-0 definitivo.<\/strong><\/p>\n<\/div>\n<div class=\"custom-text \" readability=\"38\">\n<p>As\u00ed, <strong>Col\u00f3n profundiz\u00f3 su mal momento<\/strong>, la gente se expres\u00f3 al grito de \u201cque se vayan todos\u201d y Pereyra, quien ya venia siendo mirado de reojo por los malos resultados, parecer\u00eda no tener mucho m\u00e1s cr\u00e9dito.<\/p>\n<\/div>\n<p><h2><strong>El error de Marcos D\u00edaz en el gol de San Telmo<\/strong><\/h2>\n<\/p>\n<div class=\"sc-734b4696-1 kFfZtB\">\n<div class=\"sc-d00d9e74-0 hnHYbk\" type=\"embed\">\n<div class=\"sc-d00d9e74-1 iKVbz videoText\" id=\"contentTitleembedZQKVYjyB\" type=\"embed\"><svg fill=\"#ffffff\"><symbol id=\"play\" viewBox=\"0 0 512 512\"><path d=\"M512 256C512 397.4 397.4 512 256 512C114.6 512 0 397.4 0 256C0 114.6 114.6 0 256 0C397.4 0 512 114.6 512 256zM176 168V344C176 352.7 180.7 360.7 188.3 364.9C195.8 369.2 205.1 369 212.5 364.5L356.5 276.5C363.6 272.1 368 264.4 368 256C368 247.6 363.6 239.9 356.5 235.5L212.5 147.5C205.1 142.1 195.8 142.8 188.3 147.1C180.7 151.3 176 159.3 176 168V168z\" \/><\/symbol><use xlink:href=\"#play\" \/><\/svg><\/p>\n<div class=\"right\">\n<p>Marcos D\u00edaz<!-- --> &#8211; <span>&nbsp;<\/span><\/p>\n<h2 class=\"title-vid\">El ins\u00f3lito error de Marcos D\u00edaz en el gol de San Telmo<\/h2>\n<\/div>\n<\/div>\n<p><span class=\"back\" id=\"spanBackembedZQKVYjyB\"><\/span><\/div>\n<div class=\"JWvideoNota_title\">\n<p>Video: TyC Sports<\/p>\n<\/div>\n<\/div>\n<p><h2><strong>Las declaraciones de Pereyra tras la derrota<\/strong><\/h2>\n<\/p>\n<div class=\"custom-text \" readability=\"38\">\n<p>Acerca de su continuidad, que es uno de los principales temas en la actualidad sabalera, el det\u00e9 dijo: <strong>\u00abEso no depende de m\u00ed. De esta situaci\u00f3n se sale trabajando. <\/strong>Asumimos la responsabilidad de lo que nos pasa. Son rachas, pero en un club como Col\u00f3n se acrecienta m\u00e1s. El partido se defini\u00f3 por detalles\u00bb.<\/p>\n<\/div>\n<div class=\"custom-text \" readability=\"39\">\n<p>\u00abEl enojo que tiene el hincha es el mismo enojo que tenemos todos. Los jugadores dan todo, nosotros damos todo y las cosas no salen. Hay que insistir en la idea. Hoy, un peque\u00f1o detalle te juega en contra<strong>. Todav\u00eda no somos el equipo que tenemos que ser. Sabemos que los resultados mandan y tenemos la misma preocupaci\u00f3n que la gente<\/strong>, pero creemos en lo que hacemos\u00bb, sigui\u00f3 el Pata. <\/p>\n<\/div>\n<div class=\"sc-e7b891c4-0 ifHnQL image-embed\"><img alt=\"El Pata Pereyra habl\u00f3 de todo tras la derrota de Col\u00f3n\" loading=\"lazy\" width=\"720\" height=\"100\" decoding=\"async\" data-nimg=\"1\" src=\"http:\/\/nuevacordoba.net\/wp-content\/uploads\/2025\/04\/con-un-grosero-error-de-marcos-diaz-colon-perdio-y-sigue-complicado-en-el-nacional-1.jpg\"><span class=\"epigraphe\">El Pata Pereyra habl\u00f3 de todo tras la derrota de Col\u00f3n<\/span><\/div>\n<div class=\"custom-text \" readability=\"37\">\n<p>\u00abMarcos hoy ataj\u00f3 las que ten\u00eda que atajar, la \u00faltima no la vi. En la semana evaluaremos lo que nos est\u00e1 pasando.<strong> No ha tenido actuaciones como \u00e9l puede rendir. Vamos a esperar, evaluar y tomar la mejor decisi\u00f3n para Col\u00f3n<\/strong>\u00ab, expres\u00f3 el entrenador sobre el flojo presente del arquero. <\/p>\n<\/div>\n<div class=\"sc-a7166897-0 eoLsBE\" readability=\"6\">\n<section readability=\"2\"><picture><img alt=\"El Kily Gonz\u00e1lez se despidi\u00f3 de Uni\u00f3n con un empate ante Defensa\" loading=\"lazy\" width=\"290\" height=\"290\" decoding=\"async\" data-nimg=\"1\" src=\"http:\/\/nuevacordoba.net\/wp-content\/uploads\/2025\/04\/con-un-grosero-error-de-marcos-diaz-colon-perdio-y-sigue-complicado-en-el-nacional-2.jpg\"><\/picture>\n<p><span>Mir\u00e1 tambi\u00e9n<\/span><\/p>\n<hr>\n<h3>El Kily Gonz\u00e1lez se despidi\u00f3 de Uni\u00f3n con un empate ante Defensa<\/h3>\n<\/p>\n<\/section>\n<\/div>\n<div class=\"sc-a7166897-0 eoLsBE\" readability=\"7\">\n<section readability=\"4\"><picture><img alt=\"Cavani, con el supercl\u00e1sico en la mira: &quot;No es lo mismo llegar con confianza que con dudas&quot;\" loading=\"lazy\" width=\"290\" height=\"290\" decoding=\"async\" data-nimg=\"1\" src=\"http:\/\/nuevacordoba.net\/wp-content\/uploads\/2025\/04\/con-un-grosero-error-de-marcos-diaz-colon-perdio-y-sigue-complicado-en-el-nacional-3.jpg\"><\/picture>\n<p><span>Mir\u00e1 tambi\u00e9n<\/span><\/p>\n<hr>\n<h3>Cavani, con el supercl\u00e1sico en la mira: \u00abNo es lo mismo llegar con confianza que con dudas\u00bb<\/h3>\n<\/p>\n<\/section>\n<\/div>\n<\/div>\n","protected":false},"excerpt":{"rendered":"<p>14\/04\/2025 21:00hs. De la ilusi\u00f3n por su regreso a quedar en el foco de las cr\u00edticas en el mal momento que atraviesa Col\u00f3n, que este lunes perdi\u00f3 contra San Telmo en Santa Fe. Esa es la situaci\u00f3n que vive Marcos D\u00edaz, quien fue se\u00f1alado como el principal responsable de la ca\u00edda del equipo, que sigue [&hellip;]<\/p>\n","protected":false},"author":1,"featured_media":56034,"comment_status":"closed","ping_status":"closed","sticky":false,"template":"","format":"standard","meta":[],"categories":[10],"tags":[],"_links":{"self":[{"href":"http:\/\/nuevacordoba.net\/index.php\/wp-json\/wp\/v2\/posts\/56033"}],"collection":[{"href":"http:\/\/nuevacordoba.net\/index.php\/wp-json\/wp\/v2\/posts"}],"about":[{"href":"http:\/\/nuevacordoba.net\/index.php\/wp-json\/wp\/v2\/types\/post"}],"author":[{"embeddable":true,"href":"http:\/\/nuevacordoba.net\/index.php\/wp-json\/wp\/v2\/users\/1"}],"replies":[{"embeddable":true,"href":"http:\/\/nuevacordoba.net\/index.php\/wp-json\/wp\/v2\/comments?post=56033"}],"version-history":[{"count":0,"href":"http:\/\/nuevacordoba.net\/index.php\/wp-json\/wp\/v2\/posts\/56033\/revisions"}],"wp:featuredmedia":[{"embeddable":true,"href":"http:\/\/nuevacordoba.net\/index.php\/wp-json\/wp\/v2\/media\/56034"}],"wp:attachment":[{"href":"http:\/\/nuevacordoba.net\/index.php\/wp-json\/wp\/v2\/media?parent=56033"}],"wp:term":[{"taxonomy":"category","embeddable":true,"href":"http:\/\/nuevacordoba.net\/index.php\/wp-json\/wp\/v2\/categories?post=56033"},{"taxonomy":"post_tag","embeddable":true,"href":"http:\/\/nuevacordoba.net\/index.php\/wp-json\/wp\/v2\/tags?post=56033"}],"curies":[{"name":"wp","href":"https:\/\/api.w.org\/{rel}","templated":true}]}}