{"id":56035,"date":"2025-04-14T15:35:47","date_gmt":"2025-04-14T15:35:47","guid":{"rendered":"http:\/\/cordobanewsnet.wordpress.com\/?p=12758"},"modified":"2025-04-14T15:35:47","modified_gmt":"2025-04-14T15:35:47","slug":"h-i-j-o-s-conmemoro-en-cordoba-30-anos-de-lucha-por-los-derechos-humanos","status":"publish","type":"post","link":"http:\/\/nuevacordoba.net\/index.php\/2025\/04\/14\/h-i-j-o-s-conmemoro-en-cordoba-30-anos-de-lucha-por-los-derechos-humanos\/","title":{"rendered":"H.I.J.O.S. conmemor\u00f3 en C\u00f3rdoba 30 a\u00f1os de lucha por los Derechos Humanos"},"content":{"rendered":"<p>La conmemoraci\u00f3n tuvo lugar este domingo en el T\u00fanel San Miguel, sitio fundacional de la organizaci\u00f3n el 14 de abril de 1995.<\/p>\n<p>En un acto cargado de memoria, la agrupaci\u00f3n&nbsp;<strong>H.I.J.O.S.<\/strong>&nbsp;celebr\u00f3 sus&nbsp;<strong>30 a\u00f1os<\/strong>&nbsp;de existencia en&nbsp;<strong>R\u00edo Ceballos<\/strong><strong>, C\u00f3rdoba<\/strong>. La conmemoraci\u00f3n tuvo lugar este domingo en el&nbsp;<strong>T\u00fanel San Miguel<\/strong>, sitio fundacional de la organizaci\u00f3n donde, el&nbsp;<strong>14 de abril de 1995<\/strong>, hijos e hijas de desaparecidos y asesinados por el terrorismo de Estado de todo el pa\u00eds se reunieron para dar origen a esta entidad clave en la defensa de los Derechos Humanos.<\/p>\n<p>La jornada consisti\u00f3 en un&nbsp;acto de se\u00f1alizaci\u00f3n de memoria&nbsp;en el t\u00fanel ubicado entre R\u00edo Ceballos y Salsipuedes. Este evento fue convocado por&nbsp;<strong>H.I.J.O.S. Red Nacional, el Parque de la Memoria \u2013 R\u00edo Ceballos, la Comisi\u00f3n y Archivo Provincial de la Memoria \u2013 C\u00f3rdoba y las municipalidades de Salsipuedes y R\u00edo Ceballos<\/strong>.<\/p>\n<blockquote class=\"wp-block-quote is-layout-flow wp-block-quote-is-layout-flow\" readability=\"16\">\n<p>Desde la&nbsp;<strong>Red Nacional de H.I.J.O.S.<\/strong>&nbsp;se emiti\u00f3 un comunicado donde se definen como&nbsp;<strong>\u00abuna organizaci\u00f3n pol\u00edtica que naci\u00f3 en la resistencia, que se forj\u00f3 en las calles, en las plazas, en las escuelas, en las universidades, sindicatos, centros culturales y en los juicios, y que sigue militando, construyendo y so\u00f1ando\u00bb<\/strong>.<\/p>\n<\/blockquote>\n<p><strong>H.I.J.O.S. C\u00f3rdoba<\/strong>&nbsp;agradeci\u00f3 a quienes hicieron posible este acto, destacando la participaci\u00f3n de numerosos compa\u00f1eros y compa\u00f1eras que, aunque no todos est\u00e9n actualmente involucrados de forma org\u00e1nica, fueron parte fundamental de la construcci\u00f3n hist\u00f3rica de la organizaci\u00f3n.<\/p>\n<p>En el comunicado&nbsp;<strong>\u00abH.I.J.O.S. 30 a\u00f1os de lucha, desafiando lo imposible\u00bb<\/strong>, recordaron aquel campamento fundacional donde se encontraron los hijos e hijas de v\u00edctimas del terrorismo de Estado durante la \u00faltima dictadura militar para compartir experiencias y conformar la organizaci\u00f3n. Detallaron que, desde aquella Semana Santa de 1995, construyeron una&nbsp;<strong>agrupaci\u00f3n nacional con regionales en casi todas las provincias argentinas<\/strong>, inspirando la creaci\u00f3n de organizaciones similares en otros pa\u00edses como M\u00e9xico, Colombia, Per\u00fa, Guatemala, Chile, Nicaragua, Uruguay, Holanda, Par\u00eds, Barcelona y Berl\u00edn.<\/p>\n<figure class=\"wp-block-image size-large\"><img loading=\"lazy\" data-attachment-id=\"12759\" data-permalink=\"https:\/\/cordobanewsnet.wordpress.com\/2025\/04\/14\/h-i-j-o-s-conmemoro-en-cordoba-30-anos-de-lucha-por-los-derechos-humanos\/image-670\/\" data-orig-file=\"http:\/\/nuevacordoba.net\/wp-content\/uploads\/2025\/04\/h-i-j-o-s-conmemoro-en-cordoba-30-anos-de-lucha-por-los-derechos-humanos.png\" data-orig-size=\"800,450\" data-comments-opened=\"1\" data-image-meta=\"{&quot;aperture&quot;:&quot;0&quot;,&quot;credit&quot;:&quot;&quot;,&quot;camera&quot;:&quot;&quot;,&quot;caption&quot;:&quot;&quot;,&quot;created_timestamp&quot;:&quot;0&quot;,&quot;copyright&quot;:&quot;&quot;,&quot;focal_length&quot;:&quot;0&quot;,&quot;iso&quot;:&quot;0&quot;,&quot;shutter_speed&quot;:&quot;0&quot;,&quot;title&quot;:&quot;&quot;,&quot;orientation&quot;:&quot;0&quot;}\" data-image-title=\"image\" data-image-description data-image-caption data-medium-file=\"http:\/\/nuevacordoba.net\/wp-content\/uploads\/2025\/04\/h-i-j-o-s-conmemoro-en-cordoba-30-anos-de-lucha-por-los-derechos-humanos.png?w=300\" data-large-file=\"http:\/\/nuevacordoba.net\/wp-content\/uploads\/2025\/04\/h-i-j-o-s-conmemoro-en-cordoba-30-anos-de-lucha-por-los-derechos-humanos.png?w=736\" width=\"800\" height=\"450\" src=\"http:\/\/nuevacordoba.net\/wp-content\/uploads\/2025\/04\/h-i-j-o-s-conmemoro-en-cordoba-30-anos-de-lucha-por-los-derechos-humanos.png\" alt class=\"wp-image-12759\" srcset=\"http:\/\/nuevacordoba.net\/wp-content\/uploads\/2025\/04\/h-i-j-o-s-conmemoro-en-cordoba-30-anos-de-lucha-por-los-derechos-humanos.png 800w, http:\/\/nuevacordoba.net\/wp-content\/uploads\/2025\/04\/h-i-j-o-s-conmemoro-en-cordoba-30-anos-de-lucha-por-los-derechos-humanos.png?w=150 150w, http:\/\/nuevacordoba.net\/wp-content\/uploads\/2025\/04\/h-i-j-o-s-conmemoro-en-cordoba-30-anos-de-lucha-por-los-derechos-humanos.png?w=300 300w, http:\/\/nuevacordoba.net\/wp-content\/uploads\/2025\/04\/h-i-j-o-s-conmemoro-en-cordoba-30-anos-de-lucha-por-los-derechos-humanos.png?w=768 768w\" sizes=\"(max-width: 800px) 100vw, 800px\"><\/figure>\n<p>Fuente : Hoy D\u00eda C\u00f3rdoba Argentina<\/p>\n<p><span id=\"wordads-inline-marker\"><\/span><\/p>\n<div id=\"jp-post-flair\" class=\"sharedaddy sd-like-enabled sd-sharing-enabled\">\n<div class=\"sharedaddy sd-sharing-enabled\">\n<div class=\"robots-nocontent sd-block sd-social sd-social-icon-text sd-sharing\">\n<h3 class=\"sd-title\">Comparte esto:<\/h3>\n<\/div>\n<\/div>\n<div class=\"sharedaddy sd-block sd-like jetpack-likes-widget-wrapper jetpack-likes-widget-unloaded\" id=\"like-post-wrapper-143108178-12758-67fdd662e472f\" data-src=\"\/\/widgets.wp.com\/likes\/index.html?ver=20250415#blog_id=143108178&amp;post_id=12758&amp;origin=cordobanewsnet.wordpress.com&amp;obj_id=143108178-12758-67fdd662e472f\" data-name=\"like-post-frame-143108178-12758-67fdd662e472f\" data-title=\"Me gusta o Compartir\">\n<p><span class=\"button\"><span>Me gusta<\/span><\/span> <span class=\"loading\">Cargando&#8230;<\/span><\/p>\n<p><span class=\"sd-text-color\"><\/span><\/div>\n<p><h3 class=\"jp-relatedposts-headline\"><em>Relacionado<\/em><\/h3>\n<\/p>\n<\/div>\n","protected":false},"excerpt":{"rendered":"<p>La conmemoraci\u00f3n tuvo lugar este domingo en el T\u00fanel San Miguel, sitio fundacional de la organizaci\u00f3n el 14 de abril de 1995. En un acto cargado de memoria, la agrupaci\u00f3n&nbsp;H.I.J.O.S.&nbsp;celebr\u00f3 sus&nbsp;30 a\u00f1os&nbsp;de existencia en&nbsp;R\u00edo Ceballos, C\u00f3rdoba. La conmemoraci\u00f3n tuvo lugar este domingo en el&nbsp;T\u00fanel San Miguel, sitio fundacional de la organizaci\u00f3n donde, el&nbsp;14 de abril [&hellip;]<\/p>\n","protected":false},"author":1,"featured_media":56036,"comment_status":"closed","ping_status":"closed","sticky":false,"template":"","format":"standard","meta":[],"categories":[14],"tags":[],"_links":{"self":[{"href":"http:\/\/nuevacordoba.net\/index.php\/wp-json\/wp\/v2\/posts\/56035"}],"collection":[{"href":"http:\/\/nuevacordoba.net\/index.php\/wp-json\/wp\/v2\/posts"}],"about":[{"href":"http:\/\/nuevacordoba.net\/index.php\/wp-json\/wp\/v2\/types\/post"}],"author":[{"embeddable":true,"href":"http:\/\/nuevacordoba.net\/index.php\/wp-json\/wp\/v2\/users\/1"}],"replies":[{"embeddable":true,"href":"http:\/\/nuevacordoba.net\/index.php\/wp-json\/wp\/v2\/comments?post=56035"}],"version-history":[{"count":0,"href":"http:\/\/nuevacordoba.net\/index.php\/wp-json\/wp\/v2\/posts\/56035\/revisions"}],"wp:featuredmedia":[{"embeddable":true,"href":"http:\/\/nuevacordoba.net\/index.php\/wp-json\/wp\/v2\/media\/56036"}],"wp:attachment":[{"href":"http:\/\/nuevacordoba.net\/index.php\/wp-json\/wp\/v2\/media?parent=56035"}],"wp:term":[{"taxonomy":"category","embeddable":true,"href":"http:\/\/nuevacordoba.net\/index.php\/wp-json\/wp\/v2\/categories?post=56035"},{"taxonomy":"post_tag","embeddable":true,"href":"http:\/\/nuevacordoba.net\/index.php\/wp-json\/wp\/v2\/tags?post=56035"}],"curies":[{"name":"wp","href":"https:\/\/api.w.org\/{rel}","templated":true}]}}