{"id":56061,"date":"2025-04-15T12:35:47","date_gmt":"2025-04-15T12:35:47","guid":{"rendered":"http:\/\/cordobanewsnet.wordpress.com\/?p=12762"},"modified":"2025-04-15T12:35:47","modified_gmt":"2025-04-15T12:35:47","slug":"desborde-en-las-carceles-de-cordoba-la-legislatura-adhirio-a-la-emergencia-penitenciaria-nacional4","status":"publish","type":"post","link":"http:\/\/nuevacordoba.net\/index.php\/2025\/04\/15\/desborde-en-las-carceles-de-cordoba-la-legislatura-adhirio-a-la-emergencia-penitenciaria-nacional4\/","title":{"rendered":"Desborde en las c\u00e1rceles de C\u00f3rdoba: la Legislatura adhiri\u00f3 a la emergencia penitenciaria nacional4"},"content":{"rendered":"<p>La Provincia adhiri\u00f3 a la declaraci\u00f3n de emergencia dispuesta por el Ministerio de Seguridad.<\/p>\n<p>La Legislatura de C\u00f3rdoba convirti\u00f3 en ley la emergencia penitenciaria vigente a nivel nacional, por tres a\u00f1os.<\/p>\n<p>De esta manera, la Provincia adhiri\u00f3 a la declaraci\u00f3n de emergencia dispuesta por el Ministerio de Seguridad de la Naci\u00f3n por resoluci\u00f3n del 17 de abril de 2024.<\/p>\n<p>La alarmante situaci\u00f3n en los establecimientos penitenciarios llev\u00f3 a acelerar la decisi\u00f3n y la iniciativa termin\u00f3 trat\u00e1ndose este lunes, un d\u00eda poco habitual para las sesiones de la Unicameral.<\/p>\n<p>El proyecto contempla \u201cla situaci\u00f3n actual del sistema penitenciario\u201d en la provincia y \u201cla necesidad de adoptar medidas urgentes, coordinadas y sostenidas para garantizar condiciones dignas de detenci\u00f3n y resguardar la seguridad p\u00fablica\u201d.<\/p>\n<p>Cabe destacar que en la actualidad, el sistema penitenciario de la provincia de C\u00f3rdoba alberga m\u00e1s de 16 mil presos. La poblaci\u00f3n carcelaria est\u00e1 en crecimiento, al punto de que estiman que este a\u00f1o aumentar\u00eda en un 28%.<\/p>\n<p>Adem\u00e1s, la Unicameral dio visto bueno a una resoluci\u00f3n que instruye a senadores y diputados cordobeses para que propicien la construcci\u00f3n de una c\u00e1rcel federal en la provincia, a modo de cancelaci\u00f3n de deudas que el Gobierno nacional mantiene con C\u00f3rdoba.<\/p>\n<figure class=\"wp-block-image size-large\"><img loading=\"lazy\" data-attachment-id=\"12763\" data-permalink=\"https:\/\/cordobanewsnet.wordpress.com\/2025\/04\/15\/desborde-en-las-carceles-de-cordoba-la-legislatura-adhirio-a-la-emergencia-penitenciaria-nacional4\/image-671\/\" data-orig-file=\"http:\/\/nuevacordoba.net\/wp-content\/uploads\/2025\/04\/desborde-en-las-carceles-de-cordoba-la-legislatura-adhirio-a-la-emergencia-penitenciaria-nacional4.png\" data-orig-size=\"929,523\" data-comments-opened=\"1\" data-image-meta=\"{&quot;aperture&quot;:&quot;0&quot;,&quot;credit&quot;:&quot;&quot;,&quot;camera&quot;:&quot;&quot;,&quot;caption&quot;:&quot;&quot;,&quot;created_timestamp&quot;:&quot;0&quot;,&quot;copyright&quot;:&quot;&quot;,&quot;focal_length&quot;:&quot;0&quot;,&quot;iso&quot;:&quot;0&quot;,&quot;shutter_speed&quot;:&quot;0&quot;,&quot;title&quot;:&quot;&quot;,&quot;orientation&quot;:&quot;0&quot;}\" data-image-title=\"image\" data-image-description data-image-caption data-medium-file=\"http:\/\/nuevacordoba.net\/wp-content\/uploads\/2025\/04\/desborde-en-las-carceles-de-cordoba-la-legislatura-adhirio-a-la-emergencia-penitenciaria-nacional4.png?w=300\" data-large-file=\"http:\/\/nuevacordoba.net\/wp-content\/uploads\/2025\/04\/desborde-en-las-carceles-de-cordoba-la-legislatura-adhirio-a-la-emergencia-penitenciaria-nacional4.png?w=736\" width=\"929\" height=\"523\" src=\"http:\/\/nuevacordoba.net\/wp-content\/uploads\/2025\/04\/desborde-en-las-carceles-de-cordoba-la-legislatura-adhirio-a-la-emergencia-penitenciaria-nacional4.png\" alt class=\"wp-image-12763\" srcset=\"http:\/\/nuevacordoba.net\/wp-content\/uploads\/2025\/04\/desborde-en-las-carceles-de-cordoba-la-legislatura-adhirio-a-la-emergencia-penitenciaria-nacional4.png 929w, http:\/\/nuevacordoba.net\/wp-content\/uploads\/2025\/04\/desborde-en-las-carceles-de-cordoba-la-legislatura-adhirio-a-la-emergencia-penitenciaria-nacional4.png?w=150 150w, http:\/\/nuevacordoba.net\/wp-content\/uploads\/2025\/04\/desborde-en-las-carceles-de-cordoba-la-legislatura-adhirio-a-la-emergencia-penitenciaria-nacional4.png?w=300 300w, http:\/\/nuevacordoba.net\/wp-content\/uploads\/2025\/04\/desborde-en-las-carceles-de-cordoba-la-legislatura-adhirio-a-la-emergencia-penitenciaria-nacional4.png?w=768 768w\" sizes=\"(max-width: 929px) 100vw, 929px\"><\/figure>\n<p>Fuente : Telefe C\u00f3rdoba Argentina <\/p>\n<p><span id=\"wordads-inline-marker\"><\/span><\/p>\n<div id=\"jp-post-flair\" class=\"sharedaddy sd-like-enabled sd-sharing-enabled\">\n<div class=\"sharedaddy sd-sharing-enabled\">\n<div class=\"robots-nocontent sd-block sd-social sd-social-icon-text sd-sharing\">\n<h3 class=\"sd-title\">Comparte esto:<\/h3>\n<\/div>\n<\/div>\n<div class=\"sharedaddy sd-block sd-like jetpack-likes-widget-wrapper jetpack-likes-widget-unloaded\" id=\"like-post-wrapper-143108178-12762-67febc9d89466\" data-src=\"\/\/widgets.wp.com\/likes\/index.html?ver=20250415#blog_id=143108178&amp;post_id=12762&amp;origin=cordobanewsnet.wordpress.com&amp;obj_id=143108178-12762-67febc9d89466\" data-name=\"like-post-frame-143108178-12762-67febc9d89466\" data-title=\"Me gusta o Compartir\">\n<p><span class=\"button\"><span>Me gusta<\/span><\/span> <span class=\"loading\">Cargando&#8230;<\/span><\/p>\n<p><span class=\"sd-text-color\"><\/span><\/div>\n<p><h3 class=\"jp-relatedposts-headline\"><em>Relacionado<\/em><\/h3>\n<\/p>\n<\/div>\n","protected":false},"excerpt":{"rendered":"<p>La Provincia adhiri\u00f3 a la declaraci\u00f3n de emergencia dispuesta por el Ministerio de Seguridad. La Legislatura de C\u00f3rdoba convirti\u00f3 en ley la emergencia penitenciaria vigente a nivel nacional, por tres a\u00f1os. De esta manera, la Provincia adhiri\u00f3 a la declaraci\u00f3n de emergencia dispuesta por el Ministerio de Seguridad de la Naci\u00f3n por resoluci\u00f3n del 17 [&hellip;]<\/p>\n","protected":false},"author":1,"featured_media":56062,"comment_status":"closed","ping_status":"closed","sticky":false,"template":"","format":"standard","meta":[],"categories":[14],"tags":[],"_links":{"self":[{"href":"http:\/\/nuevacordoba.net\/index.php\/wp-json\/wp\/v2\/posts\/56061"}],"collection":[{"href":"http:\/\/nuevacordoba.net\/index.php\/wp-json\/wp\/v2\/posts"}],"about":[{"href":"http:\/\/nuevacordoba.net\/index.php\/wp-json\/wp\/v2\/types\/post"}],"author":[{"embeddable":true,"href":"http:\/\/nuevacordoba.net\/index.php\/wp-json\/wp\/v2\/users\/1"}],"replies":[{"embeddable":true,"href":"http:\/\/nuevacordoba.net\/index.php\/wp-json\/wp\/v2\/comments?post=56061"}],"version-history":[{"count":0,"href":"http:\/\/nuevacordoba.net\/index.php\/wp-json\/wp\/v2\/posts\/56061\/revisions"}],"wp:featuredmedia":[{"embeddable":true,"href":"http:\/\/nuevacordoba.net\/index.php\/wp-json\/wp\/v2\/media\/56062"}],"wp:attachment":[{"href":"http:\/\/nuevacordoba.net\/index.php\/wp-json\/wp\/v2\/media?parent=56061"}],"wp:term":[{"taxonomy":"category","embeddable":true,"href":"http:\/\/nuevacordoba.net\/index.php\/wp-json\/wp\/v2\/categories?post=56061"},{"taxonomy":"post_tag","embeddable":true,"href":"http:\/\/nuevacordoba.net\/index.php\/wp-json\/wp\/v2\/tags?post=56061"}],"curies":[{"name":"wp","href":"https:\/\/api.w.org\/{rel}","templated":true}]}}