{"id":56071,"date":"2025-04-15T17:00:28","date_gmt":"2025-04-15T17:00:28","guid":{"rendered":"https:\/\/puntoapunto.com.ar\/?p=372121"},"modified":"2025-04-15T17:00:28","modified_gmt":"2025-04-15T17:00:28","slug":"retenciones-gutierrez-cruzo-a-milei-y-presento-un-proyecto-para-frenarlas","status":"publish","type":"post","link":"http:\/\/nuevacordoba.net\/index.php\/2025\/04\/15\/retenciones-gutierrez-cruzo-a-milei-y-presento-un-proyecto-para-frenarlas\/","title":{"rendered":"Retenciones: Guti\u00e9rrez cruz\u00f3 a Milei y present\u00f3 un proyecto para frenarlas"},"content":{"rendered":"<p>&nbsp;<!-- \u00a1O bien no hay banners, estan desactivados o no estan programados para esta ubicaci\u00f3n! -->\n<\/p>\n<p>&nbsp;\n<\/p>\n<p><span><strong>Redacci\u00f3n Perfil C\u00f3rdoba.<\/strong> <\/span><span>Horas despu\u00e9s de que Javier Milei se refiriera a la quita de la rebaja temporaria sobre los derechos de exportaci\u00f3n para cereales y oleaginosas en junio, el diputado Carlos Guti\u00e9rrez present\u00f3 un proyecto para impedirlo. El referente del cordobesismo acus\u00f3 al Presidente de ejercer \u201cun apriete muy burdo\u201d y denunci\u00f3 que el Gobierno \u201cdisfraza una devaluaci\u00f3n\u201d mientras promete estabilidad.<\/span>\n<\/p>\n<p><b>Guti\u00e9rrez y el cruce con Milei por el agro. <\/b><span>\u201cEstamos cansados ya de que haya gobiernos que han prometido la baja de retenciones, no lo han cumplido, otros las bajaron y las restauraron nuevamente\u201d, plante\u00f3. Seg\u00fan explic\u00f3, el nuevo proyecto fue presentado junto a la diputada<\/span><a href=\"https:\/\/www.perfil.com\/noticias\/cordoba\/alejandra-torres-basta-de-castigar-al-campo.phtml\"> <span>Alejandra Torres<\/span><\/a><span> y apunta a bloquear el restablecimiento de retenciones previsto para junio. \u201cNo deja sin efecto el resto de los proyectos que van al fondo de la cuesti\u00f3n, pero atiende a esta circunstancia que ha sido complicada por estas manifestaciones del Presidente\u201d, agreg\u00f3.<\/span>\n<\/p>\n<p><span>La declaraci\u00f3n de Milei \u2014<\/span><a href=\"https:\/\/www.perfil.com\/noticias\/economia\/javier-milei-lanzo-una-advertencia-al-campo-liquiden-porque-en-junio-vuelven-las-retenciones.phtml\"><span>quien record\u00f3 que las retenciones volver\u00e1n si no hay una fuerte liquidaci\u00f3n de divisas<\/span><\/a><span>\u2014 fue calificada por Guti\u00e9rrez como un gesto autoritario: \u201cBueno, no cabe duda que es un apriete, pero un apriete muy burdo\u201d, afirm\u00f3 en di\u00e1logo con<strong> Punto y Aparte, Punto a Punto Radio (90.7).<\/strong> Y subray\u00f3: \u201cLo que el campo necesita como cualquier actor econ\u00f3mico es previsibilidad, entre otras cosas\u201d.<\/span><!-- \u00a1O bien no hay banners, estan desactivados o no estan programados para esta ubicaci\u00f3n! -->\n<\/p>\n<p><b>Cr\u00edticas a la pol\u00edtica econ\u00f3mica y la devaluaci\u00f3n. <\/b><span>En ese marco, tambi\u00e9n reiter\u00f3 su diagn\u00f3stico sobre el rumbo econ\u00f3mico: \u201cEsto no se puede negar de que es una devaluaci\u00f3n. Lo es de ac\u00e1 a la China y por eso yo lo he manifestado\u201d, asegur\u00f3, al tiempo que cuestion\u00f3 la estrategia fiscal del Ejecutivo: \u201cSe ha sentado sobre la caja, no le manda un peso a nadie, no le paga a nadie, clausura todo.\u201d<\/span><\/p>\n<p><b>El caso Libra y el rol del Congreso. <\/b><span>Adem\u00e1s, Guti\u00e9rrez se refiri\u00f3 al debate en torno a la comisi\u00f3n investigadora del caso $Libra. \u201c<\/span><a href=\"https:\/\/www.perfil.com\/noticias\/cordoba\/comision-investigadora-de-libra-como-votaron-los-diputados-cordobeses.phtml\"><span>Fuimos uno de los pocos que la votamos en contra<\/span><\/a><span>. La comisi\u00f3n muy probablemente no sirva para nada, como tantas otras comisiones\u201d, se\u00f1al\u00f3. Y remarc\u00f3 que \u201csi insistimos con la justicia, all\u00ed s\u00ed es muy importante lo que vamos a tener\u201d, en referencia a la requisitoria parlamentaria que espera la comparecencia de funcionarios como el jefe de Gabinete y el titular de la CNV.<\/span>\n<\/p>\n<div class=\"g g-38\">\n<div class=\"g-dyn a-12 c-1\"><a class=\"gofollow\" data-track=\"MTIsMzgsMSw2MA==\" href=\"https:\/\/www.farmaciashpfarma.com.ar\/blog\/institucional\/beneficios-corporativos-en-campana-antigripal.html\" target=\"_blank\" rel=\"noopener\"><img src=\"http:\/\/nuevacordoba.net\/wp-content\/uploads\/2025\/04\/retenciones-gutierrez-cruzo-a-milei-y-presento-un-proyecto-para-frenarlas.jpg\" loading=\"lazy\"><\/a><\/div>\n<\/div>\n","protected":false},"excerpt":{"rendered":"<p>&nbsp; &nbsp; Redacci\u00f3n Perfil C\u00f3rdoba. Horas despu\u00e9s de que Javier Milei se refiriera a la quita de la rebaja temporaria sobre los derechos de exportaci\u00f3n para cereales y oleaginosas en junio, el diputado Carlos Guti\u00e9rrez present\u00f3 un proyecto para impedirlo. El referente del cordobesismo acus\u00f3 al Presidente de ejercer \u201cun apriete muy burdo\u201d y denunci\u00f3 [&hellip;]<\/p>\n","protected":false},"author":1,"featured_media":56072,"comment_status":"open","ping_status":"closed","sticky":false,"template":"","format":"standard","meta":[],"categories":[14],"tags":[],"_links":{"self":[{"href":"http:\/\/nuevacordoba.net\/index.php\/wp-json\/wp\/v2\/posts\/56071"}],"collection":[{"href":"http:\/\/nuevacordoba.net\/index.php\/wp-json\/wp\/v2\/posts"}],"about":[{"href":"http:\/\/nuevacordoba.net\/index.php\/wp-json\/wp\/v2\/types\/post"}],"author":[{"embeddable":true,"href":"http:\/\/nuevacordoba.net\/index.php\/wp-json\/wp\/v2\/users\/1"}],"replies":[{"embeddable":true,"href":"http:\/\/nuevacordoba.net\/index.php\/wp-json\/wp\/v2\/comments?post=56071"}],"version-history":[{"count":0,"href":"http:\/\/nuevacordoba.net\/index.php\/wp-json\/wp\/v2\/posts\/56071\/revisions"}],"wp:featuredmedia":[{"embeddable":true,"href":"http:\/\/nuevacordoba.net\/index.php\/wp-json\/wp\/v2\/media\/56072"}],"wp:attachment":[{"href":"http:\/\/nuevacordoba.net\/index.php\/wp-json\/wp\/v2\/media?parent=56071"}],"wp:term":[{"taxonomy":"category","embeddable":true,"href":"http:\/\/nuevacordoba.net\/index.php\/wp-json\/wp\/v2\/categories?post=56071"},{"taxonomy":"post_tag","embeddable":true,"href":"http:\/\/nuevacordoba.net\/index.php\/wp-json\/wp\/v2\/tags?post=56071"}],"curies":[{"name":"wp","href":"https:\/\/api.w.org\/{rel}","templated":true}]}}