{"id":56107,"date":"2025-04-16T14:03:57","date_gmt":"2025-04-16T14:03:57","guid":{"rendered":"http:\/\/cordobanewsnet.wordpress.com\/?p=12766"},"modified":"2025-04-16T14:03:57","modified_gmt":"2025-04-16T14:03:57","slug":"la-semana-santa-tendria-lluvias-en-cordoba-que-dice-el-pronostico","status":"publish","type":"post","link":"http:\/\/nuevacordoba.net\/index.php\/2025\/04\/16\/la-semana-santa-tendria-lluvias-en-cordoba-que-dice-el-pronostico\/","title":{"rendered":"La Semana Santa tendr\u00eda lluvias en C\u00f3rdoba: qu\u00e9 dice el pron\u00f3stico"},"content":{"rendered":"<p>Las condiciones sufren cambios por estos d\u00edas en la provincia. D\u00eda por d\u00eda, lo que hay que saber.<\/p>\n<p>En lo alto predomina el color gris. Y por lo pronto, dicha cuesti\u00f3n no cambiar\u00eda.<\/p>\n<p>Las condiciones del tiempo tienen por estos d\u00edas un cielo \u201cmayormente nublado\u201d en tierras cordobesas.<\/p>\n<p>Este mi\u00e9rcoles, por caso, con vientos apenas regulares llegando del norte, y una m\u00e1xima de 23 grados: \u201cun oto\u00f1o low cost\u201d.<\/p>\n<p>Con una escasa amplitud t\u00e9rmica, la cuesti\u00f3n sigue en la misma l\u00ednea el jueves, aunque con el mercurio unos puntos elevados.<\/p>\n<p>Sin embargo, a la humedad reinante se le suma un plus de inestabilidad el viernes.<\/p>\n<p>De acuerdo a las previsiones, desde el centro de la provincia en adelante podr\u00eda haber \u201ctormentas aisladas\u201d.<\/p>\n<p>Sin que las marcas experimenten grandes cambios, se esperan lluvias durante todo el d\u00eda y un giro hacia el sur en los vientos.<\/p>\n<p>En la visi\u00f3n extendida, el fin de semana el sol podr\u00eda contar con algunas apariciones.<\/p>\n<figure class=\"wp-block-image size-large\"><img loading=\"lazy\" data-attachment-id=\"12767\" data-permalink=\"https:\/\/cordobanewsnet.wordpress.com\/2025\/04\/16\/la-semana-santa-tendria-lluvias-en-cordoba-que-dice-el-pronostico\/image-672\/\" data-orig-file=\"http:\/\/nuevacordoba.net\/wp-content\/uploads\/2025\/04\/la-semana-santa-tendria-lluvias-en-cordoba-que-dice-el-pronostico-4.png\" data-orig-size=\"1275,720\" data-comments-opened=\"1\" data-image-meta=\"{&quot;aperture&quot;:&quot;0&quot;,&quot;credit&quot;:&quot;&quot;,&quot;camera&quot;:&quot;&quot;,&quot;caption&quot;:&quot;&quot;,&quot;created_timestamp&quot;:&quot;0&quot;,&quot;copyright&quot;:&quot;&quot;,&quot;focal_length&quot;:&quot;0&quot;,&quot;iso&quot;:&quot;0&quot;,&quot;shutter_speed&quot;:&quot;0&quot;,&quot;title&quot;:&quot;&quot;,&quot;orientation&quot;:&quot;0&quot;}\" data-image-title=\"image\" data-image-description data-image-caption data-medium-file=\"http:\/\/nuevacordoba.net\/wp-content\/uploads\/2025\/04\/la-semana-santa-tendria-lluvias-en-cordoba-que-dice-el-pronostico-2.png\" data-large-file=\"http:\/\/nuevacordoba.net\/wp-content\/uploads\/2025\/04\/la-semana-santa-tendria-lluvias-en-cordoba-que-dice-el-pronostico-4.png?w=736\" width=\"1024\" height=\"578\" src=\"http:\/\/nuevacordoba.net\/wp-content\/uploads\/2025\/04\/la-semana-santa-tendria-lluvias-en-cordoba-que-dice-el-pronostico.png\" alt class=\"wp-image-12767\" srcset=\"http:\/\/nuevacordoba.net\/wp-content\/uploads\/2025\/04\/la-semana-santa-tendria-lluvias-en-cordoba-que-dice-el-pronostico.png 1024w, http:\/\/nuevacordoba.net\/wp-content\/uploads\/2025\/04\/la-semana-santa-tendria-lluvias-en-cordoba-que-dice-el-pronostico-1.png 150w, http:\/\/nuevacordoba.net\/wp-content\/uploads\/2025\/04\/la-semana-santa-tendria-lluvias-en-cordoba-que-dice-el-pronostico-2.png 300w, http:\/\/nuevacordoba.net\/wp-content\/uploads\/2025\/04\/la-semana-santa-tendria-lluvias-en-cordoba-que-dice-el-pronostico-3.png 768w, http:\/\/nuevacordoba.net\/wp-content\/uploads\/2025\/04\/la-semana-santa-tendria-lluvias-en-cordoba-que-dice-el-pronostico-4.png 1275w\" sizes=\"(max-width: 1024px) 100vw, 1024px\"><\/figure>\n<p>Fuente : Cba24n C\u00f3rdoba Argentina<\/p>\n<p><span id=\"wordads-inline-marker\"><\/span><\/p>\n<div id=\"jp-post-flair\" class=\"sharedaddy sd-like-enabled sd-sharing-enabled\">\n<div class=\"sharedaddy sd-sharing-enabled\">\n<div class=\"robots-nocontent sd-block sd-social sd-social-icon-text sd-sharing\">\n<h3 class=\"sd-title\">Comparte esto:<\/h3>\n<\/div>\n<\/div>\n<div class=\"sharedaddy sd-block sd-like jetpack-likes-widget-wrapper jetpack-likes-widget-unloaded\" id=\"like-post-wrapper-143108178-12766-680089c4431a3\" data-src=\"\/\/widgets.wp.com\/likes\/index.html?ver=20250417#blog_id=143108178&amp;post_id=12766&amp;origin=cordobanewsnet.wordpress.com&amp;obj_id=143108178-12766-680089c4431a3\" data-name=\"like-post-frame-143108178-12766-680089c4431a3\" data-title=\"Me gusta o Compartir\">\n<p><span class=\"button\"><span>Me gusta<\/span><\/span> <span class=\"loading\">Cargando&#8230;<\/span><\/p>\n<p><span class=\"sd-text-color\"><\/span><\/div>\n<p><h3 class=\"jp-relatedposts-headline\"><em>Relacionado<\/em><\/h3>\n<\/p>\n<\/div>\n","protected":false},"excerpt":{"rendered":"<p>Las condiciones sufren cambios por estos d\u00edas en la provincia. D\u00eda por d\u00eda, lo que hay que saber. En lo alto predomina el color gris. Y por lo pronto, dicha cuesti\u00f3n no cambiar\u00eda. Las condiciones del tiempo tienen por estos d\u00edas un cielo \u201cmayormente nublado\u201d en tierras cordobesas. Este mi\u00e9rcoles, por caso, con vientos apenas [&hellip;]<\/p>\n","protected":false},"author":1,"featured_media":56108,"comment_status":"closed","ping_status":"closed","sticky":false,"template":"","format":"standard","meta":[],"categories":[14],"tags":[],"_links":{"self":[{"href":"http:\/\/nuevacordoba.net\/index.php\/wp-json\/wp\/v2\/posts\/56107"}],"collection":[{"href":"http:\/\/nuevacordoba.net\/index.php\/wp-json\/wp\/v2\/posts"}],"about":[{"href":"http:\/\/nuevacordoba.net\/index.php\/wp-json\/wp\/v2\/types\/post"}],"author":[{"embeddable":true,"href":"http:\/\/nuevacordoba.net\/index.php\/wp-json\/wp\/v2\/users\/1"}],"replies":[{"embeddable":true,"href":"http:\/\/nuevacordoba.net\/index.php\/wp-json\/wp\/v2\/comments?post=56107"}],"version-history":[{"count":0,"href":"http:\/\/nuevacordoba.net\/index.php\/wp-json\/wp\/v2\/posts\/56107\/revisions"}],"wp:featuredmedia":[{"embeddable":true,"href":"http:\/\/nuevacordoba.net\/index.php\/wp-json\/wp\/v2\/media\/56108"}],"wp:attachment":[{"href":"http:\/\/nuevacordoba.net\/index.php\/wp-json\/wp\/v2\/media?parent=56107"}],"wp:term":[{"taxonomy":"category","embeddable":true,"href":"http:\/\/nuevacordoba.net\/index.php\/wp-json\/wp\/v2\/categories?post=56107"},{"taxonomy":"post_tag","embeddable":true,"href":"http:\/\/nuevacordoba.net\/index.php\/wp-json\/wp\/v2\/tags?post=56107"}],"curies":[{"name":"wp","href":"https:\/\/api.w.org\/{rel}","templated":true}]}}