{"id":56278,"date":"2025-04-21T09:45:52","date_gmt":"2025-04-21T09:45:52","guid":{"rendered":"https:\/\/puntoapunto.com.ar\/?p=372226"},"modified":"2025-04-21T09:45:52","modified_gmt":"2025-04-21T09:45:52","slug":"murio-francisco-el-papa-argentino-que-dejo-su-marca-en-la-iglesia-catolica","status":"publish","type":"post","link":"http:\/\/nuevacordoba.net\/index.php\/2025\/04\/21\/murio-francisco-el-papa-argentino-que-dejo-su-marca-en-la-iglesia-catolica\/","title":{"rendered":"Muri\u00f3 Francisco, el Papa argentino que dej\u00f3 su marca en la Iglesia cat\u00f3lica"},"content":{"rendered":"<p>&nbsp;<!-- \u00a1O bien no hay banners, estan desactivados o no estan programados para esta ubicaci\u00f3n! -->\n<\/p>\n<p>&nbsp;\n<\/p>\n<p><strong>El papa Francisco falleci\u00f3 este lunes a los 88 a\u00f1os<\/strong>, seg\u00fan anunci\u00f3 el cardenal Kevin Farrell,<br \/>camarlengo del Vaticano.\n<\/p>\n<p><i>\u00abQueridos hermanos y hermanas, con profundo dolor debo anunciar el fallecimiento de nuestro Santo Padre Francisco. A las 7:35 de esta ma\u00f1ana, el Obispo de Roma, Francisco, regres\u00f3 a la casa del Padre\u00bb<\/i>, se\u00f1al\u00f3 en un comunicado.\n<\/p>\n<p>Asimismo, a\u00f1adi\u00f3:<i>&nbsp;\u00abToda su vida estuvo dedicada al servicio del Se\u00f1or y de Su Iglesia. Nos ense\u00f1\u00f3 a vivir los valores del Evangelio con fidelidad, valent\u00eda y amor universal, especialmente en favor de los m\u00e1s pobres y marginados\u00bb.<\/i><!-- \u00a1O bien no hay banners, estan desactivados o no estan programados para esta ubicaci\u00f3n! -->\n<\/p>\n<p><i>\u00abCon inmensa gratitud por su ejemplo de verdadero disc\u00edpulo del Se\u00f1or Jes\u00fas, encomendamos el alma del Papa Francisco al infinito amor misericordioso del Dios Uno y Trino\u00bb,<\/i>&nbsp;culmin\u00f3.<\/p>\n<p>Tras la muerte del papa Francisco,&nbsp;<strong>el Vaticano activ\u00f3 autom\u00e1ticamente el protocolo \u00abSede Vacante\u00bb<\/strong>, como parte de un proceso que finaliza con la elecci\u00f3n de un nuevo Pont\u00edfice.\n<\/p>\n<p>El primer paso tras el fallecimiento es que el camarlengo, que preside la C\u00e1mara Apost\u00f3lica, confirma su muerte y sella el lugar donde ocurri\u00f3.\n<\/p>\n<p>En este caso,&nbsp;<strong>el Vaticano suspende todo tipo de audiencias y comienza a organizar el funeral<\/strong>, que se lleva a cabo entre el cuarto y sexto d\u00eda posterior al fallecimiento.\n<\/p>\n<p>En el mientras tanto, el Colegio Cardenalicio asume la administraci\u00f3n temporal de la Iglesia cat\u00f3lica hasta que todos los cardenales se re\u00fanan en un c\u00f3nclave.\n<\/p>\n<p>En esa reuni\u00f3n definen al sucesor del Sumo Pont\u00edfice, y la misma se realiza entre los siguientes 15 y 20 d\u00edas despu\u00e9s de la muerte.\n<\/p>\n<p><strong>Los cardenales menores de 80 a\u00f1os votan en la Capilla Sixtina&nbsp;<\/strong>hasta alcanzar los dos tercios necesarios para definir un nuevo Papa.\n<\/p>\n<p>La elecci\u00f3n de un l\u00edder se da a conocer una vez que el famoso humo blanco sale de la chimenea de la Capilla Sixtina.\n<\/p>\n<p><strong>Una vez que el nuevo Papa acepta el cargo y elige un nombre, se lo proclama ante la Plaza San Pedro.<\/strong>\n<\/p>\n<p>Luego sale balc\u00f3n de la Bas\u00edlica de San Pedro y da su primera bendici\u00f3n Urbi et Orbi (del lat\u00edn \u00abA la ciudad de Roma y al mundo\u00bb), dando as\u00ed el comienzo de un nuevo ciclo en la Iglesia cat\u00f3lica.\n<\/p>\n<div class=\"g g-38\">\n<div class=\"g-dyn a-12 c-1\"><a class=\"gofollow\" data-track=\"MTIsMzgsMSw2MA==\" href=\"https:\/\/www.farmaciashpfarma.com.ar\/blog\/institucional\/beneficios-corporativos-en-campana-antigripal.html\" target=\"_blank\" rel=\"noopener\"><img src=\"http:\/\/nuevacordoba.net\/wp-content\/uploads\/2025\/04\/murio-francisco-el-papa-argentino-que-dejo-su-marca-en-la-iglesia-catolica.jpg\" loading=\"lazy\"><\/a><\/div>\n<\/div>\n","protected":false},"excerpt":{"rendered":"<p>&nbsp; &nbsp; El papa Francisco falleci\u00f3 este lunes a los 88 a\u00f1os, seg\u00fan anunci\u00f3 el cardenal Kevin Farrell,camarlengo del Vaticano. \u00abQueridos hermanos y hermanas, con profundo dolor debo anunciar el fallecimiento de nuestro Santo Padre Francisco. A las 7:35 de esta ma\u00f1ana, el Obispo de Roma, Francisco, regres\u00f3 a la casa del Padre\u00bb, se\u00f1al\u00f3 en [&hellip;]<\/p>\n","protected":false},"author":1,"featured_media":56279,"comment_status":"open","ping_status":"closed","sticky":false,"template":"","format":"standard","meta":[],"categories":[12,14],"tags":[],"_links":{"self":[{"href":"http:\/\/nuevacordoba.net\/index.php\/wp-json\/wp\/v2\/posts\/56278"}],"collection":[{"href":"http:\/\/nuevacordoba.net\/index.php\/wp-json\/wp\/v2\/posts"}],"about":[{"href":"http:\/\/nuevacordoba.net\/index.php\/wp-json\/wp\/v2\/types\/post"}],"author":[{"embeddable":true,"href":"http:\/\/nuevacordoba.net\/index.php\/wp-json\/wp\/v2\/users\/1"}],"replies":[{"embeddable":true,"href":"http:\/\/nuevacordoba.net\/index.php\/wp-json\/wp\/v2\/comments?post=56278"}],"version-history":[{"count":0,"href":"http:\/\/nuevacordoba.net\/index.php\/wp-json\/wp\/v2\/posts\/56278\/revisions"}],"wp:featuredmedia":[{"embeddable":true,"href":"http:\/\/nuevacordoba.net\/index.php\/wp-json\/wp\/v2\/media\/56279"}],"wp:attachment":[{"href":"http:\/\/nuevacordoba.net\/index.php\/wp-json\/wp\/v2\/media?parent=56278"}],"wp:term":[{"taxonomy":"category","embeddable":true,"href":"http:\/\/nuevacordoba.net\/index.php\/wp-json\/wp\/v2\/categories?post=56278"},{"taxonomy":"post_tag","embeddable":true,"href":"http:\/\/nuevacordoba.net\/index.php\/wp-json\/wp\/v2\/tags?post=56278"}],"curies":[{"name":"wp","href":"https:\/\/api.w.org\/{rel}","templated":true}]}}