{"id":56306,"date":"2025-04-22T03:03:09","date_gmt":"2025-04-22T03:03:09","guid":{"rendered":"https:\/\/puntoapunto.com.ar\/?p=372234"},"modified":"2025-04-22T03:03:09","modified_gmt":"2025-04-22T03:03:09","slug":"mas-empleo-menos-calidad-crece-el-trabajo-informal-y-la-brecha-salarial-en-argentina","status":"publish","type":"post","link":"http:\/\/nuevacordoba.net\/index.php\/2025\/04\/22\/mas-empleo-menos-calidad-crece-el-trabajo-informal-y-la-brecha-salarial-en-argentina\/","title":{"rendered":"M\u00e1s empleo, menos calidad: crece el trabajo informal y la brecha salarial en Argentina"},"content":{"rendered":"<p class data-start=\"235\" data-end=\"580\"><strong data-start=\"235\" data-end=\"283\">\u00bfSe est\u00e1 contratando m\u00e1s gente en Argentina?<\/strong> S\u00ed, pero con matices. El empleo creci\u00f3 desde la salida de la pandemia, pero lo hizo empujado por la informalidad y con fuertes desequilibrios entre regiones y sectores. As\u00ed lo revela un informe del economista Salvador Di St\u00e9fano, que analiza los datos m\u00e1s recientes del mercado laboral argentino.<!-- \u00a1O bien no hay banners, estan desactivados o no estan programados para esta ubicaci\u00f3n! -->\n<\/p>\n<p class data-start=\"582\" data-end=\"958\">Seg\u00fan cifras del INDEC, hoy en Argentina hay <strong data-start=\"627\" data-end=\"660\">22,3 millones de trabajadores<\/strong>, de los cuales solo <strong data-start=\"681\" data-end=\"739\">7,3 millones tienen empleo formal en el sector privado<\/strong>. A esto se suman <strong data-start=\"757\" data-end=\"794\">3,8 millones en el sector p\u00fablico<\/strong> y un n\u00famero alarmante: <strong data-start=\"818\" data-end=\"862\">11,2 millones de trabajadores informales<\/strong>. Entre estos \u00faltimos, 5,6 millones son asalariados en negro y 5,7 millones son cuentapropistas.\n<\/p>\n<p class data-start=\"960\" data-end=\"1134\">Este panorama muestra que <strong data-start=\"986\" data-end=\"1022\">la precarizaci\u00f3n laboral aument\u00f3<\/strong> en los \u00faltimos a\u00f1os: en 2016, el empleo registrado representaba el 53% del total, y hoy ese n\u00famero cay\u00f3 al 50%.\n<\/p>\n<p data-start=\"1136\" data-end=\"1175\"><strong>Crece el empleo, pero no la calidad<\/strong>\n<\/p>\n<p class data-start=\"1177\" data-end=\"1372\">Desde 2021, el empleo total creci\u00f3 un <strong data-start=\"1215\" data-end=\"1223\">8,3%<\/strong>, pero <strong data-start=\"1230\" data-end=\"1272\">la informalidad lidera ese crecimiento<\/strong>. El empleo formal avanz\u00f3 solo un 4,8%, mientras que el empleo asalariado informal lo hizo un 19,5%.<!-- \u00a1O bien no hay banners, estan desactivados o no estan programados para esta ubicaci\u00f3n! -->\n<\/p>\n<p class data-start=\"1374\" data-end=\"1636\">Esto se refleja tambi\u00e9n en la participaci\u00f3n de los salarios en la econom\u00eda. En 2021, las remuneraciones representaban el <strong data-start=\"1495\" data-end=\"1512\">37,1% del PBI<\/strong>, y hoy bajaron al <strong data-start=\"1531\" data-end=\"1538\">32%<\/strong>. Es decir, aunque hay m\u00e1s personas trabajando, los ingresos pierden peso en la econom\u00eda nacional.<\/p>\n<p data-start=\"1374\" data-end=\"1636\"><img decoding=\"async\" class=\"aligncenter size-full wp-image-371538\" src=\"http:\/\/nuevacordoba.net\/wp-content\/uploads\/2025\/04\/mas-empleo-menos-calidad-crece-el-trabajo-informal-y-la-brecha-salarial-en-argentina.jpg\" alt width=\"1024\" height=\"659\" srcset=\"http:\/\/nuevacordoba.net\/wp-content\/uploads\/2025\/04\/mas-empleo-menos-calidad-crece-el-trabajo-informal-y-la-brecha-salarial-en-argentina.jpg 1024w, http:\/\/nuevacordoba.net\/wp-content\/uploads\/2025\/04\/mas-empleo-menos-calidad-crece-el-trabajo-informal-y-la-brecha-salarial-en-argentina-2.jpg 300w, http:\/\/nuevacordoba.net\/wp-content\/uploads\/2025\/04\/mas-empleo-menos-calidad-crece-el-trabajo-informal-y-la-brecha-salarial-en-argentina-3.jpg 768w, http:\/\/nuevacordoba.net\/wp-content\/uploads\/2025\/04\/mas-empleo-menos-calidad-crece-el-trabajo-informal-y-la-brecha-salarial-en-argentina-4.jpg 750w\" sizes=\"(max-width: 1024px) 100vw, 1024px\" loading=\"lazy\">\n<\/p>\n<p data-start=\"1638\" data-end=\"1680\"><strong>Buenos Aires concentra la recuperaci\u00f3n<\/strong>\n<\/p>\n<p class data-start=\"1682\" data-end=\"1959\">El an\u00e1lisis geoespacial tambi\u00e9n evidencia diferencias importantes. La mayor creaci\u00f3n de empleo se concentr\u00f3 en el Gran Buenos Aires, que sum\u00f3 <strong data-start=\"1824\" data-end=\"1855\">561.000 nuevos trabajadores<\/strong> (74.000 en CABA y 487.000 en el conurbano). En el resto del pa\u00eds, el empleo creci\u00f3 en 392.000 personas.\n<\/p>\n<p class data-start=\"1961\" data-end=\"2100\">La <strong data-start=\"1964\" data-end=\"1982\">tasa de <a href=\"https:\/\/puntoapunto.com.ar\/empleo-que-es-lo-que-valoran-mas-los-trabajadores-argentinos\/\">empleo<\/a><\/strong> tambi\u00e9n subi\u00f3 m\u00e1s en esta regi\u00f3n: pas\u00f3 del 44,1% al 46,4%, mientras que en el resto del pa\u00eds creci\u00f3 del 43% al 44,8%.\n<\/p>\n<p class data-start=\"2102\" data-end=\"2229\">\u201cPersisten los desbalances regionales. Si no se revierten, el proyecto de federalizaci\u00f3n queda en riesgo\u201d, advierte <a href=\"https:\/\/www.salvadordistefano.com.ar\/inicio\">Di St\u00e9fano<\/a>.\n<\/p>\n<p data-start=\"2231\" data-end=\"2253\"><strong>\u00bfQui\u00e9n paga mejor?<\/strong>\n<\/p>\n<p class data-start=\"2255\" data-end=\"2389\">Aunque el comercio, la industria manufacturera y la ense\u00f1anza concentran el <strong data-start=\"2331\" data-end=\"2351\">38,8% del empleo<\/strong>, no son los sectores que mejor pagan.\n<\/p>\n<p class data-start=\"2391\" data-end=\"2682\">Los mejores salarios se encuentran en sectores con <strong data-start=\"2442\" data-end=\"2492\">baja demanda laboral pero alta especializaci\u00f3n<\/strong>, como la <strong data-start=\"2502\" data-end=\"2513\">miner\u00eda<\/strong>, que lidera el ranking con sueldos promedio de <strong data-start=\"2561\" data-end=\"2588\">$5,1 millones mensuales<\/strong>. Le siguen la pesca y la intermediaci\u00f3n financiera, con promedios cercanos a los $3 millones.\n<\/p>\n<p class data-start=\"2684\" data-end=\"2894\">En el otro extremo est\u00e1n sectores como <strong data-start=\"2723\" data-end=\"2796\">servicios dom\u00e9sticos, construcci\u00f3n, hoteler\u00eda, agricultura y comercio<\/strong>, donde los sueldos promedian <strong data-start=\"2826\" data-end=\"2848\">$424.000 mensuales<\/strong>, es decir, <strong data-start=\"2860\" data-end=\"2893\">12 veces menos que en miner\u00eda<\/strong>.\n<\/p>\n<p class data-start=\"2896\" data-end=\"3104\">\u201cEl sector minero solo emplea al 0,5% de la poblaci\u00f3n pero representa el 4% del PBI. Como opera en regiones alejadas y escasea la mano de obra calificada, la puja salarial es alt\u00edsima\u201d, explica el economista.\n<\/p>\n<p class data-start=\"3106\" data-end=\"3216\">En cambio, en el comercio y otros servicios urbanos, el exceso de oferta laboral tira los sueldos hacia abajo.\n<\/p>\n<p data-start=\"3106\" data-end=\"3216\"><img loading=\"lazy\" decoding=\"async\" class=\"aligncenter wp-image-372235\" src=\"http:\/\/nuevacordoba.net\/wp-content\/uploads\/2025\/04\/mas-empleo-menos-calidad-crece-el-trabajo-informal-y-la-brecha-salarial-en-argentina.png\" alt width=\"518\" height=\"523\" srcset=\"http:\/\/nuevacordoba.net\/wp-content\/uploads\/2025\/04\/mas-empleo-menos-calidad-crece-el-trabajo-informal-y-la-brecha-salarial-en-argentina.png 410w, http:\/\/nuevacordoba.net\/wp-content\/uploads\/2025\/04\/mas-empleo-menos-calidad-crece-el-trabajo-informal-y-la-brecha-salarial-en-argentina-1.png 297w, http:\/\/nuevacordoba.net\/wp-content\/uploads\/2025\/04\/mas-empleo-menos-calidad-crece-el-trabajo-informal-y-la-brecha-salarial-en-argentina-2.png 150w, http:\/\/nuevacordoba.net\/wp-content\/uploads\/2025\/04\/mas-empleo-menos-calidad-crece-el-trabajo-informal-y-la-brecha-salarial-en-argentina-3.png 75w\" sizes=\"auto, (max-width: 518px) 100vw, 518px\">\n<\/p>\n<p data-start=\"3218\" data-end=\"3270\"><strong>El problema de fondo: descoordinaci\u00f3n geogr\u00e1fica<\/strong>\n<\/p>\n<p class data-start=\"3272\" data-end=\"3517\">El gran desaf\u00edo del empleo en Argentina es la <strong data-start=\"3318\" data-end=\"3348\">descoordinaci\u00f3n geogr\u00e1fica<\/strong>. Las oportunidades est\u00e1n desbalanceadas: hay regiones con empleos mal pagos y saturaci\u00f3n de trabajadores, y otras con salarios altos pero escasa oferta de mano de obra.\n<\/p>\n<p class data-start=\"3519\" data-end=\"3926\">Para corregir esto, Di St\u00e9fano propone <strong data-start=\"3558\" data-end=\"3646\">incentivar la inversi\u00f3n y la capacitaci\u00f3n en regiones alejadas del Gran Buenos Aires<\/strong>. Una se\u00f1al positiva es el impacto del <strong data-start=\"3685\" data-end=\"3742\">R\u00e9gimen de Incentivo a las Grandes Inversiones (RIGI)<\/strong>, que busca federalizar la econom\u00eda. Gracias a este esquema, regiones como la <strong data-start=\"3820\" data-end=\"3842\">Patagonia y el NOA<\/strong> ya muestran <strong data-start=\"3855\" data-end=\"3907\">tasas de crecimiento del empleo superiores al 8%<\/strong> entre 2021 y 2024.\n<\/p>\n<div class=\"g g-38\">\n<div class=\"g-dyn a-12 c-1\"><a class=\"gofollow\" data-track=\"MTIsMzgsMSw2MA==\" href=\"https:\/\/www.farmaciashpfarma.com.ar\/blog\/institucional\/beneficios-corporativos-en-campana-antigripal.html\" target=\"_blank\" rel=\"noopener\"><img src=\"http:\/\/nuevacordoba.net\/wp-content\/uploads\/2025\/04\/mas-empleo-menos-calidad-crece-el-trabajo-informal-y-la-brecha-salarial-en-argentina-1.jpg\" loading=\"lazy\"><\/a><\/div>\n<\/div>\n","protected":false},"excerpt":{"rendered":"<p>\u00bfSe est\u00e1 contratando m\u00e1s gente en Argentina? S\u00ed, pero con matices. El empleo creci\u00f3 desde la salida de la pandemia, pero lo hizo empujado por la informalidad y con fuertes desequilibrios entre regiones y sectores. As\u00ed lo revela un informe del economista Salvador Di St\u00e9fano, que analiza los datos m\u00e1s recientes del mercado laboral argentino. [&hellip;]<\/p>\n","protected":false},"author":1,"featured_media":56307,"comment_status":"open","ping_status":"closed","sticky":false,"template":"","format":"standard","meta":[],"categories":[14],"tags":[],"_links":{"self":[{"href":"http:\/\/nuevacordoba.net\/index.php\/wp-json\/wp\/v2\/posts\/56306"}],"collection":[{"href":"http:\/\/nuevacordoba.net\/index.php\/wp-json\/wp\/v2\/posts"}],"about":[{"href":"http:\/\/nuevacordoba.net\/index.php\/wp-json\/wp\/v2\/types\/post"}],"author":[{"embeddable":true,"href":"http:\/\/nuevacordoba.net\/index.php\/wp-json\/wp\/v2\/users\/1"}],"replies":[{"embeddable":true,"href":"http:\/\/nuevacordoba.net\/index.php\/wp-json\/wp\/v2\/comments?post=56306"}],"version-history":[{"count":0,"href":"http:\/\/nuevacordoba.net\/index.php\/wp-json\/wp\/v2\/posts\/56306\/revisions"}],"wp:featuredmedia":[{"embeddable":true,"href":"http:\/\/nuevacordoba.net\/index.php\/wp-json\/wp\/v2\/media\/56307"}],"wp:attachment":[{"href":"http:\/\/nuevacordoba.net\/index.php\/wp-json\/wp\/v2\/media?parent=56306"}],"wp:term":[{"taxonomy":"category","embeddable":true,"href":"http:\/\/nuevacordoba.net\/index.php\/wp-json\/wp\/v2\/categories?post=56306"},{"taxonomy":"post_tag","embeddable":true,"href":"http:\/\/nuevacordoba.net\/index.php\/wp-json\/wp\/v2\/tags?post=56306"}],"curies":[{"name":"wp","href":"https:\/\/api.w.org\/{rel}","templated":true}]}}