{"id":5782,"date":"2021-06-14T19:59:10","date_gmt":"2021-06-14T19:59:10","guid":{"rendered":"http:\/\/nuevacordoba.net\/index.php\/2021\/06\/14\/conmebol-promete-una-sorprendente-produccion-audiovisual-sobre-maradona\/"},"modified":"2021-06-14T19:59:10","modified_gmt":"2021-06-14T19:59:10","slug":"conmebol-promete-una-sorprendente-produccion-audiovisual-sobre-maradona","status":"publish","type":"post","link":"http:\/\/nuevacordoba.net\/index.php\/2021\/06\/14\/conmebol-promete-una-sorprendente-produccion-audiovisual-sobre-maradona\/","title":{"rendered":"Conmebol promete una \u00absorprendente producci\u00f3n audiovisual\u00bb sobre Maradona"},"content":{"rendered":"<div class=\"image\" id=\"image\"> <img src=\"http:\/\/nuevacordoba.net\/wp-content\/uploads\/2021\/06\/conmebol-promete-una-sorprendente-produccion-audiovisual-sobre-maradona.jpg\" alt title><\/div>\n<p>La Conmebol proyectar\u00e1 \u00abuna sorprendente producci\u00f3n audiovisual\u00bb sobre Diego Maradona antes del inicio del partido de este lunes a la tarde entre Argentina y Chile en el estadio Nilton Santos de R\u00edo de Janeiro, por el Grupo A de la Copa Am\u00e9rica, adelant\u00f3 en un comunicado.<\/p>\n<p>\u00abUn trabajo realizado en tiempo r\u00e9cord, que atraves\u00f3 cambios de locaci\u00f3n y diversos desaf\u00edos, pero siempre encarado con pasi\u00f3n y profesionalismo. Un show que combina sorprendentes recursos audiovisuales, m\u00fasica, tecnolog\u00eda y fuegos artificiales, para deleitar al p\u00fablico detr\u00e1s de las pantallas\u00bb promocion\u00f3.<\/p>\n<p>\u00abMaradona dej\u00f3 la vida terrenal, pero sus goles y gambetas quedar\u00e1n para la posteridad y ser\u00e1n un legado eterno para el f\u00fatbol sudamericano\u00bb, postul\u00f3 la entidad rectora del f\u00fatbol continental.<\/p>\n<p>Maradona, el deportista argentino m\u00e1s influyente de la historia, falleci\u00f3 el 25 de noviembre de 2020 a los 60 a\u00f1os a ra\u00edz de una descompensaci\u00f3n card\u00edaca, mientras permanec\u00eda con una internaci\u00f3n domiciliaria en una casa del barrio San Andr\u00e9s, partido bonaerense de Tigre. <\/p>\n","protected":false},"excerpt":{"rendered":"<p>La Conmebol proyectar\u00e1 \u00abuna sorprendente producci\u00f3n audiovisual\u00bb sobre Diego Maradona antes del inicio del partido de este lunes a la tarde entre Argentina y Chile en el estadio Nilton Santos de R\u00edo de Janeiro, por el Grupo A de la Copa Am\u00e9rica, adelant\u00f3 en un comunicado. \u00abUn trabajo realizado en tiempo r\u00e9cord, que atraves\u00f3 cambios [&hellip;]<\/p>\n","protected":false},"author":1,"featured_media":5783,"comment_status":"closed","ping_status":"closed","sticky":false,"template":"","format":"standard","meta":[],"categories":[10],"tags":[],"_links":{"self":[{"href":"http:\/\/nuevacordoba.net\/index.php\/wp-json\/wp\/v2\/posts\/5782"}],"collection":[{"href":"http:\/\/nuevacordoba.net\/index.php\/wp-json\/wp\/v2\/posts"}],"about":[{"href":"http:\/\/nuevacordoba.net\/index.php\/wp-json\/wp\/v2\/types\/post"}],"author":[{"embeddable":true,"href":"http:\/\/nuevacordoba.net\/index.php\/wp-json\/wp\/v2\/users\/1"}],"replies":[{"embeddable":true,"href":"http:\/\/nuevacordoba.net\/index.php\/wp-json\/wp\/v2\/comments?post=5782"}],"version-history":[{"count":0,"href":"http:\/\/nuevacordoba.net\/index.php\/wp-json\/wp\/v2\/posts\/5782\/revisions"}],"wp:featuredmedia":[{"embeddable":true,"href":"http:\/\/nuevacordoba.net\/index.php\/wp-json\/wp\/v2\/media\/5783"}],"wp:attachment":[{"href":"http:\/\/nuevacordoba.net\/index.php\/wp-json\/wp\/v2\/media?parent=5782"}],"wp:term":[{"taxonomy":"category","embeddable":true,"href":"http:\/\/nuevacordoba.net\/index.php\/wp-json\/wp\/v2\/categories?post=5782"},{"taxonomy":"post_tag","embeddable":true,"href":"http:\/\/nuevacordoba.net\/index.php\/wp-json\/wp\/v2\/tags?post=5782"}],"curies":[{"name":"wp","href":"https:\/\/api.w.org\/{rel}","templated":true}]}}