{"id":5784,"date":"2021-06-14T19:59:18","date_gmt":"2021-06-14T19:59:18","guid":{"rendered":"http:\/\/nuevacordoba.net\/index.php\/2021\/06\/14\/paulo-diaz-se-realiza-estudios-medicos-para-ver-si-puede-volver\/"},"modified":"2021-06-14T19:59:18","modified_gmt":"2021-06-14T19:59:18","slug":"paulo-diaz-se-realiza-estudios-medicos-para-ver-si-puede-volver","status":"publish","type":"post","link":"http:\/\/nuevacordoba.net\/index.php\/2021\/06\/14\/paulo-diaz-se-realiza-estudios-medicos-para-ver-si-puede-volver\/","title":{"rendered":"Paulo D\u00edaz se realiza estudios m\u00e9dicos para ver si puede volver"},"content":{"rendered":"<div class=\"image\" id=\"image\" readability=\"7\"> <img src=\"http:\/\/nuevacordoba.net\/wp-content\/uploads\/2021\/06\/paulo-diaz-se-realiza-estudios-medicos-para-ver-si-puede-volver.jpg\" alt=\"Paulo D\u00edaz present\u00f3 complicaciones card\u00edacas tras contagiarse de Covid. \" title=\"Paulo D\u00edaz present\u00f3 complicaciones card\u00edacas tras contagiarse de Covid. \"><\/p>\n<p>Paulo D\u00edaz present\u00f3 complicaciones card\u00edacas tras contagiarse de Covid. <\/p>\n<\/div>\n<p>Paulo D\u00edaz, defensor de River Plate, quien sufri\u00f3 una miocarditis tras haberse contagiado de Covid, se realizar\u00e1 este lunes a la tarde nuevos estudios m\u00e9dicos que van a determinar si puede viajar a la pretemporada que realizar\u00e1 el plantel \u00abmillonario\u00bb en la ciudad estadounidense de Orlando.<\/p>\n<p><strong>El zaguero chileno que fue desafectado de la selecci\u00f3n de su pa\u00eds que disputa la Copa Am\u00e9rica y recibi\u00f3 el alta epidemiol\u00f3gica a fines de mayo<\/strong>, pero a\u00fan no tiene el alta m\u00e9dica para entrenar con normalidad.<\/p>\n<p>D\u00edaz present\u00f3 complicaciones card\u00edacas tras contagiarse de Covid y desde el 12 de mayo pasado se encuentra en reposo, tal como marca el protocolo a la espera de nuevas evaluaciones m\u00e9dicas.<\/p>\n<p>Desde el cuerpo t\u00e9cnico de River van a esperar todos los estudios m\u00e9dicos para determinar si lo incluyen en la lista de los jugadores que el pr\u00f3ximo viernes viajar\u00e1n a Orlando para desarrollar una pretemporada hasta el lunes 5 de julio.<\/p>\n<p><strong>Otro de los jugadores que est\u00e1 en duda es el volante Bruno Zuculini, quien tendr\u00e1 una charla con el DT Marcelo Gallardo para definir su futuro<\/strong>, ya que ante la poca continuidad que tuvo analiza posibilidades para emigrar.<\/p>\n<p>Adem\u00e1s, con la posible llegada del volante Enzo Fern\u00e1ndez, a pr\u00e9stamo en Defensa y Justicia, quien deb\u00eda retornar a River a fin de a\u00f1o pero hay chances de que lo haga ahora y viaje a la pretemporada, Zuculini tendr\u00e1 menos posibilidades de ser tenido en cuenta.<\/p>\n<p><strong>El plantel regresar\u00e1 al trabajo el mi\u00e9rcoles en el predio de Ezeiza con testeos y estudios m\u00e9dicos<\/strong>, y el viernes viajar\u00e1 en vuelo charter a Estados Unidos, en donde adem\u00e1s de entrenarse van a jugar tres amistosos de preparaci\u00f3n.<\/p>\n<p>River jugar\u00e1 el domingo 27 contra Am\u00e9rica de Cali en la cancha de Inter de Miami; el mi\u00e9rcoles 30 con Barcelona de Guayaquil; y el domingo 4 de julio nuevamente con ese rival ecuatoriano, ambos en el Complejo ESPN Wide World de Disney.<\/p>\n<p><strong>El primer partido oficial del equipo de Gallardo ser\u00e1 el 14 de julio ante Argentinos Juniors, en el estadio Monumental,<\/strong> por los octavos de final de la Copa Libertadores y a la semana siguiente jugar\u00e1n la revancha.<\/p>\n<p>La delegaci\u00f3n no contar\u00e1 con los siete convocados para la Copa Am\u00e9rica de Brasil: Franco Armani, Gonzalo Montiel, Juli\u00e1n \u00c1lvarez; los paraguayos H\u00e9ctor David Mart\u00ednez y Robert Rojas; el colombiano Rafael Santos Borr\u00e9; y el mediocampista uruguayo Nicol\u00e1s De la Cruz. <\/p>\n","protected":false},"excerpt":{"rendered":"<p>Paulo D\u00edaz present\u00f3 complicaciones card\u00edacas tras contagiarse de Covid. Paulo D\u00edaz, defensor de River Plate, quien sufri\u00f3 una miocarditis tras haberse contagiado de Covid, se realizar\u00e1 este lunes a la tarde nuevos estudios m\u00e9dicos que van a determinar si puede viajar a la pretemporada que realizar\u00e1 el plantel \u00abmillonario\u00bb en la ciudad estadounidense de Orlando. [&hellip;]<\/p>\n","protected":false},"author":1,"featured_media":5785,"comment_status":"closed","ping_status":"closed","sticky":false,"template":"","format":"standard","meta":[],"categories":[10],"tags":[],"_links":{"self":[{"href":"http:\/\/nuevacordoba.net\/index.php\/wp-json\/wp\/v2\/posts\/5784"}],"collection":[{"href":"http:\/\/nuevacordoba.net\/index.php\/wp-json\/wp\/v2\/posts"}],"about":[{"href":"http:\/\/nuevacordoba.net\/index.php\/wp-json\/wp\/v2\/types\/post"}],"author":[{"embeddable":true,"href":"http:\/\/nuevacordoba.net\/index.php\/wp-json\/wp\/v2\/users\/1"}],"replies":[{"embeddable":true,"href":"http:\/\/nuevacordoba.net\/index.php\/wp-json\/wp\/v2\/comments?post=5784"}],"version-history":[{"count":0,"href":"http:\/\/nuevacordoba.net\/index.php\/wp-json\/wp\/v2\/posts\/5784\/revisions"}],"wp:featuredmedia":[{"embeddable":true,"href":"http:\/\/nuevacordoba.net\/index.php\/wp-json\/wp\/v2\/media\/5785"}],"wp:attachment":[{"href":"http:\/\/nuevacordoba.net\/index.php\/wp-json\/wp\/v2\/media?parent=5784"}],"wp:term":[{"taxonomy":"category","embeddable":true,"href":"http:\/\/nuevacordoba.net\/index.php\/wp-json\/wp\/v2\/categories?post=5784"},{"taxonomy":"post_tag","embeddable":true,"href":"http:\/\/nuevacordoba.net\/index.php\/wp-json\/wp\/v2\/tags?post=5784"}],"curies":[{"name":"wp","href":"https:\/\/api.w.org\/{rel}","templated":true}]}}