{"id":5788,"date":"2021-06-14T19:59:33","date_gmt":"2021-06-14T19:59:33","guid":{"rendered":"https:\/\/www.espinof.com\/entrevistas\/guerra-manana-tiene-similitudes-que-bello-vivir-chris-pratt"},"modified":"2021-06-14T19:59:33","modified_gmt":"2021-06-14T19:59:33","slug":"la-guerra-del-manana-tiene-similitudes-con-que-bello-es-vivir-chris-pratt","status":"publish","type":"post","link":"http:\/\/nuevacordoba.net\/index.php\/2021\/06\/14\/la-guerra-del-manana-tiene-similitudes-con-que-bello-es-vivir-chris-pratt\/","title":{"rendered":"\u00abLa guerra del ma\u00f1ana tiene similitudes con \u00a1Qu\u00e9 bello es vivir!\u00bb. Chris Pratt"},"content":{"rendered":"<p><a href=\"https:\/\/www.espinof.com\/tag\/la-guerra-del-manana\">&#8216;La guerra del ma\u00f1ana&#8217;<\/a> llegar\u00e1 a <strong>Amazon<\/strong> el pr\u00f3ximo 2 de julio, siguiendo as\u00ed el camino de otras producciones de Paramount que iban a llegar a cines y que el estudio vendi\u00f3 a <strong>Prime Video<\/strong> debido a la incertidumbre provocada por el coronavirus.<\/p>\n<p><!-- BREAK 1 --><\/p>\n<p>A\u00fan queda para poder verla, pero en Espinof tuvimos la ocasi\u00f3n de participar en una rueda de prensa con la presencia de la mayor parte del equipo de la pel\u00edcula, ya que en ella participaron, entre otros, el director <strong>Chris McKay,<\/strong> el guionista <strong>Zach Dean<\/strong> y los actores <strong>Chris Pratt, Yvonne Strahovski, J.K. Simmons y Berry Gilpin<\/strong>.<\/p>\n<p><!-- BREAK 2 --> <\/p>\n<h2>La historia y los personajes<\/h2>\n<p>La historia de &#8216;La guerra del ma\u00f1ana&#8217; propone que u<strong>na raza alien\u00edgena est\u00e1 a punto de derrotar a la humanidad en 2051<\/strong>, por lo que se aprovecha la posibilidad de viajar en el tiempo para traer gente desde 2021 para intentar revertir la situaci\u00f3n. Sobre la premisa de la pel\u00edcula, Dean aclar\u00f3 lo siguiente:<\/p>\n<p><!-- BREAK 3 --><\/p>\n<blockquote><p>La idea de que no ten\u00eda que ir necesariamente sobre una ideolog\u00eda, patriotismo o lealtad hacia tu pa\u00eds, sino que fuera literalmente sobre el deseo de salvar a tus propios hijos. \u00bfQui\u00e9n no firmar\u00eda por algo as\u00ed? Es algo diferente. No es una idea abstracta, es sobre la paternidad.<\/p><\/blockquote>\n<div class=\"article-asset article-asset-normal article-asset-center\">\n<div class=\"desvio-container\">\n<div class=\"desvio\">\n<div class=\"desvio-figure js-desvio-figure\"> <a href=\"https:\/\/www.espinof.com\/listas\/mejores-peliculas-accion-2020\"> <img alt=\"Las 13 mejores pel\u00edculas de acci\u00f3n de 2020\" src=\"http:\/\/nuevacordoba.net\/wp-content\/uploads\/2021\/06\/la-guerra-del-manana-tiene-similitudes-con-que-bello-es-vivir-chris-pratt.jpg\"> <\/a> <\/div><\/div><\/div>\n<\/div>\n<p>Gilpin coment\u00f3 al respecto que \u00ab<em>creo que nuestras almas nacen para ser revolucionarias, pero nuestra rutina tira m\u00e1s hacia los iPhones o los tests de BuzzFeed de lo que cre\u00edamos que iba a ser<\/em>\u00ab, mientras que Pratt afirm\u00f3 que al inicio de la pel\u00edcula hay un gui\u00f1o a la m\u00edtica <a href=\"https:\/\/www.espinof.com\/criticas\/que-bello-es-vivir-que-maravilloso-es-el-cine\">&#8216;Qu\u00e9 bello es vivir&#8217;<\/a>, comentando que la conexi\u00f3n con el cl\u00e1sico de <strong>Frank Capra<\/strong> va m\u00e1s all\u00e1 de eso:<\/p>\n<p><!-- BREAK 4 --><\/p>\n<blockquote><p>Tem\u00e1ticamente hay ciertas similitudes. Hay un hombre que no est\u00e1 feliz con su posici\u00f3n en la vida y con el transcurso de los eventos de la misma.<\/p><\/blockquote>\n<div class=\"article-asset-image article-asset-large\">\n<div class=\"asset-content\"> <img class=\"sf-lazy \" data-sf-srcset=\"http:\/\/nuevacordoba.net\/wp-content\/uploads\/2021\/06\/la-guerra-del-manana-tiene-similitudes-con-que-bello-es-vivir-chris-pratt-1.jpg 450w, http:\/\/nuevacordoba.net\/wp-content\/uploads\/2021\/06\/la-guerra-del-manana-tiene-similitudes-con-que-bello-es-vivir-chris-pratt-8.jpg 681w,http:\/\/nuevacordoba.net\/wp-content\/uploads\/2021\/06\/la-guerra-del-manana-tiene-similitudes-con-que-bello-es-vivir-chris-pratt-9.jpg 1024w, http:\/\/nuevacordoba.net\/wp-content\/uploads\/2021\/06\/la-guerra-del-manana-tiene-similitudes-con-que-bello-es-vivir-chris-pratt-10.jpg 1366w,\" data-sf-src=\"http:\/\/nuevacordoba.net\/wp-content\/uploads\/2021\/06\/la-guerra-del-manana-tiene-similitudes-con-que-bello-es-vivir-chris-pratt-1.jpg\" alt=\"Jk Simmons La Guerra Del Manana\"> <noscript><img alt=\"Jk Simmons La Guerra Del Manana\" class src=\"http:\/\/nuevacordoba.net\/wp-content\/uploads\/2021\/06\/la-guerra-del-manana-tiene-similitudes-con-que-bello-es-vivir-chris-pratt-1.jpg\"><\/noscript> <\/div>\n<\/div>\n<p>Simmons da vida en &#8216;La guerra del ma\u00f1ana&#8217; al <strong>padre en la ficci\u00f3n de Pratt<\/strong>, siendo esa relaci\u00f3n uno de los aspectos que m\u00e1s le atrajo de la pel\u00edcula: \u00ab<em>cuando vemos un primer vistazo de la relaci\u00f3n fractura, casi no existente, sab\u00eda que iba a haber un viaje que mereciera la pena ah\u00ed<\/em>\u00ab.<\/p>\n<p><!-- BREAK 5 --><\/p>\n<p>Entrando en detalles argumentales m\u00e1s importantes, Pratt no tuvo problemas en comentar lo siguiente sobre <strong>una de las claves de &#8216;La guerra del ma\u00f1ana&#8217;<\/strong>:<\/p>\n<p><!-- BREAK 6 --><\/p>\n<blockquote><p>No creo que esto sea un spoiler: todo el mundo que viaja al futuro tiene m\u00e1s de 30 a\u00f1os y todo el mundo que viaja al pasado a entrenarnos tiene menos de 30 &nbsp;porque te das cuenta de que no puedes vivir en ambas l\u00edneas temporales al mismo tiempo.<\/p><\/blockquote>\n<h2>La inspiraci\u00f3n y los paralelismos con la pandemia<\/h2>\n<div class=\"article-asset-image article-asset-large\">\n<div class=\"asset-content\"> <img class=\"sf-lazy \" data-sf-srcset=\"http:\/\/nuevacordoba.net\/wp-content\/uploads\/2021\/06\/la-guerra-del-manana-tiene-similitudes-con-que-bello-es-vivir-chris-pratt-2.jpg 450w, http:\/\/nuevacordoba.net\/wp-content\/uploads\/2021\/06\/la-guerra-del-manana-tiene-similitudes-con-que-bello-es-vivir-chris-pratt-11.jpg 681w,http:\/\/nuevacordoba.net\/wp-content\/uploads\/2021\/06\/la-guerra-del-manana-tiene-similitudes-con-que-bello-es-vivir-chris-pratt-12.jpg 1024w, http:\/\/nuevacordoba.net\/wp-content\/uploads\/2021\/06\/la-guerra-del-manana-tiene-similitudes-con-que-bello-es-vivir-chris-pratt-13.jpg 1366w,\" data-sf-src=\"http:\/\/nuevacordoba.net\/wp-content\/uploads\/2021\/06\/la-guerra-del-manana-tiene-similitudes-con-que-bello-es-vivir-chris-pratt-2.jpg\" alt=\"La Guerra Del Manana Imagen\"> <noscript><img alt=\"La Guerra Del Manana Imagen\" class src=\"http:\/\/nuevacordoba.net\/wp-content\/uploads\/2021\/06\/la-guerra-del-manana-tiene-similitudes-con-que-bello-es-vivir-chris-pratt-2.jpg\"><\/noscript> <\/div>\n<\/div>\n<p>El protagonista de <a href=\"https:\/\/www.espinof.com\/criticas\/guardianes-de-la-galaxia-un-hito-del-cine-de-entretenimiento\">&#8216;Guardianes de la Galaxia&#8217; <\/a>tambi\u00e9n incidi\u00f3 en que \u00ab<em>es diferente pensar en alguien reclutado y alejado de sus hijos que cuando son los hijos quienes son reclutados y alejados de sus padres<\/em>\u00ab. En el caso de <strong>Edwin Hodge<\/strong>, que interpreta a Dorian, la motivaci\u00f3n de su personaje era otra, ya que su personaje daba todo por perdido y es el encuentra con Dan (Pratt) lo que \u00ab<em>sienta un precedente para \u00e9l, de que quiz\u00e1 su futuro sea sombr\u00edo, no hay nada bueno que sacar de 2021, pero algo positivo podr\u00eda suceder si derrotan a los alien\u00edgenas en 2051<\/em>\u00ab.<\/p>\n<p><!-- BREAK 7 --><\/p>\n<div class=\"article-asset article-asset-normal article-asset-center\">\n<div class=\"desvio-container\">\n<div class=\"desvio\">\n<div class=\"desvio-figure js-desvio-figure\"> <a href=\"https:\/\/www.espinof.com\/listas\/peliculas-estreno-esperadas-2021\"> <img alt=\"Las 49 pel\u00edculas m\u00e1s esperadas de 2021\" src=\"http:\/\/nuevacordoba.net\/wp-content\/uploads\/2021\/06\/la-guerra-del-manana-tiene-similitudes-con-que-bello-es-vivir-chris-pratt-3.jpg\"> <\/a> <\/div><\/div><\/div>\n<\/div>\n<p>Por su parte, <strong>Keith Powers<\/strong>, que da vida al Mayor Greenwood, destac\u00f3 los \u00ab<em>paralelismos entre la pandemia y nosotros luchando en un guerra de ma\u00f1ana en el presente<\/em>\u00ab, algo en lo que coincidi\u00f3 Strahovski, porque \u00ab<em>es muy interesante salir de la pandemia y c\u00f3mo nos hemos unido durante este tiempo de aislamiento<\/em>\u00ab.<\/p>\n<p><!-- BREAK 8 --><\/p>\n<div class=\"article-asset-image article-asset-large\">\n<div class=\"asset-content\"> <img class=\"sf-lazy \" data-sf-srcset=\"http:\/\/nuevacordoba.net\/wp-content\/uploads\/2021\/06\/la-guerra-del-manana-tiene-similitudes-con-que-bello-es-vivir-chris-pratt-4.jpg 450w, http:\/\/nuevacordoba.net\/wp-content\/uploads\/2021\/06\/la-guerra-del-manana-tiene-similitudes-con-que-bello-es-vivir-chris-pratt-14.jpg 681w,http:\/\/nuevacordoba.net\/wp-content\/uploads\/2021\/06\/la-guerra-del-manana-tiene-similitudes-con-que-bello-es-vivir-chris-pratt-15.jpg 1024w, http:\/\/nuevacordoba.net\/wp-content\/uploads\/2021\/06\/la-guerra-del-manana-tiene-similitudes-con-que-bello-es-vivir-chris-pratt-16.jpg 1366w,\" data-sf-src=\"http:\/\/nuevacordoba.net\/wp-content\/uploads\/2021\/06\/la-guerra-del-manana-tiene-similitudes-con-que-bello-es-vivir-chris-pratt-4.jpg\" alt=\"La Guerra Del Manana Keith Powers\"> <noscript><img alt=\"La Guerra Del Manana Keith Powers\" class src=\"http:\/\/nuevacordoba.net\/wp-content\/uploads\/2021\/06\/la-guerra-del-manana-tiene-similitudes-con-que-bello-es-vivir-chris-pratt-4.jpg\"><\/noscript> <\/div>\n<\/div>\n<p>Comentado sobre <strong>el enfoque<\/strong> que dio a la pel\u00edcula, McKay afirm\u00f3 que \u00ab<em>me encantan las pel\u00edculas de g\u00e9nero, ciencia ficci\u00f3n, acci\u00f3n y terror. Eso es lo que me gustaba de peque\u00f1o y lo que hizo que quisiera hacer pel\u00edcula. Eso es a lo que respondo, pero tambi\u00e9n estoy entre medias de John Carpenter y John Cassavetes<\/em>\u00ab.<\/p>\n<p><!-- BREAK 9 --><\/p>\n<p>Sobre los alien\u00edgenas, McKay incidi\u00f3 en que \u00ab<em>quer\u00eda algo que se sintiera antiguo, y necesitaba que pareciera que tiene un hambre insaciable\u00bb<\/em>, mientras que Pratt agradeci\u00f3 que se recrease todo digitalmente, porque \u00ab<em>es m\u00e1s liberador cuando no tienes un utensilio con el que trabajar porque b\u00e1sicamente obligas a los animadores a que hagan lo que tengan que hacer para que tus elecciones funcionen<\/em>\u00ab.<\/p>\n<p><!-- BREAK 10 --><\/p>\n<h2>La espontaneidad y la acci\u00f3n<\/h2>\n<div class=\"article-asset-image article-asset-large\">\n<div class=\"asset-content\"> <img class=\"sf-lazy \" data-sf-srcset=\"http:\/\/nuevacordoba.net\/wp-content\/uploads\/2021\/06\/la-guerra-del-manana-tiene-similitudes-con-que-bello-es-vivir-chris-pratt-5.jpg 450w, http:\/\/nuevacordoba.net\/wp-content\/uploads\/2021\/06\/la-guerra-del-manana-tiene-similitudes-con-que-bello-es-vivir-chris-pratt-17.jpg 681w,http:\/\/nuevacordoba.net\/wp-content\/uploads\/2021\/06\/la-guerra-del-manana-tiene-similitudes-con-que-bello-es-vivir-chris-pratt-18.jpg 1024w, http:\/\/nuevacordoba.net\/wp-content\/uploads\/2021\/06\/la-guerra-del-manana-tiene-similitudes-con-que-bello-es-vivir-chris-pratt-19.jpg 1366w,\" data-sf-src=\"http:\/\/nuevacordoba.net\/wp-content\/uploads\/2021\/06\/la-guerra-del-manana-tiene-similitudes-con-que-bello-es-vivir-chris-pratt-5.jpg\" alt=\"La Guerra Del Manana Escena\"> <noscript><img alt=\"La Guerra Del Manana Escena\" class src=\"http:\/\/nuevacordoba.net\/wp-content\/uploads\/2021\/06\/la-guerra-del-manana-tiene-similitudes-con-que-bello-es-vivir-chris-pratt-5.jpg\"><\/noscript> <\/div>\n<\/div>\n<p>McKay tambi\u00e9n coment\u00f3 que para \u00e9l era muy importante \u00ab<em>crear situaciones en las que hubiese espacio para la espontaneidad<\/em>\u00ab, ya que la aportaci\u00f3n de los actores era esencial para conseguir lo que buscaba. Por ejemplo, <strong>Jasmine Matthews<\/strong>, que interpreta a la Teniente Mathews, apunt\u00f3 c\u00f3mo su v\u00e9rtigo afectaba a su forma de actuar en la primera escena en la que aparece su personaje y c\u00f3mo manejaron eso:<\/p>\n<p><!-- BREAK 11 --><\/p>\n<blockquote><p>Recuerdo a Chris McKay un par de ocasiones en plan: \u00abRel\u00e1jate, Jasmine. Corrige tu casa. Est\u00e1 bien. No vienes a matar a esta gente. Vienes a dar un mensaje de paz. No les hagas pensar que vienes a matarlos\u00bb.<\/p><\/blockquote>\n<div class=\"article-asset article-asset-normal article-asset-center\">\n<div class=\"desvio-container\">\n<div class=\"desvio\">\n<div class=\"desvio-figure js-desvio-figure\"> <a href=\"https:\/\/www.espinof.com\/listas\/las-mejores-peliculas-de-accion-de-la-historia\"> <img alt=\"Las 32 mejores pel\u00edculas de acci\u00f3n de la historia\" src=\"http:\/\/nuevacordoba.net\/wp-content\/uploads\/2021\/06\/la-guerra-del-manana-tiene-similitudes-con-que-bello-es-vivir-chris-pratt-6.jpg\"> <\/a> <\/div><\/div><\/div>\n<\/div>\n<p>En lo concerniente a las escenas de acci\u00f3n, Gilpin record\u00f3 que ella tuvo poco de eso por las caracter\u00edsticas de su personaje, que \u00ab<em>sobre todo se lamenta vestida con chaqueta de punto, lo cual es acci\u00f3n emocional<\/em>\u00ab, mientras que <strong>Pratt destac\u00f3 una escena por encima del resto<\/strong>:<\/p>\n<p><!-- BREAK 12 --><\/p>\n<blockquote><p>Cuando damos el salto a 2051, hay una transici\u00f3n en la que caemos desde el cielo de Miami y aterrizamos en una piscina. Hubo que hacer mucho trabajo acu\u00e1tico y fue muy divertido. .Tuvimos que hacer un gran salto desde un alto que construimos con un montacargas y saltar al agua. La c\u00e1mara nos sigui\u00f3 hacia abajo y luego los dobles saltaron y aterrizaron encima de nosotros y nos obligaron a sumergirnos en el agua. Toda esa secuencia probablemente llev\u00f3 dos o tres d\u00edas, fue realmente genial, muy divertida, muy f\u00edsica.<\/p><\/blockquote>\n","protected":false},"excerpt":{"rendered":"<p>&#8216;La guerra del ma\u00f1ana&#8217; llegar\u00e1 a Amazon el pr\u00f3ximo 2 de julio, siguiendo as\u00ed el camino de otras producciones de Paramount que iban a llegar a cines y que el estudio vendi\u00f3 a Prime Video debido a la incertidumbre provocada por el coronavirus. A\u00fan queda para poder verla, pero en Espinof tuvimos la ocasi\u00f3n de [&hellip;]<\/p>\n","protected":false},"author":1,"featured_media":5789,"comment_status":"closed","ping_status":"closed","sticky":false,"template":"","format":"standard","meta":[],"categories":[6],"tags":[],"_links":{"self":[{"href":"http:\/\/nuevacordoba.net\/index.php\/wp-json\/wp\/v2\/posts\/5788"}],"collection":[{"href":"http:\/\/nuevacordoba.net\/index.php\/wp-json\/wp\/v2\/posts"}],"about":[{"href":"http:\/\/nuevacordoba.net\/index.php\/wp-json\/wp\/v2\/types\/post"}],"author":[{"embeddable":true,"href":"http:\/\/nuevacordoba.net\/index.php\/wp-json\/wp\/v2\/users\/1"}],"replies":[{"embeddable":true,"href":"http:\/\/nuevacordoba.net\/index.php\/wp-json\/wp\/v2\/comments?post=5788"}],"version-history":[{"count":0,"href":"http:\/\/nuevacordoba.net\/index.php\/wp-json\/wp\/v2\/posts\/5788\/revisions"}],"wp:featuredmedia":[{"embeddable":true,"href":"http:\/\/nuevacordoba.net\/index.php\/wp-json\/wp\/v2\/media\/5789"}],"wp:attachment":[{"href":"http:\/\/nuevacordoba.net\/index.php\/wp-json\/wp\/v2\/media?parent=5788"}],"wp:term":[{"taxonomy":"category","embeddable":true,"href":"http:\/\/nuevacordoba.net\/index.php\/wp-json\/wp\/v2\/categories?post=5788"},{"taxonomy":"post_tag","embeddable":true,"href":"http:\/\/nuevacordoba.net\/index.php\/wp-json\/wp\/v2\/tags?post=5788"}],"curies":[{"name":"wp","href":"https:\/\/api.w.org\/{rel}","templated":true}]}}