{"id":579,"date":"2021-02-04T07:32:32","date_gmt":"2021-02-04T07:32:32","guid":{"rendered":"http:\/\/nuevacordoba.net\/index.php\/2021\/02\/04\/alianza-electoral-el-mensaje-distante-de-schiaretti-desorienta-al-frente-de-todos\/"},"modified":"2021-02-04T07:32:32","modified_gmt":"2021-02-04T07:32:32","slug":"alianza-electoral-el-mensaje-distante-de-schiaretti-desorienta-al-frente-de-todos","status":"publish","type":"post","link":"http:\/\/nuevacordoba.net\/index.php\/2021\/02\/04\/alianza-electoral-el-mensaje-distante-de-schiaretti-desorienta-al-frente-de-todos\/","title":{"rendered":"Alianza electoral: el mensaje distante de Schiaretti desorienta al Frente de Todos"},"content":{"rendered":"<div><img src=\"http:\/\/nuevacordoba.net\/wp-content\/uploads\/2021\/02\/alianza-electoral-el-mensaje-distante-de-schiaretti-desorienta-al-frente-de-todos.jpg\" class=\"ff-og-image-inserted\"><\/div>\n<p>Aunque fue breve, s\u00f3lo 27 minutos, en lo pol\u00edtico, el mensaje del gobernador <a href=\"https:\/\/www.lavoz.com.ar\/temas\/juan-schiaretti\" target=\"_blank\" rel=\"noopener\">Juan Schiaretti<\/a> en la Legislatura reaviv\u00f3 la interna del <a href=\"https:\/\/www.lavoz.com.ar\/temas\/pj-cordobes\" target=\"_blank\" rel=\"noopener\">PJ cordob\u00e9s<\/a>. Al resaltar el \u201cmodelo de gesti\u00f3n cordob\u00e9s\u201d y asegurar que tiene una \u201ccorrecta\u201d relaci\u00f3n con la Naci\u00f3n, al menos en lo discursivo, el mandatario provincial marc\u00f3 l\u00edmites a un posible acuerdo electoral con el Frente de Todos, de cara a las elecciones legislativas de octubre.<\/p>\n<p>Schiaretti deber\u00e1 negociar con el presidente Alberto Fern\u00e1ndez una posible alianza electoral para los comicios nacionales. Cristina Fern\u00e1ndez no ser\u00e1 ajena a esas conversaciones.<\/p>\n<p>El gobernador no habla del tema, porque el di\u00e1logo con la Casa Rosada comenzar\u00e1 reci\u00e9n a fines de marzo.<\/p>\n<p>El hermetismo del mandatario provincial genera inquietud en el peronismo, sobre todo, entre los eventuales aliados locales.<\/p>\n<div class=\"block-ad-node\">\n<div>\n<p> <span>Publicidad<\/span> <\/p>\n<\/div>\n<\/div>\n<p>Su discurso en la Legislatura son\u00f3 a distante con el Gobierno nacional. S\u00f3lo hizo dos menciones a la Casa Rosada, sin profundidad, muy lejos de cualquier alineamiento pol\u00edtico.<\/p>\n<p>\u201cNo pareci\u00f3 el discurso de un gobernador que est\u00e1 por acordar candidaturas con nosotros\u201d, razon\u00f3 el vocero de un encumbrado funcionario albertista.<\/p>\n<p>El mensaje del gobernador lleg\u00f3 a los principales despachos de la Casa Rosada. No hubo ni habr\u00e1 reacciones oficiales.<\/p>\n<p>\u00bfQu\u00e9 margen dej\u00f3 Schiaretti para una alianza con el Frente de Todos nacional, cuando reafirma el modelo cordob\u00e9s y se muestra distante del Gobierno nacional?<\/p>\n<p>Es la pregunta del mill\u00f3n que se hacen albertistas y cristinistas.<\/p>\n<div class=\"block-ad-node\">\n<div>\n<p> <span>Publicidad<\/span> <\/p>\n<\/div>\n<\/div>\n<p>Un posible acuerdo electoral depender\u00e1 de muchos factores. Desde el entorno cercano al gobernador remarcaron que hay una cuesti\u00f3n que s\u00ed est\u00e1 definida: el PJ cordob\u00e9s tendr\u00e1 candidatos en octubre, ya sea en alianza con el Frente de Todos o con lista propia.<\/p>\n<p>Esto \u00faltimo ocurri\u00f3 en las pasadas elecciones presidenciales, cuando Carlos Guti\u00e9rrez encabez\u00f3 la boleta corta de Hacemos por C\u00f3rdoba, s\u00f3lo con postulantes a diputados, sin f\u00f3rmula presidencial.<\/p>\n<p>Los schiarettistas descartan que el gobernador no impulse a candidatos propios, como hizo Jos\u00e9 Manuel de la Sota en 2011.<\/p>\n<div class=\"block-ad-node\">\n<div>\n<p> <span>Publicidad<\/span> <\/p>\n<\/div>\n<\/div>\n<p>\u201cNuestro modelo de acuerdo electoral es el que logr\u00f3 en R\u00edo Cuarto: que el PJ cordob\u00e9s encabece las listas. Siempre fuimos coherentes y no nos vamos a convertir en kirchneristas de un momento para otro\u201d, argument\u00f3 un dirigente que suele expresar fielmente la postura de Schiaretti.<\/p>\n<p>Pero hay una gran diferencia entre una elecci\u00f3n municipal como fue la de R\u00edo Cuarto y una legislativa nacional, donde el Gobierno nacional se juega mucho.<\/p>\n<p>Desde la otra vereda, por ahora evitando definiciones contundentes, desde el sector del albertismo que lidera el senador nacional Carlos Caserio, como del cristinismo que encabeza la diputada Gabriela Est\u00e9vez, ven \u201cpoco probable\u201d compartir listas con el PJ provincial.<\/p>\n<p>Albertistas y cristinistas coinciden en la mesura, pero tambi\u00e9n en que el Frente de Todos en C\u00f3rdoba debe ser la expresi\u00f3n del Gobierno nacional.<\/p>\n<p>En un acto para cerrar el a\u00f1o, el 30 de diciembre pasado, Caserio marc\u00f3 las condiciones para la unidad con el schiarettismo. \u201cEl Frente de Todos debe elegir a hombres y mujeres que se jueguen por el proyecto del Gobierno nacional. Tenemos que garantizar que nuestros legisladores nacionales acompa\u00f1en la gesti\u00f3n de Alberto y de Cristina\u201d, remarc\u00f3 el senador, extitular del PJ provincial.<\/p>\n<p class=\"SubTitulo\"><strong>La suspensi\u00f3n de las Paso puede acelerar los tiempos<\/strong><\/p>\n<p>La suspensi\u00f3n de las primarias abiertas, simult\u00e1neas y obligatorias (Paso) que se discutir\u00e1 en el Congreso Nacional marcar\u00e1 el ritmo de las negociaciones por las candidaturas entre la Casa Rosada y el gobernador Juan Schiaretti.<\/p>\n<p>Si las Paso son suspendidas, habr\u00e1 mayor margen de tiempo para comenzar una negociaci\u00f3n para la conformaci\u00f3n de las listas para octubre.<\/p>\n<p>La suspensi\u00f3n de las Paso fue solicitada por los gobernadores peronistas \u2013entre ellos, Schiaretti\u2013 con el argumento de la crisis sanitaria por el Covid. Es una estrategia que podr\u00eda beneficiar al Gobierno nacional.<\/p>\n<p>El presidente Alberto Fern\u00e1ndez apostar\u00e1 a una recuperaci\u00f3n de la econom\u00eda y a una vacunaci\u00f3n masiva contra el Covid y le vendr\u00eda bien ganar tiempo, antes de su primer examen en las urnas.<\/p>\n<p>Con el respaldo de los gobernadores peronistas, el Frente de Todos tendr\u00eda los votos para suspender las Paso, pero hay una pulseada interna en el oficialismo, ya que el cristinismo duro est\u00e1 en contra de esta medida.<\/p>\n<p>Si hay Paso en agosto como est\u00e1 previsto, los distintos partidos deber\u00e1n presentar candidaturas el 10 de mayo y las alianzas en junio, lo que acortar\u00eda los plazos de negociaci\u00f3n entre Schiaretti y los Fern\u00e1ndez.<\/p>\n<div class=\"ctaNewsNotaContainer\" readability=\"6.5\">\n<div class=\"newsletterTextContainer\" readability=\"33\">\n<p> S\u00cdNTESIS POL\u00cdTICA<\/p>\n<p> Informaci\u00f3n exclusiva y el mejor an\u00e1lisis, los lunes en tu correo.<\/p>\n<form method=\"post\" action-xhr=\"https:\/\/www.lavoz.com.ar\/newsletters\/sintesis-politica\/signup\" id=\"newsletter-signup\" class=\"newsletterForm\" target=\"_blank\" custom-validation-reporting=\"as-you-go\" on=\"submit:AMP.setState({formLoading:true});submit-success:AMP.setState({formSuccess:true})\">\n<div submit-success class=\"is-paddingless-l\" readability=\"6\"> <template type=\"amp-mustache\" readability=\"2\"><\/p>\n<p> <strong>\u00a1Gracias por suscribirte!<\/strong><\/p>\n<p> <\/template><\/div>\n<div submit-error class=\"is-paddingless-l\" readability=\"6.5\"> <template type=\"amp-mustache\" readability=\"3\"><\/p>\n<p> <strong>Ha ocurrido un error, por favor intente nuevamente m\u00e1s tarde.<\/strong><\/p>\n<p> <\/template><\/div>\n<\/form>\n<\/div>\n<\/div>\n<div class=\"column is-inline-block\" readability=\"5.1028037383178\">\n<div class=\"notification is-padding-lr\" readability=\"5.9532710280374\"> <a class=\"no-decoration is-font-bold\" href=\"https:\/\/www.lavoz.com.ar\/edicion-impresa\">Edici\u00f3n Impresa<\/a><\/p>\n<p class=\"is-font-sans-serif\">El texto original de este art\u00edculo fue publicado el 4\/02\/2021 en nuestra edici\u00f3n impresa.<\/p>\n<\/div>\n<\/div>\n<div>\n<p> <span>Publicidad<\/span> <\/p>\n<\/div>\n","protected":false},"excerpt":{"rendered":"<p>Aunque fue breve, s\u00f3lo 27 minutos, en lo pol\u00edtico, el mensaje del gobernador Juan Schiaretti en la Legislatura reaviv\u00f3 la interna del PJ cordob\u00e9s. Al resaltar el \u201cmodelo de gesti\u00f3n cordob\u00e9s\u201d y asegurar que tiene una \u201ccorrecta\u201d relaci\u00f3n con la Naci\u00f3n, al menos en lo discursivo, el mandatario provincial marc\u00f3 l\u00edmites a un posible acuerdo [&hellip;]<\/p>\n","protected":false},"author":1,"featured_media":580,"comment_status":"closed","ping_status":"closed","sticky":false,"template":"","format":"standard","meta":[],"categories":[12],"tags":[],"_links":{"self":[{"href":"http:\/\/nuevacordoba.net\/index.php\/wp-json\/wp\/v2\/posts\/579"}],"collection":[{"href":"http:\/\/nuevacordoba.net\/index.php\/wp-json\/wp\/v2\/posts"}],"about":[{"href":"http:\/\/nuevacordoba.net\/index.php\/wp-json\/wp\/v2\/types\/post"}],"author":[{"embeddable":true,"href":"http:\/\/nuevacordoba.net\/index.php\/wp-json\/wp\/v2\/users\/1"}],"replies":[{"embeddable":true,"href":"http:\/\/nuevacordoba.net\/index.php\/wp-json\/wp\/v2\/comments?post=579"}],"version-history":[{"count":0,"href":"http:\/\/nuevacordoba.net\/index.php\/wp-json\/wp\/v2\/posts\/579\/revisions"}],"wp:featuredmedia":[{"embeddable":true,"href":"http:\/\/nuevacordoba.net\/index.php\/wp-json\/wp\/v2\/media\/580"}],"wp:attachment":[{"href":"http:\/\/nuevacordoba.net\/index.php\/wp-json\/wp\/v2\/media?parent=579"}],"wp:term":[{"taxonomy":"category","embeddable":true,"href":"http:\/\/nuevacordoba.net\/index.php\/wp-json\/wp\/v2\/categories?post=579"},{"taxonomy":"post_tag","embeddable":true,"href":"http:\/\/nuevacordoba.net\/index.php\/wp-json\/wp\/v2\/tags?post=579"}],"curies":[{"name":"wp","href":"https:\/\/api.w.org\/{rel}","templated":true}]}}