{"id":57962,"date":"2025-05-17T01:57:27","date_gmt":"2025-05-17T01:57:27","guid":{"rendered":"https:\/\/www.ole.com.ar\/futbol-ascenso\/ascenso-primera-nacional-ferro-almagro_0_3UYNeUDZgI.html"},"modified":"2025-05-17T01:57:27","modified_gmt":"2025-05-17T01:57:27","slug":"ferro-empato-con-almagro-y-sigue-afuera-del-reducido","status":"publish","type":"post","link":"http:\/\/nuevacordoba.net\/index.php\/2025\/05\/17\/ferro-empato-con-almagro-y-sigue-afuera-del-reducido\/","title":{"rendered":"Ferro empat\u00f3 con Almagro y sigue afuera del Reducido"},"content":{"rendered":"<p><time class=\"createDate\" datetime=\"2025-05-16T22:57:27-03:00\">16\/05\/2025 22:57hs.<\/time><\/p>\n<div id=\"storyBody\">\n<div class=\"custom-text \" readability=\"34.968660968661\">\n<p>Un partido que tuvo de todo, estaba para cualquiera y no se lo llev\u00f3 ninguno<strong>. As\u00ed se puede describir el empate 1-1 entre <a href=\"https:\/\/www.ole.com.ar\/tema\/ferro.html\" title=\"Ferro\" alt=\"Ferro\" class=\"slug\">Ferro<\/a> y <a href=\"https:\/\/www.ole.com.ar\/tema\/almagro.html\" title=\"Almagro\" alt=\"Almagro\" class=\"slug\">Almagro <\/a>bajo la intensa lluvia de Caballito<\/strong>, que deja sabor a poco en ambos lados, ya que el Verde no sigue out de todo en la <a href=\"https:\/\/www.ole.com.ar\/tema\/primera-nacional.html\" title=\"Primera Nacional\" alt=\"Primera Nacional\" class=\"slug\">Primera Nacional <\/a>y el Tricolor no pudo prenderse a la pelea por el primer puesto de la Zona A.<\/p>\n<\/div>\n<div class=\"custom-text \" readability=\"37\">\n<p>La realidad es que el arranque de los de Cordon fue inmejorable. A los 48 segundos de juego, Cucchi madrug\u00f3 a la defensa local tras un pelotazo largo, se fue mano a mano con Monetti, <strong>defini\u00f3 b\u00e1rbaro y puso la ventaja. <\/strong><\/p>\n<\/div>\n<div class=\"sc-e7b891c4-0 ifHnQL image-embed\"><img alt=\"Cucchi festeja el 1-0 (Foto: Prensa Almagro)\" loading=\"lazy\" width=\"720\" height=\"100\" decoding=\"async\" data-nimg=\"1\" src=\"http:\/\/nuevacordoba.net\/wp-content\/uploads\/2025\/05\/ferro-empato-con-almagro-y-sigue-afuera-del-reducido.jpg\"><span class=\"epigraphe\">Cucchi festeja el 1-0 (Foto: Prensa Almagro)<\/span><\/div>\n<div class=\"custom-text \" readability=\"36.372881355932\">\n<p>El gol prematuro hizo que plan de juego cambie para todos: Almagro se repleg\u00f3 y aprovech\u00f3 los espacios que Oeste, contagiado por la impaciencia de la gente y en un clima caldeado dej\u00f3 para buscar el empate. Sin embargo, <strong>para los de <a href=\"https:\/\/www.ole.com.ar\/tema\/alfredo-grelak.html\" title=\"Alfredo Grelak\" alt=\"Alfredo Grelak\" class=\"slug\">Grelak<\/a> -que sigue en la cuerda floja- todo se hizo a\u00fan m\u00e1s cuesta arriba tras la expulsi\u00f3n de Ram\u00edrez a los 33\u2019 .<\/strong><\/p>\n<\/div>\n<div class=\"custom-text \" readability=\"40\">\n<p>En el complemento, bajo un diluvio cada vez m\u00e1s fuerte y el campo de juego cada vez m\u00e1s deteriorado, gan\u00f3 protgaonismo Loustau: omiti\u00f3 un penal para la visita por mano de Pinto y sancion\u00f3 uno dudoso para el Verde<strong>, que Franco Garc\u00eda cambi\u00f3 por gol para establecer el empate en Caballito.<\/strong> Con el duelo empatado Ferro creci\u00f3 y, hasta donde le dieron las piernas, intent\u00f3 someter al rival. <\/p>\n<\/div>\n<div class=\"sc-e7b891c4-0 ifHnQL image-embed\"><img alt=\"Garc\u00eda lo empat\u00f3 en el complemento (Foto: Prensa Ferro)\" loading=\"lazy\" width=\"720\" height=\"100\" decoding=\"async\" data-nimg=\"1\" src=\"http:\/\/nuevacordoba.net\/wp-content\/uploads\/2025\/05\/ferro-empato-con-almagro-y-sigue-afuera-del-reducido-1.jpg\"><span class=\"epigraphe\">Garc\u00eda lo empat\u00f3 en el complemento (Foto: Prensa Ferro)<\/span><\/div>\n<div class=\"custom-text \" readability=\"37\">\n<p>Pero en el mejor momento del due\u00f1o de casa, todo se volvi\u00f3 a complicar: el ingresado Fern\u00e1ndez Pinto vio la roja. Al ratito, echaron al tambi\u00e9n ingresado Quiroga en Almagro. Los \u00faltimos minutos se jugaron 11 contra 10 <strong>y Monetti la rompi\u00f3, siendo clave para sostener el empate. <\/strong><\/p>\n<\/div>\n<p><h2><strong>As\u00ed se juega la fecha 15 en la Primera Nacional<\/strong><\/h2>\n<\/p>\n<p><h3><strong>Zona A<\/strong><\/h3>\n<\/p>\n<div class=\"custom-text \">\n<ul>\n<li>Trist\u00e1n Su\u00e1rez vs. Atlanta, s\u00e1bado 17 de mayo a las 15:30. <\/li>\n<li>Los Andes vs. Alvarado, s\u00e1bado 17 de mayo a las 15:30.<\/li>\n<li>San Mart\u00edn de Tucum\u00e1n vs. Racing de C\u00f3rdoba, s\u00e1bado 17 de mayo a las 21:10. <\/li>\n<\/ul>\n<\/div>\n<div class=\"custom-text \">\n<ul>\n<li>G\u00fcemes de Santiago del Estero vs. Quilmes, domingo 18 de mayo a las 15. <\/li>\n<li>Deportivo Maip\u00fa vs. Arsenal de Sarand\u00ed, domingo 18 de mayo a las 15:30. <\/li>\n<li>Deportivo Madryn vs. All Boys, domingo 18 de mayo a las 15:30. <\/li>\n<li>Patronato vs. San Miguel, domingo 18 de mayo a las 16.<\/li>\n<li>Gimnasia y Tiro de Salta vs. Colegiales, domingo 18 de mayo a las 17. <\/li>\n<\/ul>\n<\/div>\n<p><h3><strong>Zona B<\/strong><\/h3>\n<\/p>\n<div class=\"custom-text \">\n<ul>\n<li>Defensores de Belgrano vs. Almirante Brown, s\u00e1bado 17 de mayo a las 13:35.<\/li>\n<li>Talleres de Remedios de Escalada vs. Mitre de Santiago del Estero, s\u00e1bado 17 de mayo a las 15:30.<\/li>\n<li>Deportivo Mor\u00f3n vs. Col\u00f3n, s\u00e1bado 17 de mayo a las 17:05.<\/li>\n<li>Estudiantes de R\u00edo Cuarto vs. Chaco For Ever, s\u00e1bado 17 de mayo a las 18.<\/li>\n<li>Estudiantes de Caseros vs. Temperley, s\u00e1bado 17 de mayo a las 19:05.<\/li>\n<\/ul>\n<\/div>\n<div class=\"custom-text \">\n<ul>\n<li>San Telmo vs. Gimnasia de Mendoza, domingo 18 de mayo a las 13:30.<\/li>\n<li>Chacarita vs. Central Norte, domingo 18 de mayo a las 15:30. <\/li>\n<li>Agropecuario vs. Gimnasia de Jujuy, lunes 19 de mayo a las 20. <\/li>\n<\/ul>\n<\/div>\n<div class=\"sc-a7166897-0 eoLsBE\" readability=\"6\">\n<section readability=\"2\"><picture><img alt=\"Mill\u00e1n extendi\u00f3 su contrato\" loading=\"lazy\" width=\"290\" height=\"290\" decoding=\"async\" data-nimg=\"1\" src=\"http:\/\/nuevacordoba.net\/wp-content\/uploads\/2025\/05\/ferro-empato-con-almagro-y-sigue-afuera-del-reducido-2.jpg\"><\/picture>\n<p><span>Mir\u00e1 tambi\u00e9n<\/span><\/p>\n<hr>\n<h3>Mill\u00e1n extendi\u00f3 su contrato<\/h3>\n<\/p>\n<\/section>\n<\/div>\n<div class=\"sc-a7166897-0 eoLsBE\" readability=\"6.5\">\n<section readability=\"3\"><picture><img alt=\"Efecto Mastantuono: Scaloni eval\u00faa citar a la influyente joya de River a la Selecci\u00f3n\" loading=\"lazy\" width=\"290\" height=\"290\" decoding=\"async\" data-nimg=\"1\" src=\"http:\/\/nuevacordoba.net\/wp-content\/uploads\/2025\/05\/ferro-empato-con-almagro-y-sigue-afuera-del-reducido-3.jpg\"><\/picture>\n<p><span>Mir\u00e1 tambi\u00e9n<\/span><\/p>\n<hr>\n<h3>Efecto Mastantuono: Scaloni eval\u00faa citar a la influyente joya de River a la Selecci\u00f3n<\/h3>\n<\/p>\n<\/section>\n<\/div>\n<\/div>\n","protected":false},"excerpt":{"rendered":"<p>16\/05\/2025 22:57hs. Un partido que tuvo de todo, estaba para cualquiera y no se lo llev\u00f3 ninguno. As\u00ed se puede describir el empate 1-1 entre Ferro y Almagro bajo la intensa lluvia de Caballito, que deja sabor a poco en ambos lados, ya que el Verde no sigue out de todo en la Primera Nacional [&hellip;]<\/p>\n","protected":false},"author":1,"featured_media":57963,"comment_status":"closed","ping_status":"closed","sticky":false,"template":"","format":"standard","meta":[],"categories":[10],"tags":[],"_links":{"self":[{"href":"http:\/\/nuevacordoba.net\/index.php\/wp-json\/wp\/v2\/posts\/57962"}],"collection":[{"href":"http:\/\/nuevacordoba.net\/index.php\/wp-json\/wp\/v2\/posts"}],"about":[{"href":"http:\/\/nuevacordoba.net\/index.php\/wp-json\/wp\/v2\/types\/post"}],"author":[{"embeddable":true,"href":"http:\/\/nuevacordoba.net\/index.php\/wp-json\/wp\/v2\/users\/1"}],"replies":[{"embeddable":true,"href":"http:\/\/nuevacordoba.net\/index.php\/wp-json\/wp\/v2\/comments?post=57962"}],"version-history":[{"count":0,"href":"http:\/\/nuevacordoba.net\/index.php\/wp-json\/wp\/v2\/posts\/57962\/revisions"}],"wp:featuredmedia":[{"embeddable":true,"href":"http:\/\/nuevacordoba.net\/index.php\/wp-json\/wp\/v2\/media\/57963"}],"wp:attachment":[{"href":"http:\/\/nuevacordoba.net\/index.php\/wp-json\/wp\/v2\/media?parent=57962"}],"wp:term":[{"taxonomy":"category","embeddable":true,"href":"http:\/\/nuevacordoba.net\/index.php\/wp-json\/wp\/v2\/categories?post=57962"},{"taxonomy":"post_tag","embeddable":true,"href":"http:\/\/nuevacordoba.net\/index.php\/wp-json\/wp\/v2\/tags?post=57962"}],"curies":[{"name":"wp","href":"https:\/\/api.w.org\/{rel}","templated":true}]}}