{"id":58080,"date":"2025-05-18T19:22:18","date_gmt":"2025-05-18T19:22:18","guid":{"rendered":"https:\/\/www.ole.com.ar\/autos\/doohan-reemplazado-verstappen-pasado-ahora-banco-colapinto-franco-hacer-mejor_0_3NYhVEXX1J.html"},"modified":"2025-05-18T19:22:18","modified_gmt":"2025-05-18T19:22:18","slug":"como-doohan-fue-reemplazado-por-verstappen-en-el-pasado-y-ahora-banco-a-colapinto-franco-tiene-que-hacer-lo-mejor","status":"publish","type":"post","link":"http:\/\/nuevacordoba.net\/index.php\/2025\/05\/18\/como-doohan-fue-reemplazado-por-verstappen-en-el-pasado-y-ahora-banco-a-colapinto-franco-tiene-que-hacer-lo-mejor\/","title":{"rendered":"Como Doohan, fue reemplazado por Verstappen en el pasado y ahora banc\u00f3 a Colapinto: \u00abFranco tiene que hacer lo mejor\u00bb"},"content":{"rendered":"<p><time class=\"createDate\" datetime=\"2025-05-18T16:22:18-03:00\">18\/05\/2025 16:22hs.<\/time><\/p>\n<div id=\"storyBody\">\n<div class=\"custom-text \" readability=\"36.293774319066\">\n<p>Aunque para muchos el reemplazo de <strong><a href=\"https:\/\/www.ole.com.ar\/tema\/jack-doohan.html\" title=\"Jack Doohan\" alt=\"Jack Doohan\" class=\"slug\">Jack Doohan<\/a><\/strong> por <strong><a href=\"https:\/\/www.ole.com.ar\/tema\/franco-colapinto.html\" title=\"Franco Colapinto\" alt=\"Franco Colapinto\" class=\"slug\">Franco Colapinto<\/a><\/strong> pueda parecer precipitado, brusco o incluso hasta cruel, tomando en cuenta que el australiano s\u00f3lo disput\u00f3 seis carreras esta temporada en la <strong><a href=\"https:\/\/www.ole.com.ar\/tema\/formula-1.html\" title=\"F\u00f3rmula 1\" alt=\"F\u00f3rmula 1\" class=\"slug\">F\u00f3rmula 1<\/a><\/strong>, lo cierto es que estas modificaciones o movimientos de fichas, con los a\u00f1os cada vez se hacen m\u00e1s habituales en la M\u00e1xima. Y quien tambi\u00e9n lo sufri\u00f3 en el pasado fue<strong> Daniil Kvyat<\/strong>, quien en 2016 fue sustituido por <strong><a href=\"https:\/\/www.ole.com.ar\/tema\/max-verstappen.html\" title=\"Max Verstappen\" alt=\"Max Verstappen\" class=\"slug\">Max Verstappen<\/a><\/strong>en <strong><a href=\"https:\/\/www.ole.com.ar\/tema\/red-bull.html\" title=\"Red Bull\" alt=\"Red Bull\" class=\"slug\">Red Bull<\/a><\/strong>, tras un accidente en el Gran Premio de Rusia. <\/p>\n<\/div>\n<div class=\"custom-text \" readability=\"42.851549755302\">\n<p>Esa temporada, despu\u00e9s de <strong>un s\u00e9ptimo puesto en el Gran Premio de Bahrein y luego de subirse al podio en China<\/strong>, el ruso protagoniz\u00f3 <strong>un doble toque con <a href=\"https:\/\/www.ole.com.ar\/tema\/sebastian-vettel.html\" title=\"Sebastian Vettel\" alt=\"Sebastian Vettel\" class=\"slug\">Sebastian Vettel<\/a><\/strong> (hist\u00f3rico ex Red Bull), quien por el golpe qued\u00f3 fuera de carrera en la primera vuelta en Sochi. Tras este incidente, Red Bull sorprendi\u00f3 esa misma semana al anunciar que <strong>Max Verstappen, que por aquel entonces ten\u00eda 18 a\u00f1os, reemplazar\u00eda a Kvyat en la escuder\u00eda austr\u00edaca.<\/strong> A diferencia de Doohan,<strong> Kvyat no fue relegado a piloto de reserva, sino que regres\u00f3 a Toro Rosso,<\/strong> que en aquel entonces era la escuder\u00eda sat\u00e9lite de Red Bull. <\/p>\n<\/div>\n<div class=\"sc-e7b891c4-0 ifHnQL image-embed\"><img alt=\"Kvyat y Verstappen, ambos sentados.\" loading=\"lazy\" width=\"720\" height=\"100\" decoding=\"async\" data-nimg=\"1\" src=\"http:\/\/nuevacordoba.net\/wp-content\/uploads\/2025\/05\/como-doohan-fue-reemplazado-por-verstappen-en-el-pasado-y-ahora-banco-a-colapinto-franco-tiene-que-hacer-lo-mejor.jpg\"><span class=\"epigraphe\">Kvyat y Verstappen, ambos sentados.<\/span><\/div>\n<div class=\"custom-text \" readability=\"41\">\n<p>Si analizamos el cambio con el diario del lunes, o m\u00e1s precisamente con los cuatro t\u00edtulos que consigui\u00f3 Red Bull de la mano de Verstappen, hoy la decisi\u00f3n de la escuder\u00eda austr\u00edaca, sin dudas, parece de lo m\u00e1s acertada. Sin embargo, en su momento dio que hablar. Incluso, pilotos como Jason Button llegaron a manifestarse en contra: \u00ab<strong>\u00bfDe verdad? Una mala carrera y Kvyat es degradado. \u00bfQu\u00e9 hay del podio en la carrera anterior?\u00bb.<\/strong><\/p>\n<\/div>\n<div class=\"sc-e7b891c4-0 ifHnQL image-embed\"><img alt=\"Max Verstappen y Daniil Kvyat en Red Bull. \" loading=\"lazy\" width=\"720\" height=\"100\" decoding=\"async\" data-nimg=\"1\" src=\"http:\/\/nuevacordoba.net\/wp-content\/uploads\/2025\/05\/como-doohan-fue-reemplazado-por-verstappen-en-el-pasado-y-ahora-banco-a-colapinto-franco-tiene-que-hacer-lo-mejor-1.jpg\"><span class=\"epigraphe\">Max Verstappen y Daniil Kvyat en Red Bull. <\/span><\/div>\n<p><h2><strong>Qu\u00e9 dijo Kvyat del cambio reemplazo de Jack Doohan por Franco Colapinto<\/strong><\/h2>\n<\/p>\n<div class=\"custom-text \" readability=\"38\">\n<p>Este fin de semana, Kvyat estuvo presente en el Gran Premio de Emilia-Romagna, donde inevitablemente Franco Colapinto fue uno de los protagonistas por su regreso a la F\u00f3rmula 1. Y, consultado sobre el tema,<strong> asegur\u00f3 que su caso fue \u00abmuy diferente\u00bb al de Doohan y Colapinto. <\/strong><\/p>\n<\/div>\n<div class=\"custom-embedhtml\" readability=\"6.9767025089606\">\n<blockquote class=\"twitter-tweet\" readability=\"8.2078853046595\">\n<p lang=\"es\" dir=\"ltr\">\ud83d\udde3\ufe0f Daniil Kvyat no ve paralelismos entre lo de Jack Doohan y Colapinto comparado con lo que sucedi\u00f3 entre Verstappen y \u00e9l<\/p>\n<p>\u00abMi situaci\u00f3n fue muy diferente, porque tambi\u00e9n iba muy bien\u00bb<a href=\"https:\/\/twitter.com\/hashtag\/ImolaDAZNF1?src=hash&amp;ref_src=twsrc%5Etfw\">#ImolaDAZNF1<\/a> \ud83c\uddee\ud83c\uddf9 <a href=\"https:\/\/t.co\/CnnwNEfZZE\">pic.twitter.com\/CnnwNEfZZE<\/a><\/p>\n<p>\u2014 DAZN Espa\u00f1a (@DAZN_ES) <a href=\"https:\/\/twitter.com\/DAZN_ES\/status\/1924135417424540023?ref_src=twsrc%5Etfw\">May 18, 2025<\/a><\/p><\/blockquote><\/div>\n<div class=\"custom-text \" readability=\"39\">\n<p><strong>\u00abMi situaci\u00f3n con Red Bull fue muy diferente, porque iba muy bien tambi\u00e9n. Es muy dif\u00edcil, porque Jack ten\u00eda muy pocas carreras. No est\u00e1 contento y no es normal, pero ahora tiene que aceptarlo\u00bb<\/strong>, comenz\u00f3 Kvyat, en un an\u00e1lisis en espa\u00f1ol para Dazn Espa\u00f1a. <\/p>\n<\/div>\n<div class=\"custom-text \" readability=\"37\">\n<p>Y, en la misma l\u00ednea, banc\u00f3 a Franco en su regreso: \u00ab<strong>Ahora, que Franco tiene otra vez su chance, tiene que hacer lo mejor\u00bb. <\/strong><\/p>\n<\/div>\n<div class=\"sc-a7166897-0 eoLsBE\" readability=\"6.5\">\n<section readability=\"3\"><picture><img alt=\"Locura por Franco Colapinto en Imola: aut\u00f3grafos, cantitos y banderas argentinas\" loading=\"lazy\" width=\"290\" height=\"290\" decoding=\"async\" data-nimg=\"1\" src=\"http:\/\/nuevacordoba.net\/wp-content\/uploads\/2025\/05\/como-doohan-fue-reemplazado-por-verstappen-en-el-pasado-y-ahora-banco-a-colapinto-franco-tiene-que-hacer-lo-mejor-2.jpg\"><\/picture>\n<p><span>Mir\u00e1 tambi\u00e9n<\/span><\/p>\n<hr>\n<h3>Locura por Franco Colapinto en Imola: aut\u00f3grafos, cantitos y banderas argentinas<\/h3>\n<\/p>\n<\/section>\n<\/div>\n<div class=\"sc-a7166897-0 eoLsBE\" readability=\"6\">\n<section readability=\"2\"><picture><img alt=\"Las claves para que Franco Colapinto sume puntos en el pr\u00f3ximo GP de M\u00f3naco \" loading=\"lazy\" width=\"290\" height=\"290\" decoding=\"async\" data-nimg=\"1\" src=\"http:\/\/nuevacordoba.net\/wp-content\/uploads\/2025\/05\/como-doohan-fue-reemplazado-por-verstappen-en-el-pasado-y-ahora-banco-a-colapinto-franco-tiene-que-hacer-lo-mejor-3.jpg\"><\/picture>\n<p><span>Mir\u00e1 tambi\u00e9n<\/span><\/p>\n<hr>\n<h3>Las claves para que Franco Colapinto sume puntos en el pr\u00f3ximo GP de M\u00f3naco <\/h3>\n<\/p>\n<\/section>\n<\/div>\n<div class=\"sc-a7166897-0 eoLsBE\" readability=\"6.5\">\n<section readability=\"3\"><picture><img alt=\"Apareci\u00f3 el tetracampe\u00f3n: Verstappen arras\u00f3 en Imola y ya le mete presi\u00f3n a los McLaren\" loading=\"lazy\" width=\"290\" height=\"290\" decoding=\"async\" data-nimg=\"1\" src=\"http:\/\/nuevacordoba.net\/wp-content\/uploads\/2025\/05\/como-doohan-fue-reemplazado-por-verstappen-en-el-pasado-y-ahora-banco-a-colapinto-franco-tiene-que-hacer-lo-mejor-4.jpg\"><\/picture>\n<p><span>Mir\u00e1 tambi\u00e9n<\/span><\/p>\n<hr>\n<h3>Apareci\u00f3 el tetracampe\u00f3n: Verstappen arras\u00f3 en Imola y ya le mete presi\u00f3n a los McLaren<\/h3>\n<\/p>\n<\/section>\n<\/div>\n<\/div>\n","protected":false},"excerpt":{"rendered":"<p>18\/05\/2025 16:22hs. Aunque para muchos el reemplazo de Jack Doohan por Franco Colapinto pueda parecer precipitado, brusco o incluso hasta cruel, tomando en cuenta que el australiano s\u00f3lo disput\u00f3 seis carreras esta temporada en la F\u00f3rmula 1, lo cierto es que estas modificaciones o movimientos de fichas, con los a\u00f1os cada vez se hacen m\u00e1s [&hellip;]<\/p>\n","protected":false},"author":1,"featured_media":58081,"comment_status":"closed","ping_status":"closed","sticky":false,"template":"","format":"standard","meta":[],"categories":[10],"tags":[],"_links":{"self":[{"href":"http:\/\/nuevacordoba.net\/index.php\/wp-json\/wp\/v2\/posts\/58080"}],"collection":[{"href":"http:\/\/nuevacordoba.net\/index.php\/wp-json\/wp\/v2\/posts"}],"about":[{"href":"http:\/\/nuevacordoba.net\/index.php\/wp-json\/wp\/v2\/types\/post"}],"author":[{"embeddable":true,"href":"http:\/\/nuevacordoba.net\/index.php\/wp-json\/wp\/v2\/users\/1"}],"replies":[{"embeddable":true,"href":"http:\/\/nuevacordoba.net\/index.php\/wp-json\/wp\/v2\/comments?post=58080"}],"version-history":[{"count":0,"href":"http:\/\/nuevacordoba.net\/index.php\/wp-json\/wp\/v2\/posts\/58080\/revisions"}],"wp:featuredmedia":[{"embeddable":true,"href":"http:\/\/nuevacordoba.net\/index.php\/wp-json\/wp\/v2\/media\/58081"}],"wp:attachment":[{"href":"http:\/\/nuevacordoba.net\/index.php\/wp-json\/wp\/v2\/media?parent=58080"}],"wp:term":[{"taxonomy":"category","embeddable":true,"href":"http:\/\/nuevacordoba.net\/index.php\/wp-json\/wp\/v2\/categories?post=58080"},{"taxonomy":"post_tag","embeddable":true,"href":"http:\/\/nuevacordoba.net\/index.php\/wp-json\/wp\/v2\/tags?post=58080"}],"curies":[{"name":"wp","href":"https:\/\/api.w.org\/{rel}","templated":true}]}}