{"id":58128,"date":"2025-05-19T12:55:21","date_gmt":"2025-05-19T12:55:21","guid":{"rendered":"https:\/\/puntoapunto.com.ar\/?p=373116"},"modified":"2025-05-19T12:55:21","modified_gmt":"2025-05-19T12:55:21","slug":"rumbo-a-las-elecciones-de-buenos-aires-y-las-legislativas-milei-le-marco-la-cancha-al-kirchnerismo-y-a-macri","status":"publish","type":"post","link":"http:\/\/nuevacordoba.net\/index.php\/2025\/05\/19\/rumbo-a-las-elecciones-de-buenos-aires-y-las-legislativas-milei-le-marco-la-cancha-al-kirchnerismo-y-a-macri\/","title":{"rendered":"Rumbo a las elecciones de Buenos Aires y las legislativas, Milei le marc\u00f3 la cancha al kirchnerismo y a Macri"},"content":{"rendered":"<p>&nbsp;<!-- \u00a1O bien no hay banners, estan desactivados o no estan programados para esta ubicaci\u00f3n! -->\n<\/p>\n<p>&nbsp;\n<\/p>\n<p><strong>Por Eduardo Bocco, especial para Perfil C\u00f3rdoba<\/strong>. Como era de esperar, Javier Milei le cedi\u00f3 el protagonismo de la noche del domingo al ganador de los comicios de la ciudad de Buenos Aires, Manuel Adorni, quien destin\u00f3 paladas de tierra al modelo kirchnerista.\n<\/p>\n<p>Sobre el final, llam\u00f3 y convoc\u00f3 a todos a formar parte del frente que encabezar\u00e1 La Libertad Avanza en las elecciones bonaerenses primero y en el resto del pa\u00eds despu\u00e9s. Fue un telegrama dirigido al gran perdedor de anoche: Mauricio Macri, porque el PRO perdi\u00f3 una elecci\u00f3n en Caba despu\u00e9s de 20 a\u00f1os y el segundo gran derrotado es el primo del expresidente, Jorge Macri, actual jefe de Gobierno porte\u00f1o. Silvia Lospenato, la primera candidata, es s\u00f3lo una an\u00e9cdota en esta historia.\n<\/p>\n<p>Antes, el propio Milei mand\u00f3 un tiro por elevaci\u00f3n al jefe del PRO: elogi\u00f3 al tri\u00e1ngulo de hierro que compone junto a su hermana Karina y a Santiago Caputo. Fue una respuesta a la burla del expresidente cuando hab\u00eda hablado del \u201ctri\u00e1ngulo de plomo\u201d.<!-- \u00a1O bien no hay banners, estan desactivados o no estan programados para esta ubicaci\u00f3n! -->\n<\/p>\n<p>Sin embargo, expedir la partida de defunci\u00f3n del PRO ser\u00eda escribir una barbaridad porque del mal momento se puede salir con un buen momento. En ese sentido, haciendo un juego y apelando a la imaginaci\u00f3n, \u00bfqu\u00e9 pasar\u00eda si el macrismo tiende un puente con Victoria Villarruel?<\/p>\n<p>Hay un sector de LLA que \u201cse la quiere comer cruda\u201d a la vicepresidenta y sobran los que estrenar\u00edan zapatos para darle una patada y echarla del partido. Es posible un traspaso a un macrismo sin Macri, aunque el jefe del partido se resista o no lo quiera entender.\n<\/p>\n<p>Hoy, varios dirigentes del PRO est\u00e1n tomando carrera para saltar el alambrado y pasarse a las filas que comanda el presidente, al que no lo aludieron los ganadores durante los discursos del festejo. Solamente Milei record\u00f3 que hasta ayer Caba estaba te\u00f1ida de amarillo y ahora est\u00e1 te\u00f1ida de violeta.\n<\/p>\n<h2><strong>Lo que viene<\/strong><\/h2>\n<p>Esta es la plataforma de lanzamiento para la campa\u00f1a bonaerense y nacional. Para C\u00f3rdoba tienen dos men\u00faes: uno, con lista de gente propia \u2013lista pura\u2013 y otro con aliados \u2013Juez o De Loredo\u2013. Si con la adrenalina que genera un escrutinio le preguntan a Milei c\u00f3mo debe resolverse la cuesti\u00f3n, seguramente dir\u00eda: \u201cvamos con los puros\u201d.\n<\/p>\n<p>Entre los que sonrieron hay que anotar a Mart\u00edn Llaryora porque est\u00e1 convencido de que si Juan Schiaretti es candidato a diputado, no hay quien lo pare.\n<\/p>\n<p>Con todo, pas\u00f3 una elecci\u00f3n que con picard\u00eda los libertarios nacionalizaron. S\u00f3lo se trataba de comicios para concejales porte\u00f1os. Y la pol\u00edtica de todo el pa\u00eds estuvo atenta a esta pulseada.\n<\/p>\n<div class=\"g g-38\">\n<div class=\"g-dyn a-12 c-1\"><a class=\"gofollow\" data-track=\"MTIsMzgsMSw2MA==\" href=\"https:\/\/www.farmaciashpfarma.com.ar\/blog\/institucional\/beneficios-corporativos-en-campana-antigripal.html\" target=\"_blank\" rel=\"noopener\"><img src=\"http:\/\/nuevacordoba.net\/wp-content\/uploads\/2025\/05\/rumbo-a-las-elecciones-de-buenos-aires-y-las-legislativas-milei-le-marco-la-cancha-al-kirchnerismo-y-a-macri.jpg\" loading=\"lazy\"><\/a><\/div>\n<\/div>\n","protected":false},"excerpt":{"rendered":"<p>&nbsp; &nbsp; Por Eduardo Bocco, especial para Perfil C\u00f3rdoba. Como era de esperar, Javier Milei le cedi\u00f3 el protagonismo de la noche del domingo al ganador de los comicios de la ciudad de Buenos Aires, Manuel Adorni, quien destin\u00f3 paladas de tierra al modelo kirchnerista. Sobre el final, llam\u00f3 y convoc\u00f3 a todos a formar [&hellip;]<\/p>\n","protected":false},"author":1,"featured_media":58129,"comment_status":"open","ping_status":"closed","sticky":false,"template":"","format":"standard","meta":[],"categories":[12,14],"tags":[],"_links":{"self":[{"href":"http:\/\/nuevacordoba.net\/index.php\/wp-json\/wp\/v2\/posts\/58128"}],"collection":[{"href":"http:\/\/nuevacordoba.net\/index.php\/wp-json\/wp\/v2\/posts"}],"about":[{"href":"http:\/\/nuevacordoba.net\/index.php\/wp-json\/wp\/v2\/types\/post"}],"author":[{"embeddable":true,"href":"http:\/\/nuevacordoba.net\/index.php\/wp-json\/wp\/v2\/users\/1"}],"replies":[{"embeddable":true,"href":"http:\/\/nuevacordoba.net\/index.php\/wp-json\/wp\/v2\/comments?post=58128"}],"version-history":[{"count":0,"href":"http:\/\/nuevacordoba.net\/index.php\/wp-json\/wp\/v2\/posts\/58128\/revisions"}],"wp:featuredmedia":[{"embeddable":true,"href":"http:\/\/nuevacordoba.net\/index.php\/wp-json\/wp\/v2\/media\/58129"}],"wp:attachment":[{"href":"http:\/\/nuevacordoba.net\/index.php\/wp-json\/wp\/v2\/media?parent=58128"}],"wp:term":[{"taxonomy":"category","embeddable":true,"href":"http:\/\/nuevacordoba.net\/index.php\/wp-json\/wp\/v2\/categories?post=58128"},{"taxonomy":"post_tag","embeddable":true,"href":"http:\/\/nuevacordoba.net\/index.php\/wp-json\/wp\/v2\/tags?post=58128"}],"curies":[{"name":"wp","href":"https:\/\/api.w.org\/{rel}","templated":true}]}}