{"id":5818,"date":"2021-06-15T07:08:13","date_gmt":"2021-06-15T07:08:13","guid":{"rendered":"http:\/\/nuevacordoba.net\/index.php\/2021\/06\/15\/la-otan-se-reencuentra-con-eeuu-y-pone-la-lupa-sobre-china\/"},"modified":"2021-06-15T07:08:13","modified_gmt":"2021-06-15T07:08:13","slug":"la-otan-se-reencuentra-con-eeuu-y-pone-la-lupa-sobre-china","status":"publish","type":"post","link":"http:\/\/nuevacordoba.net\/index.php\/2021\/06\/15\/la-otan-se-reencuentra-con-eeuu-y-pone-la-lupa-sobre-china\/","title":{"rendered":"La OTAN se reencuentra con EEUU y pone la lupa sobre China"},"content":{"rendered":"<div class=\"image\" id=\"image\" readability=\"9\"> <img src=\"http:\/\/nuevacordoba.net\/wp-content\/uploads\/2021\/06\/la-otan-se-reencuentra-con-eeuu-y-pone-la-lupa-sobre-china.jpg\" alt=\"Para el secretario general de la OTAN, Occidente debe &quot;enfrentar los desaf\u00edos planteados por China a nuestra seguridad&quot;.\" title=\"Para el secretario general de la OTAN, Occidente debe &quot;enfrentar los desaf\u00edos planteados por China a nuestra seguridad&quot;.\"><\/p>\n<p>Para el secretario general de la OTAN, Occidente debe \u00abenfrentar los desaf\u00edos planteados por China a nuestra seguridad\u00bb.<\/p>\n<\/div>\n<p>La OTAN alert\u00f3 este lunes sobre los \u00abdesaf\u00edos sist\u00e9micos\u00bb presentados por China y advirti\u00f3 a Rusia que respete las normas internacionales, en una cumbre presencial que marc\u00f3 el reencuentro con Estados Unidos, un aliado estrat\u00e9gico con el que pas\u00f3 momentos de tirantez durante el mandato de Donald Trump.<\/p>\n<p>En una extensa declaraci\u00f3n final, <strong>los l\u00edderes de la Organizaci\u00f3n del Tratado del Atl\u00e1ntico Norte (OTAN) refirmaron su \u00abunidad, solidaridad y cohesi\u00f3n\u00bb para abrir \u00abun nuevo cap\u00edtulo en las relaciones transatl\u00e1nticas\u00bb, y definieron al bloque como \u00abla fundaci\u00f3n de nuestra defensa colectiva\u00bb.<\/strong><\/p>\n<p>Aunque fuentes diplom\u00e1ticas hab\u00edan asegurado que la declaraci\u00f3n se referir\u00eda a China sin lenguaje \u00abincendiario\u00bb, la nota se\u00f1al\u00f3 categ\u00f3ricamente que \u00ablas ambiciones de China\u00bb y su comportamiento representan \u00abdesaf\u00edos sist\u00e9micos al orden internacional basado en reglas\u00bb.<\/p>\n<p><strong>\u00abLlamamos a China a respetar sus compromisos internacionales y actuar con responsabilidad en el sistema internacional, incluyendo los dominios espacial, cibern\u00e9tico y mar\u00edtimo\u00bb, expres\u00f3 la OTAN<\/strong> en la declaraci\u00f3n, recogida por las agencias de noticias AFP y Sputnik.<\/p>\n<p>La <strong>\u00abcreciente influencia de China (&#8230;) puede representar desaf\u00edos que precisamos enfrentar juntos, como una alianza. Nos enfrentamos cada vez m\u00e1s a amenazas cibern\u00e9ticas, h\u00edbridas y asim\u00e9tricas\u00bb, <\/strong>apuntaron.<\/p>\n<p>Al llegar a la sede de la Alianza Atl\u00e1ntica para la cumbre,<strong> el secretario general de la OTAN, Jens Stoltenberg<\/strong>, hab\u00eda dicho que \u00abno habr\u00e1 una nueva guerra fr\u00eda con China\u00bb, pero que <strong>Occidente debe \u00abenfrentar los desaf\u00edos planteados por China a nuestra seguridad\u00bb.<\/strong><\/p>\n<p><strong>Con relaci\u00f3n a Rusia,<\/strong> los aliados expresaron que el fortalecimiento de su capacidad militar y actividades provocadoras en las fronteras de la alianza militar \u00ab<strong>cada vez m\u00e1s amenazan la seguridad del \u00e1rea euro-atl\u00e1ntica\u00bb.<\/strong><\/p>\n<p><strong>\u00abSeguiremos trabajando juntos para tratar todas estas amenazas y desaf\u00edos presentados por Rusia\u00bb, <\/strong>apuntaron los pa\u00edses de la OTAN.<\/p>\n<p><strong>\u00abHasta que Rusia demuestre respeto por la ley internacional y sus obligaciones y compromisos internacionales, no podr\u00e1 haber un retorno a la normalidad\u00bb<\/strong>, agregaron.<\/p>\n<div class=\"image\" id=\"image\" readability=\"9\"> <img src=\"http:\/\/nuevacordoba.net\/wp-content\/uploads\/2021\/06\/la-otan-se-reencuentra-con-eeuu-y-pone-la-lupa-sobre-china-1.jpg\" alt=\"El comportamiento de China representa &quot;desaf\u00edos sist\u00e9micos al orden internacional basado en reglas&quot;, dien miembros de la OTAN\" title=\"El comportamiento de China representa &quot;desaf\u00edos sist\u00e9micos al orden internacional basado en reglas&quot;, dien miembros de la OTAN\"><\/p>\n<p>El comportamiento de China representa \u00abdesaf\u00edos sist\u00e9micos al orden internacional basado en reglas\u00bb, dien miembros de la OTAN<\/p>\n<\/div>\n<p><br open><br \/>\nEn su declaraci\u00f3n, los mandatarios tambi\u00e9n reafirmaron que la retirada de sus tropas de Afganist\u00e1n despu\u00e9s de dos d\u00e9cadas \u00abno significa el fin\u00bb de su relaci\u00f3n con ese pa\u00eds.<\/p>\n<p>Aunque la OTAN retirar\u00e1 este a\u00f1o todas sus tropas de Afganist\u00e1n, los l\u00edderes apuntaron que mantendr\u00e1n una Oficina de Representaci\u00f3n Civil en Kabul, y adem\u00e1s apuntaron que aportar\u00e1n \u00abfondos transitorios para garantizar el funcionamiento del aeropuerto internacional Hamid Karzai\u00bb, en Kabul.<\/p>\n<p><strong>La reuni\u00f3n en Bruselas cont\u00f3 con la participaci\u00f3n del presidente de Estados Unidos, Joe Biden<\/strong>, quien en cada ocasi\u00f3n busc\u00f3 poner en evidencia el apoyo de Washington a la alianza militar, despu\u00e9s de las tensiones vividas durante la gesti\u00f3n de Donald Trump en la Casa Blanca.<\/p>\n<p><strong>\u00abQuiero ser muy claro: la OTAN es de una importancia capital para nuestros intereses y en s\u00ed misma\u00bb, expres\u00f3 Biden este lunes, y volvi\u00f3 a hacer referencia a una \u00abobligaci\u00f3n sagrada\u00bb <\/strong>de su pa\u00eds con la alianza militar.<\/p>\n<p>Por su parte, Stoltenberg destac\u00f3 que en las reuniones a puerta cerrada Biden garantiz\u00f3 a los l\u00edderes de la OTAN el compromiso de su gobierno con la alianza militar, en un marcado contraste con la dif\u00edcil relaci\u00f3n que el bloque mantuvo con Trump.<\/p>\n<p>En el segmento de las relaciones de la OTAN con actores fuera del bloque, el documento apunta que la alianza \u00abintensifica la interacci\u00f3n con Colombia, un aliado en Am\u00e9rica Latina, en temas de gobernabilidad, entrenamiento militar, desminado y seguridad mar\u00edtima\u00bb.<\/p>\n<p><strong>Otro tema de permanente tensi\u00f3n es el papel de Turqu\u00eda, un aliado dif\u00edcil<\/strong> que sin embargo podr\u00eda desempe\u00f1ar un rol central en el futuro inmediato en Afganist\u00e1n despu\u00e9s de la retirada de las tropas.<\/p>\n<p><strong>Tambi\u00e9n estuvo presente en la capital belga el primer ministro brit\u00e1nico, Boris Johnson<\/strong>, quien destac\u00f3 que la recuperaci\u00f3n global pospandemia debe estar respaldada por una seguridad compartida.<\/p>\n<p><strong>\u00abLa pandemia de coronavirus ha reforzado el valor de la OTAN y los aliados deben redoblar su compromiso con la alianza y asegurarse de que se adapte para enfrentar los desaf\u00edos del futuro\u00bb<\/strong>, subray\u00f3.<\/p>\n<p>Por su parte, el presidente del gobierno de Espa\u00f1a, Pedro S\u00e1nchez, dijo en una rueda de prensa junto a Stoltenberg que en la jornada mantuvo un encuentro con Biden en el que, entre otros temas, le ofreci\u00f3 detalles de su reciente gira por Am\u00e9rica Latina.<\/p>\n<p><strong>Espa\u00f1a ser\u00e1 la sede de la pr\u00f3xima cumbre de la OTAN, en 2022,<\/strong> cuando se cumplan 40 a\u00f1os de su ingreso al nucleamiento.<\/p>\n<p>Adem\u00e1s de Biden, en esta cumbre presencial de la OTAN estuvieron Justin Trudeau, primer ministro de Canad\u00e1; Mario Draghi, presidente del Consejo de Ministros de Italia; Zdravko Krivokapi\u0107, premier de Montenegro; Zoran Zaev, primer ministro de Macedonia del Norte; Janez Jan\u0161a, premier esloveno, y Boris Johnson, primer ministro del Reino Unido.<\/p>\n<p>Tambi\u00e9n participaron la canciller alemana, Angela Merkel; los primeros ministros de Grecia, Kyriakos Mitsotakis; de Dinamarca, Mette Frederiksen; de Islandia, Katr\u00edn Jakobsd\u00f3ttir; de Portugal, Antonio Costa; de Noruega, Erna Soberg, y el presidente del Gobierno de Espala, Pedro S\u00e1nchez; y los presidentes de Francia, Emmannuel Macr\u00f3n, y de Turqu\u00eda, Recep Tayyip Erdogan, entre otros. <\/p>\n","protected":false},"excerpt":{"rendered":"<p>Para el secretario general de la OTAN, Occidente debe \u00abenfrentar los desaf\u00edos planteados por China a nuestra seguridad\u00bb. La OTAN alert\u00f3 este lunes sobre los \u00abdesaf\u00edos sist\u00e9micos\u00bb presentados por China y advirti\u00f3 a Rusia que respete las normas internacionales, en una cumbre presencial que marc\u00f3 el reencuentro con Estados Unidos, un aliado estrat\u00e9gico con el [&hellip;]<\/p>\n","protected":false},"author":1,"featured_media":5819,"comment_status":"closed","ping_status":"closed","sticky":false,"template":"","format":"standard","meta":[],"categories":[13],"tags":[],"_links":{"self":[{"href":"http:\/\/nuevacordoba.net\/index.php\/wp-json\/wp\/v2\/posts\/5818"}],"collection":[{"href":"http:\/\/nuevacordoba.net\/index.php\/wp-json\/wp\/v2\/posts"}],"about":[{"href":"http:\/\/nuevacordoba.net\/index.php\/wp-json\/wp\/v2\/types\/post"}],"author":[{"embeddable":true,"href":"http:\/\/nuevacordoba.net\/index.php\/wp-json\/wp\/v2\/users\/1"}],"replies":[{"embeddable":true,"href":"http:\/\/nuevacordoba.net\/index.php\/wp-json\/wp\/v2\/comments?post=5818"}],"version-history":[{"count":0,"href":"http:\/\/nuevacordoba.net\/index.php\/wp-json\/wp\/v2\/posts\/5818\/revisions"}],"wp:featuredmedia":[{"embeddable":true,"href":"http:\/\/nuevacordoba.net\/index.php\/wp-json\/wp\/v2\/media\/5819"}],"wp:attachment":[{"href":"http:\/\/nuevacordoba.net\/index.php\/wp-json\/wp\/v2\/media?parent=5818"}],"wp:term":[{"taxonomy":"category","embeddable":true,"href":"http:\/\/nuevacordoba.net\/index.php\/wp-json\/wp\/v2\/categories?post=5818"},{"taxonomy":"post_tag","embeddable":true,"href":"http:\/\/nuevacordoba.net\/index.php\/wp-json\/wp\/v2\/tags?post=5818"}],"curies":[{"name":"wp","href":"https:\/\/api.w.org\/{rel}","templated":true}]}}