{"id":58182,"date":"2025-05-19T21:29:40","date_gmt":"2025-05-19T21:29:40","guid":{"rendered":"https:\/\/www.ole.com.ar\/autos\/franco-colapinto-yukitsunoda-comunicado-fia-formula-1-f1_0_KCbVXwzCbT.html"},"modified":"2025-05-19T21:29:40","modified_gmt":"2025-05-19T21:29:40","slug":"la-razon-por-la-que-la-fia-hablo-de-franco-colapinto-y-yuki-tsunoda-en-un-comunicado","status":"publish","type":"post","link":"http:\/\/nuevacordoba.net\/index.php\/2025\/05\/19\/la-razon-por-la-que-la-fia-hablo-de-franco-colapinto-y-yuki-tsunoda-en-un-comunicado\/","title":{"rendered":"La raz\u00f3n por la que la FIA habl\u00f3 de Franco Colapinto y Yuki Tsunoda en un comunicado"},"content":{"rendered":"<p><time class=\"createDate\" datetime=\"2025-05-19T18:29:40-03:00\">19\/05\/2025 18:29hs.<\/time><\/p>\n<div id=\"storyBody\">\n<div class=\"custom-text \" readability=\"30.598308668076\">\n<p>Los fierros despiertan una llama dentro de cada fan\u00e1tico, pero no todo vale. En la vuelta de <strong><a href=\"https:\/\/www.ole.com.ar\/tema\/franco-colapinto.html\" title=\"Franco Colapinto\" alt=\"Franco Colapinto\" class=\"slug\">Franco Colapinto<\/a><\/strong> a la <a href=\"https:\/\/www.ole.com.ar\/tema\/formula-1.html\" title=\"F\u00f3rmula 1\" alt=\"F\u00f3rmula 1\" class=\"slug\">F\u00f3rmula 1<\/a>, <strong>dos pilotos fueron acosados en las redes<\/strong> <strong>sociales <\/strong>y, de alg\u00fan modo, la figura del bonaerense estuvo vinculada. Uno tuvo que ver con una imagen trucada <a href=\"https:\/\/www.ole.com.ar\/autos\/jack-doohan-alpine-franco-colapinto-hinchas-argentinos_0_kgZzhBedvh.html\" target=\"_blank\" title=\"que involucr\u00f3 al padre de Jack Doohan\" alt=\"que involucr\u00f3 al padre de Jack Doohan\" rel=\"noopener\">que involucr\u00f3<\/a><a href=\"https:\/\/www.ole.com.ar\/autos\/jack-doohan-alpine-franco-colapinto-hinchas-argentinos_0_kgZzhBedvh.html\" target=\"_self\" title=\" a Jack Doohan, quien sali\u00f3 a quejarse por el hostigamiento que recibe su familia\" alt=\" a Jack Doohan, quien sali\u00f3 a quejarse por el hostigamiento que recibe su familia\" rel=\"noopener\"> a<\/a><strong><a href=\"https:\/\/www.ole.com.ar\/autos\/jack-doohan-alpine-franco-colapinto-hinchas-argentinos_0_kgZzhBedvh.html\" target=\"_self\" title=\" a Jack Doohan, quien sali\u00f3 a quejarse por el hostigamiento que recibe su familia\" alt=\" a Jack Doohan, quien sali\u00f3 a quejarse por el hostigamiento que recibe su familia\" rel=\"noopener\">Jack Doohan<\/a><\/strong><a href=\"https:\/\/www.ole.com.ar\/autos\/jack-doohan-alpine-franco-colapinto-hinchas-argentinos_0_kgZzhBedvh.html\" target=\"_self\" title=\" a Jack Doohan, quien sali\u00f3 a quejarse por el hostigamiento que recibe su familia\" alt=\" a Jack Doohan, quien sali\u00f3 a quejarse por el hostigamiento que recibe su familia\" rel=\"noopener\">, quien sali\u00f3 a quejarse por el hostigamiento que recibe su familia<\/a>, mientras que el otro amerit\u00f3 <strong>un comunicado por parte de la FIA y tuvo que ver con<\/strong> <strong>Yuki Tsunoda<\/strong>.<\/p>\n<\/div>\n<div class=\"custom-text \" readability=\"39\">\n<p>\u00bfC\u00f3mo arranc\u00f3 esta historia? Durante la primera pr\u00e1ctica libre del <strong>Gran Premio de Imola<\/strong>, el bonaerense realiz\u00f3 una maniobra temeraria y entorpeci\u00f3 el paso del japon\u00e9s, que ante la bronca por haber tenido que abortar su vuelta, <strong>le sac\u00f3 el dedo del medio <\/strong>al debutante con los colores de Alpine. Este gesto no pas\u00f3 desapercibido por los hinchas albicelestes, quienes r\u00e1pidamente <strong>inundaron las redes del segundo volante de Red Bull con comentarios poco amigables<\/strong>.<\/p>\n<\/div>\n<div class=\"sc-e7b891c4-0 ifHnQL image-embed\"><img alt=\"El gesto de Tsunoda a Colapinto.\" loading=\"lazy\" width=\"720\" height=\"100\" decoding=\"async\" data-nimg=\"1\" src=\"http:\/\/nuevacordoba.net\/wp-content\/uploads\/2025\/05\/la-razon-por-la-que-la-fia-hablo-de-franco-colapinto-y-yuki-tsunoda-en-un-comunicado.jpg\"><span class=\"epigraphe\">El gesto de Tsunoda a Colapinto.<\/span><\/div>\n<div class=\"custom-text \" readability=\"39\">\n<p>Ambos pilotos saltaron al escenario en la previa del evento principal y, claro, hablaron sobre lo sucedido. \u00abS\u00e9 que son extremadamente apasionados y a veces son muy duros con las personas. <strong>Tienen que mostrar respeto, que es lo que todos queremos<\/strong>\u00ab, expres\u00f3 Colapinto sobre los argentinos que atacaron al nip\u00f3n.<\/p>\n<\/div>\n<div class=\"custom-text \" readability=\"39\">\n<p>Luego, sentenci\u00f3: \u00ab<strong>Hay mucho odio en las redes sociales<\/strong>&#8230; As\u00ed que por supuesto que siempre intentamos y queremos mantener un ambiente respetuoso y calmado para todos los pilotos\u00bb. Hay que recordar las palabras de <strong>Jamie Campbell-Walter<\/strong>, representante del pilarense, a principios del a\u00f1o tras el acoso que recibi\u00f3 Doohan: \u00abA todos los haters que creen que est\u00e1n ayudando a Franco, <strong>ustedes est\u00e1n haciendo m\u00e1s da\u00f1o que bien<\/strong>\u00ab.<\/p>\n<\/div>\n<div class=\"custom-text \" readability=\"36\">\n<p>En tanto, un Tsunoda que se dio un golpe fort\u00edsimo en la clasificaci\u00f3n se limit\u00f3 a decir que si la situaci\u00f3n continuaba empeorando, <strong>la M\u00e1xima deber\u00eda dar su opini\u00f3n<\/strong> en alg\u00fan punto. <strong>Y as\u00ed fue.<\/strong><\/p>\n<\/div>\n<div class=\"sc-734b4696-1 kFfZtB\">\n<div class=\"sc-d00d9e74-0 hnHYbk\" type=\"embed\">\n<div class=\"sc-d00d9e74-1 iKVbz videoText\" id=\"contentTitleembedwaCWWKDY\" type=\"embed\"><svg fill=\"#ffffff\"><symbol id=\"play\" viewBox=\"0 0 512 512\"><path d=\"M512 256C512 397.4 397.4 512 256 512C114.6 512 0 397.4 0 256C0 114.6 114.6 0 256 0C397.4 0 512 114.6 512 256zM176 168V344C176 352.7 180.7 360.7 188.3 364.9C195.8 369.2 205.1 369 212.5 364.5L356.5 276.5C363.6 272.1 368 264.4 368 256C368 247.6 363.6 239.9 356.5 235.5L212.5 147.5C205.1 142.1 195.8 142.8 188.3 147.1C180.7 151.3 176 159.3 176 168V168z\" \/><\/symbol><use xlink:href=\"#play\" \/><\/svg><\/p>\n<div class=\"right\">\n<p>Yuki Tsunoda<!-- --> &#8211; <span>&nbsp;<\/span><\/p>\n<h2 class=\"title-vid\">El escalofriante accidente de Yuki Tsunoda durante la qualy del Gran Premio de Imola<\/h2>\n<\/div>\n<\/div>\n<p><span class=\"back\" id=\"spanBackembedwaCWWKDY\"><\/span><\/div>\n<div class=\"JWvideoNota_title\">\n<p>Video: F\u00f3rmula 1<\/p>\n<\/div>\n<\/div>\n<p><h2><strong>Las palabras de Ben Sulayem, presidente de la FIA, tras lo sucedido<\/strong><\/h2>\n<\/p>\n<div class=\"custom-text \" readability=\"39\">\n<p>\u00abEl automovilismo est\u00e1 construido alrededor de la competici\u00f3n, la pasi\u00f3n y el compromiso, y cada piloto de carreras que salte a la pista debe representar esos valores. El entusiasmo y la devoci\u00f3n que todos sentimos por este deporte nos tiene que unir y nunca transformarse en abuso u odio. <strong>Respaldo totalmente a Yuki Tsuonoda y a Franco Colapinto, y les agradezco por hablar y oponerse al creciente problema del abuso en redes sociales<\/strong>\u00ab, expres\u00f3 el emirat\u00ed.<\/p>\n<\/div>\n<div class=\"custom-text \" readability=\"39\">\n<p>Para cerrar, expres\u00f3: \u00abNadie debe ser sometido a amenazas o a la discriminaci\u00f3n. <strong>No hay lugar para la toxicidad en nuestra comunidad<\/strong>. A trav\u00e9s de la unidad en contra de la campa\u00f1a de abuso en internet, vamos a tomar acci\u00f3n, prevenir a los usuarios y generar apoyo. Nos comprometemos a salvaguardar el bienestar de todos, y juntos construir un ambiente m\u00e1s cuidado y respetuoso para todos\u00bb.<\/p>\n<\/div>\n<div class=\"sc-e7b891c4-0 ifHnQL image-embed\"><img alt=\"El comunicado en conjunto de la FIA y su presidente, Ben Sulayem. (Foto: @fia.official)\" loading=\"lazy\" width=\"720\" height=\"100\" decoding=\"async\" data-nimg=\"1\" src=\"http:\/\/nuevacordoba.net\/wp-content\/uploads\/2025\/05\/la-razon-por-la-que-la-fia-hablo-de-franco-colapinto-y-yuki-tsunoda-en-un-comunicado-1.jpg\"><span class=\"epigraphe\">El comunicado en conjunto de la FIA y su presidente, Ben Sulayem. (Foto: @fia.official)<\/span><\/div>\n<div class=\"sc-a7166897-0 eoLsBE\" readability=\"6\">\n<section readability=\"2\"><picture><img alt=\"La mejor noticia que dej\u00f3 Imola: Franco Colapinto 2025 y 2026\" loading=\"lazy\" width=\"290\" height=\"290\" decoding=\"async\" data-nimg=\"1\" src=\"http:\/\/nuevacordoba.net\/wp-content\/uploads\/2025\/05\/la-razon-por-la-que-la-fia-hablo-de-franco-colapinto-y-yuki-tsunoda-en-un-comunicado-2.jpg\"><\/picture>\n<p><span>Mir\u00e1 tambi\u00e9n<\/span><\/p>\n<hr>\n<h3>La mejor noticia que dej\u00f3 Imola: Franco Colapinto 2025 y 2026<\/h3>\n<\/p>\n<\/section>\n<\/div>\n<div class=\"sc-a7166897-0 eoLsBE\" readability=\"6.5\">\n<section readability=\"3\"><picture><img alt=\"Franco Colapinto a Ol\u00e9: &quot;No es el resultado que esper\u00e1bamos, pero es lo que hay&quot;\" loading=\"lazy\" width=\"290\" height=\"290\" decoding=\"async\" data-nimg=\"1\" src=\"http:\/\/nuevacordoba.net\/wp-content\/uploads\/2025\/05\/la-razon-por-la-que-la-fia-hablo-de-franco-colapinto-y-yuki-tsunoda-en-un-comunicado-3.jpg\"><\/picture>\n<p><span>Mir\u00e1 tambi\u00e9n<\/span><\/p>\n<hr>\n<h3>Franco Colapinto a Ol\u00e9: \u00abNo es el resultado que esper\u00e1bamos, pero es lo que hay\u00bb<\/h3>\n<\/p>\n<\/section>\n<\/div>\n<div class=\"sc-a7166897-0 eoLsBE\" readability=\"6.5\">\n<section readability=\"3\"><picture><img alt=\"Opini\u00f3n: sin poder acelerar, Franco Colapinto aprob\u00f3 en el debut\" loading=\"lazy\" width=\"290\" height=\"290\" decoding=\"async\" data-nimg=\"1\" src=\"http:\/\/nuevacordoba.net\/wp-content\/uploads\/2025\/05\/la-razon-por-la-que-la-fia-hablo-de-franco-colapinto-y-yuki-tsunoda-en-un-comunicado-4.jpg\"><\/picture>\n<p><span>Mir\u00e1 tambi\u00e9n<\/span><\/p>\n<hr>\n<h3>Opini\u00f3n: sin poder acelerar, Franco Colapinto aprob\u00f3 en el debut<\/h3>\n<\/p>\n<\/section>\n<\/div>\n<\/div>\n","protected":false},"excerpt":{"rendered":"<p>19\/05\/2025 18:29hs. Los fierros despiertan una llama dentro de cada fan\u00e1tico, pero no todo vale. En la vuelta de Franco Colapinto a la F\u00f3rmula 1, dos pilotos fueron acosados en las redes sociales y, de alg\u00fan modo, la figura del bonaerense estuvo vinculada. Uno tuvo que ver con una imagen trucada que involucr\u00f3 aJack Doohan, [&hellip;]<\/p>\n","protected":false},"author":1,"featured_media":58183,"comment_status":"closed","ping_status":"closed","sticky":false,"template":"","format":"standard","meta":[],"categories":[10],"tags":[],"_links":{"self":[{"href":"http:\/\/nuevacordoba.net\/index.php\/wp-json\/wp\/v2\/posts\/58182"}],"collection":[{"href":"http:\/\/nuevacordoba.net\/index.php\/wp-json\/wp\/v2\/posts"}],"about":[{"href":"http:\/\/nuevacordoba.net\/index.php\/wp-json\/wp\/v2\/types\/post"}],"author":[{"embeddable":true,"href":"http:\/\/nuevacordoba.net\/index.php\/wp-json\/wp\/v2\/users\/1"}],"replies":[{"embeddable":true,"href":"http:\/\/nuevacordoba.net\/index.php\/wp-json\/wp\/v2\/comments?post=58182"}],"version-history":[{"count":0,"href":"http:\/\/nuevacordoba.net\/index.php\/wp-json\/wp\/v2\/posts\/58182\/revisions"}],"wp:featuredmedia":[{"embeddable":true,"href":"http:\/\/nuevacordoba.net\/index.php\/wp-json\/wp\/v2\/media\/58183"}],"wp:attachment":[{"href":"http:\/\/nuevacordoba.net\/index.php\/wp-json\/wp\/v2\/media?parent=58182"}],"wp:term":[{"taxonomy":"category","embeddable":true,"href":"http:\/\/nuevacordoba.net\/index.php\/wp-json\/wp\/v2\/categories?post=58182"},{"taxonomy":"post_tag","embeddable":true,"href":"http:\/\/nuevacordoba.net\/index.php\/wp-json\/wp\/v2\/tags?post=58182"}],"curies":[{"name":"wp","href":"https:\/\/api.w.org\/{rel}","templated":true}]}}