{"id":58188,"date":"2025-05-20T15:44:55","date_gmt":"2025-05-20T15:44:55","guid":{"rendered":"https:\/\/cordobaoutdoor.com.ar\/?p=2932"},"modified":"2025-05-20T15:44:55","modified_gmt":"2025-05-20T15:44:55","slug":"la-24a-conferencia-del-observatorio-internacional-de-la-democracia-participativa-se-llevara-a-cabo-en-cordoba-capital","status":"publish","type":"post","link":"http:\/\/nuevacordoba.net\/index.php\/2025\/05\/20\/la-24a-conferencia-del-observatorio-internacional-de-la-democracia-participativa-se-llevara-a-cabo-en-cordoba-capital\/","title":{"rendered":"La 24\u00aa Conferencia del Observatorio Internacional de la Democracia Participativa se llevar\u00e1 a cabo en C\u00f3rdoba Capital"},"content":{"rendered":"<p class data-start=\"360\" data-end=\"887\"><span>La ciudad de C\u00f3rdoba se prepara para recibir un evento de alcance internacional que pondr\u00e1 en el centro del debate las nuevas formas de participaci\u00f3n ciudadana. Los d\u00edas 21, 22 y 23 de mayo, se desarrollar\u00e1 en distintos espacios de la ciudad la 24\u00aa Conferencia Anual del Observatorio Internacional de la Democracia Participativa (OIDP), una cita clave para el fortalecimiento de la democracia y el impulso a la colaboraci\u00f3n entre gobiernos locales, organizaciones sociales, instituciones acad\u00e9micas y ciudadan\u00eda activa.<\/span><\/p>\n<p class data-start=\"889\" data-end=\"1224\"><span>La Conferencia reunir\u00e1 a responsables pol\u00edticos, t\u00e9cnicos, especialistas, acad\u00e9micos y representantes de organizaciones sociales de distintas partes del mundo, con el objetivo de intercambiar experiencias, analizar desaf\u00edos actuales y promover nuevas estrategias para una gobernanza m\u00e1s participativa, inclusiva y transparente.<\/span><\/p>\n<p class data-start=\"1226\" data-end=\"1595\"><span>El evento propone una agenda de tres d\u00edas de trabajo con mesas de di\u00e1logo, paneles, talleres, visitas de campo y actividades culturales, donde se abordar\u00e1n temas como presupuestos participativos, innovaci\u00f3n p\u00fablica, gobierno abierto, justicia clim\u00e1tica, derechos digitales y participaci\u00f3n juvenil, entre otros ejes fundamentales para las democracias contempor\u00e1neas.<\/span><\/p>\n<h3 class data-start=\"1597\" data-end=\"1637\"><span><strong data-start=\"1601\" data-end=\"1637\">Participaci\u00f3n abierta y gratuita<\/strong><\/span><\/h3>\n<p class data-start=\"1638\" data-end=\"2060\"><span>La asistencia es gratuita y est\u00e1 abierta a toda la comunidad, aunque se requiere inscripci\u00f3n previa a trav\u00e9s de un formulario en l\u00ednea. La invitaci\u00f3n se extiende especialmente a integrantes de centros vecinales, movimientos ciudadanos, organizaciones de la sociedad civil, estudiantes, docentes, profesionales del sector p\u00fablico y a toda persona interesada en las pr\u00e1cticas de participaci\u00f3n y democracia local.<\/span><\/p>\n<p class data-start=\"2062\" data-end=\"2116\"><span><strong>Formulario de inscripci\u00f3n:&nbsp;<\/strong><a href=\"https:\/\/forms.gle\/LAp9PfctEhYqVpNn7\">en este enlace.<\/a><\/span><\/p>\n<p data-start=\"2062\" data-end=\"2116\"><img loading=\"lazy\" decoding=\"async\" class=\"aligncenter size-full wp-image-2936\" src=\"http:\/\/nuevacordoba.net\/wp-content\/uploads\/2025\/05\/la-24a-conferencia-del-observatorio-internacional-de-la-democracia-participativa-se-llevara-a-cabo-en-cordoba-capital.jpg\" alt width=\"1200\" height=\"675\" srcset=\"http:\/\/nuevacordoba.net\/wp-content\/uploads\/2025\/05\/la-24a-conferencia-del-observatorio-internacional-de-la-democracia-participativa-se-llevara-a-cabo-en-cordoba-capital.jpg 1200w, http:\/\/nuevacordoba.net\/wp-content\/uploads\/2025\/05\/la-24a-conferencia-del-observatorio-internacional-de-la-democracia-participativa-se-llevara-a-cabo-en-cordoba-capital-1.jpg 300w, http:\/\/nuevacordoba.net\/wp-content\/uploads\/2025\/05\/la-24a-conferencia-del-observatorio-internacional-de-la-democracia-participativa-se-llevara-a-cabo-en-cordoba-capital-2.jpg 1024w, http:\/\/nuevacordoba.net\/wp-content\/uploads\/2025\/05\/la-24a-conferencia-del-observatorio-internacional-de-la-democracia-participativa-se-llevara-a-cabo-en-cordoba-capital-3.jpg 768w, http:\/\/nuevacordoba.net\/wp-content\/uploads\/2025\/05\/la-24a-conferencia-del-observatorio-internacional-de-la-democracia-participativa-se-llevara-a-cabo-en-cordoba-capital-4.jpg 421w\" sizes=\"(max-width: 1200px) 100vw, 1200px\"><\/p>\n<h3 class data-start=\"2118\" data-end=\"2142\"><span><strong data-start=\"2122\" data-end=\"2142\">Sedes del evento<\/strong><\/span><\/h3>\n<p class data-start=\"2143\" data-end=\"2309\"><span>La conferencia se desarrollar\u00e1 en tres puntos estrat\u00e9gicos del centro de la ciudad, que permitir\u00e1n facilitar el acceso y promover el encuentro entre diversos actores:<\/span><\/p>\n<ul data-start=\"2311\" data-end=\"2547\">\n<li class data-start=\"2311\" data-end=\"2398\">\n<p class data-start=\"2313\" data-end=\"2398\"><span>Centro Cultural de la Universidad Nacional de C\u00f3rdoba (UNC) \u2013 Duarte Quir\u00f3s 133<\/span><\/p>\n<\/li>\n<li class data-start=\"2399\" data-end=\"2481\">\n<p class data-start=\"2401\" data-end=\"2481\"><span>Sede Centro de la Universidad Cat\u00f3lica de C\u00f3rdoba (UCC) \u2013 Obispo Trejo 323<\/span><\/p>\n<\/li>\n<li class data-start=\"2482\" data-end=\"2547\">\n<p class data-start=\"2484\" data-end=\"2547\"><span>Palacio Municipal 6 de Julio \u2013 Av. Marcelo T. de Alvear 120<\/span><\/p>\n<\/li>\n<\/ul>\n<p class data-start=\"2549\" data-end=\"2790\"><span>Estas sedes funcionar\u00e1n como escenarios para las distintas actividades del programa, que incluye intervenciones urbanas, ferias de experiencias y espacios colaborativos de construcci\u00f3n de pol\u00edticas p\u00fablicas desde una perspectiva democr\u00e1tica.<\/span><\/p>\n<h3 class data-start=\"2792\" data-end=\"2813\"><span>Sobre el OIDP<\/span><\/h3>\n<p class data-start=\"2814\" data-end=\"3272\"><span>El <strong data-start=\"2817\" data-end=\"2878\">Observatorio Internacional de la Democracia Participativa<\/strong> es una red de m\u00e1s de 1.000 gobiernos locales y organizaciones de todo el mundo que promueven activamente la participaci\u00f3n ciudadana y las innovaciones democr\u00e1ticas. La conferencia anual del OIDP es uno de los encuentros m\u00e1s importantes a nivel global sobre democracia local, y C\u00f3rdoba ser\u00e1 anfitriona de esta edici\u00f3n tras haber sido seleccionada por su trayectoria en pol\u00edticas participativas.<\/span><\/p>\n<p class data-start=\"3274\" data-end=\"3428\"><strong><span>El cronograma completo de actividades, listado de oradores e informaci\u00f3n adicional puede consultarse <\/span><\/strong><span><a href=\"https:\/\/yoparticipo.cordoba.gob.ar\/oidp\/programa\/\">en este enlace<\/a>.<\/span><\/p>\n","protected":false},"excerpt":{"rendered":"<p>La ciudad de C\u00f3rdoba se prepara para recibir un evento de alcance internacional que pondr\u00e1 en el centro del debate las nuevas formas de participaci\u00f3n ciudadana. Los d\u00edas 21, 22 y 23 de mayo, se desarrollar\u00e1 en distintos espacios de la ciudad la 24\u00aa Conferencia Anual del Observatorio Internacional de la Democracia Participativa (OIDP), una [&hellip;]<\/p>\n","protected":false},"author":1,"featured_media":58189,"comment_status":"closed","ping_status":"closed","sticky":false,"template":"","format":"standard","meta":[],"categories":[11],"tags":[],"_links":{"self":[{"href":"http:\/\/nuevacordoba.net\/index.php\/wp-json\/wp\/v2\/posts\/58188"}],"collection":[{"href":"http:\/\/nuevacordoba.net\/index.php\/wp-json\/wp\/v2\/posts"}],"about":[{"href":"http:\/\/nuevacordoba.net\/index.php\/wp-json\/wp\/v2\/types\/post"}],"author":[{"embeddable":true,"href":"http:\/\/nuevacordoba.net\/index.php\/wp-json\/wp\/v2\/users\/1"}],"replies":[{"embeddable":true,"href":"http:\/\/nuevacordoba.net\/index.php\/wp-json\/wp\/v2\/comments?post=58188"}],"version-history":[{"count":0,"href":"http:\/\/nuevacordoba.net\/index.php\/wp-json\/wp\/v2\/posts\/58188\/revisions"}],"wp:featuredmedia":[{"embeddable":true,"href":"http:\/\/nuevacordoba.net\/index.php\/wp-json\/wp\/v2\/media\/58189"}],"wp:attachment":[{"href":"http:\/\/nuevacordoba.net\/index.php\/wp-json\/wp\/v2\/media?parent=58188"}],"wp:term":[{"taxonomy":"category","embeddable":true,"href":"http:\/\/nuevacordoba.net\/index.php\/wp-json\/wp\/v2\/categories?post=58188"},{"taxonomy":"post_tag","embeddable":true,"href":"http:\/\/nuevacordoba.net\/index.php\/wp-json\/wp\/v2\/tags?post=58188"}],"curies":[{"name":"wp","href":"https:\/\/api.w.org\/{rel}","templated":true}]}}