{"id":5820,"date":"2021-06-15T10:40:28","date_gmt":"2021-06-15T10:40:28","guid":{"rendered":"http:\/\/nuevacordoba.net\/index.php\/2021\/06\/15\/bauer-encabezo-la-presentacion-de-una-pelicula-sobre-guemes-junto-a-sbaraglia-y-moran\/"},"modified":"2021-06-15T10:40:28","modified_gmt":"2021-06-15T10:40:28","slug":"bauer-encabezo-la-presentacion-de-una-pelicula-sobre-guemes-junto-a-sbaraglia-y-moran","status":"publish","type":"post","link":"http:\/\/nuevacordoba.net\/index.php\/2021\/06\/15\/bauer-encabezo-la-presentacion-de-una-pelicula-sobre-guemes-junto-a-sbaraglia-y-moran\/","title":{"rendered":"Bauer encabez\u00f3 la presentaci\u00f3n de una pel\u00edcula sobre G\u00fcemes junto a Sbaraglia y Mor\u00e1n"},"content":{"rendered":"<div class=\"image\" id=\"image\" readability=\"10\"> <img src=\"http:\/\/nuevacordoba.net\/wp-content\/uploads\/2021\/06\/bauer-encabezo-la-presentacion-de-una-pelicula-sobre-guemes-junto-a-sbaraglia-y-moran.jpg\" alt=\"La pel\u00edcula cuenta con las actuaciones de Leonardo Sbaraglia, Mercedes Mor\u00e1n, Martina Garello y Walter Jakob.\" title=\"La pel\u00edcula cuenta con las actuaciones de Leonardo Sbaraglia, Mercedes Mor\u00e1n, Martina Garello y Walter Jakob.\"><\/p>\n<p>La pel\u00edcula cuenta con las actuaciones de Leonardo Sbaraglia, Mercedes Mor\u00e1n, Martina Garello y Walter Jakob.<\/p>\n<\/div>\n<p>El <strong>Canal Encuentro <\/strong>estrenar\u00e1 este jueves 17 de junio, a las 22, <strong>\u00abEnsayo para G\u00fcemes\u00bb<\/strong>, un mediometraje de ficci\u00f3n de <strong>Daniel Rosenfeld<\/strong> en el que se aborda la vida del caudillo salte\u00f1o, al cumplirse 200 a\u00f1os de su fallecimiento.<\/p>\n<p>\u00abCuando creamos Canal Encuentro tuvimos la convicci\u00f3n de que la televisi\u00f3n pod\u00eda ser un instrumento para la educaci\u00f3n y el aprendizaje. Estoy seguro que esta producci\u00f3n nos ayuda mucho para esa reconstrucci\u00f3n de pa\u00eds que hay que hacer\u00bb, sostuvo el ministro de Cultura, al ofrecer unas palabras en la actividad a la que asisti\u00f3 acompa\u00f1ado por la Gerente General de Contenidos P\u00fablicos, <strong>Jesica Tritten<\/strong>.<\/p>\n<p>Con las actuaciones de<strong> Leonardo Sbaraglia, Mercedes Mor\u00e1n, Martina Garello y Walter Jakob<\/strong>, \u00abEnsayo para G\u00fcemes\u00bb narra el encuentro entre una dramaturga y un grupo de actores que se re\u00fanen para ensayar una obra teatral inspirada en la pintura de Antonio Alice.<\/p>\n<div class=\"image\" id=\"image\" readability=\"8\"> <img src=\"http:\/\/nuevacordoba.net\/wp-content\/uploads\/2021\/06\/bauer-encabezo-la-presentacion-de-una-pelicula-sobre-guemes-junto-a-sbaraglia-y-moran-1.jpg\" alt=\"El film se estrenar\u00e1 por el Canal Encuentro estrenar\u00e1 este jueves 17 de junio, a las 22.\" title=\"El film se estrenar\u00e1 por el Canal Encuentro estrenar\u00e1 este jueves 17 de junio, a las 22.\"><\/p>\n<p>El film se estrenar\u00e1 por el Canal Encuentro estrenar\u00e1 este jueves 17 de junio, a las 22.<\/p>\n<\/div>\n<p>La pel\u00edcula, que tendr\u00e1 su estreno exclusivo por la pantalla de Canal Encuentro y que fue<strong> filmada bajo estrictos protocolos sanitarios durante la pandemia<\/strong> de coronavirus, propone una din\u00e1mica que <strong>entre mezcla la ficci\u00f3n y el arte para profundizar sobre el pensamiento y el costado m\u00e1s humano<\/strong> de un personaje crucial en la historia argentina.<\/p>\n<p>Al ofrecer unas palabras, su director Daniel Rosenfeld explic\u00f3 que se pone el ojo en el \u00ablado humanizado\u00bb del pr\u00f3cer a partir de las preguntas que se formulan este grupo de artistas que se re\u00fanen para \u00abimaginar una puesta en escena basada en una pintura de Antonio Alice\u00bb y darle comienzo a esa b\u00fasqueda a partir de reflexionar sobre el \u00fanico general que muri\u00f3 en combate durante las batallas por la independencia.<\/p>\n<p>\u00ab<strong>Ojal\u00e1 <\/strong>que este abordaje que hicimos<strong> dispare en todos aquellos que la vean lo mismo que me pas\u00f3 a m\u00ed<\/strong>, que pude conocer <strong>un aspecto de este h\u00e9roe que antes no conoc\u00eda<\/strong>. <strong>Mucho m\u00e1s humano<\/strong>. Espero que este material precioso sirva para que las escuelas puedan tenerlo como un hermoso disparador para conocer a\u00fan m\u00e1s de nuestra historia\u00bb sostuvo Mor\u00e1n, que se puso en la piel de esta dramaturga que re\u00fane a un grupo de actores para explorar en la profundidad de G\u00fcemes.<\/p>\n<div class=\"image\" id=\"image\" readability=\"8\"> <img src=\"http:\/\/nuevacordoba.net\/wp-content\/uploads\/2021\/06\/bauer-encabezo-la-presentacion-de-una-pelicula-sobre-guemes-junto-a-sbaraglia-y-moran-2.jpg\" alt=\"El ministro de Cultura de la Naci\u00f3n encabez\u00f3 esta tarde un acto en La C\u00fapula del Centro Cultural Kirchner.\" title=\"El ministro de Cultura de la Naci\u00f3n encabez\u00f3 esta tarde un acto en La C\u00fapula del Centro Cultural Kirchner.\"><\/p>\n<p>El ministro de Cultura de la Naci\u00f3n encabez\u00f3 esta tarde un acto en La C\u00fapula del Centro Cultural Kirchner.<\/p>\n<\/div>\n<p>En esa misma l\u00ednea, Sbaragalia, quien hab\u00eda sido dirigido por Rosenfeld en \u00abCornelia frente al Espejo\u00bb, una pel\u00edcula estrenada en 2012 y basada en una historia de la escritora, cuentista y poeta Silvina Ocampo, destac\u00f3 que la \u00abvidriera\u00bb para este proyecto sea \u00abCanal Encuentro\u00bb para <strong>llegar a nuevas generaciones que quiz\u00e1s no conoc\u00edan en profundidad a un personaje crucial <\/strong>en la historia argentina por su liderar como general la defensa del norte del pa\u00eds frente a los ej\u00e9rcitos reales.<\/p>\n<p>Para el ministro de Cultura de la Naci\u00f3n, Trist\u00e1n Bauer, la pel\u00edcula tiene \u00ab<strong>algo de milagroso<\/strong>\u00bb por el contexto de hacerla en \u00abtiempos de pandemia, con tanta muerte y tanta enfermedad\u00bb y demuestra \u00abc\u00f3mo ante la dificultad, desde el minimalismo y pocos recursos, puede surgir todo esto que surge en esta obra\u00bb.<\/p>\n<p>Por \u00faltimo, concluy\u00f3 que es tambi\u00e9n \u00ab<strong>un milagro del cine<\/strong>\u00bb cuando se re\u00fanen \u00abel Estado, el sector privado y el talento extraordinario de nuestros actores y actrices\u00bb para \u00abavanzar en estas producciones\u00bb.<\/p>\n<div class=\"image\" id=\"image\" readability=\"7\"> <img src=\"http:\/\/nuevacordoba.net\/wp-content\/uploads\/2021\/06\/bauer-encabezo-la-presentacion-de-una-pelicula-sobre-guemes-junto-a-sbaraglia-y-moran-3.jpg\" alt=\"Bauer encabez\u00f3 la presentaci\u00f3n de una pel\u00edcula sobre G\u00fcemes junto a Sbaraglia y Mor\u00e1n.\" title=\"Bauer encabez\u00f3 la presentaci\u00f3n de una pel\u00edcula sobre G\u00fcemes junto a Sbaraglia y Mor\u00e1n.\"><\/p>\n<p>Bauer encabez\u00f3 la presentaci\u00f3n de una pel\u00edcula sobre G\u00fcemes junto a Sbaraglia y Mor\u00e1n.<\/p>\n<\/div>\n","protected":false},"excerpt":{"rendered":"<p>La pel\u00edcula cuenta con las actuaciones de Leonardo Sbaraglia, Mercedes Mor\u00e1n, Martina Garello y Walter Jakob. El Canal Encuentro estrenar\u00e1 este jueves 17 de junio, a las 22, \u00abEnsayo para G\u00fcemes\u00bb, un mediometraje de ficci\u00f3n de Daniel Rosenfeld en el que se aborda la vida del caudillo salte\u00f1o, al cumplirse 200 a\u00f1os de su fallecimiento. [&hellip;]<\/p>\n","protected":false},"author":1,"featured_media":5821,"comment_status":"closed","ping_status":"closed","sticky":false,"template":"","format":"standard","meta":[],"categories":[9],"tags":[],"_links":{"self":[{"href":"http:\/\/nuevacordoba.net\/index.php\/wp-json\/wp\/v2\/posts\/5820"}],"collection":[{"href":"http:\/\/nuevacordoba.net\/index.php\/wp-json\/wp\/v2\/posts"}],"about":[{"href":"http:\/\/nuevacordoba.net\/index.php\/wp-json\/wp\/v2\/types\/post"}],"author":[{"embeddable":true,"href":"http:\/\/nuevacordoba.net\/index.php\/wp-json\/wp\/v2\/users\/1"}],"replies":[{"embeddable":true,"href":"http:\/\/nuevacordoba.net\/index.php\/wp-json\/wp\/v2\/comments?post=5820"}],"version-history":[{"count":0,"href":"http:\/\/nuevacordoba.net\/index.php\/wp-json\/wp\/v2\/posts\/5820\/revisions"}],"wp:featuredmedia":[{"embeddable":true,"href":"http:\/\/nuevacordoba.net\/index.php\/wp-json\/wp\/v2\/media\/5821"}],"wp:attachment":[{"href":"http:\/\/nuevacordoba.net\/index.php\/wp-json\/wp\/v2\/media?parent=5820"}],"wp:term":[{"taxonomy":"category","embeddable":true,"href":"http:\/\/nuevacordoba.net\/index.php\/wp-json\/wp\/v2\/categories?post=5820"},{"taxonomy":"post_tag","embeddable":true,"href":"http:\/\/nuevacordoba.net\/index.php\/wp-json\/wp\/v2\/tags?post=5820"}],"curies":[{"name":"wp","href":"https:\/\/api.w.org\/{rel}","templated":true}]}}