{"id":5822,"date":"2021-06-15T16:10:28","date_gmt":"2021-06-15T16:10:28","guid":{"rendered":"https:\/\/puntoapunto.com.ar\/?p=279534"},"modified":"2021-06-15T16:10:28","modified_gmt":"2021-06-15T16:10:28","slug":"destinan-mas-de-50-millones-para-impulsar-la-lndustria-4-0-y-la-digitalizacion-de-las-pymes","status":"publish","type":"post","link":"http:\/\/nuevacordoba.net\/index.php\/2021\/06\/15\/destinan-mas-de-50-millones-para-impulsar-la-lndustria-4-0-y-la-digitalizacion-de-las-pymes\/","title":{"rendered":"Destinan m\u00e1s de $50 millones para impulsar la lndustria 4.0 y la digitalizaci\u00f3n de las pymes"},"content":{"rendered":"<p><!-- image --><\/p>\n<div class=\"td-post-featured-image\"><a href=\"http:\/\/nuevacordoba.net\/wp-content\/uploads\/2021\/06\/destinan-mas-de-50-millones-para-impulsar-la-lndustria-4-0-y-la-digitalizacion-de-las-pymes-8.jpg\" data-caption><img loading=\"lazy\" width=\"696\" height=\"464\" class=\"entry-thumb td-modal-image\" src=\"http:\/\/nuevacordoba.net\/wp-content\/uploads\/2021\/06\/destinan-mas-de-50-millones-para-impulsar-la-lndustria-4-0-y-la-digitalizacion-de-las-pymes.jpg\" srcset=\"http:\/\/nuevacordoba.net\/wp-content\/uploads\/2021\/06\/destinan-mas-de-50-millones-para-impulsar-la-lndustria-4-0-y-la-digitalizacion-de-las-pymes.jpg 696w, http:\/\/nuevacordoba.net\/wp-content\/uploads\/2021\/06\/destinan-mas-de-50-millones-para-impulsar-la-lndustria-4-0-y-la-digitalizacion-de-las-pymes-1.jpg 300w, http:\/\/nuevacordoba.net\/wp-content\/uploads\/2021\/06\/destinan-mas-de-50-millones-para-impulsar-la-lndustria-4-0-y-la-digitalizacion-de-las-pymes-2.jpg 1024w, http:\/\/nuevacordoba.net\/wp-content\/uploads\/2021\/06\/destinan-mas-de-50-millones-para-impulsar-la-lndustria-4-0-y-la-digitalizacion-de-las-pymes-3.jpg 768w, http:\/\/nuevacordoba.net\/wp-content\/uploads\/2021\/06\/destinan-mas-de-50-millones-para-impulsar-la-lndustria-4-0-y-la-digitalizacion-de-las-pymes-4.jpg 1536w, http:\/\/nuevacordoba.net\/wp-content\/uploads\/2021\/06\/destinan-mas-de-50-millones-para-impulsar-la-lndustria-4-0-y-la-digitalizacion-de-las-pymes-5.jpg 150w, http:\/\/nuevacordoba.net\/wp-content\/uploads\/2021\/06\/destinan-mas-de-50-millones-para-impulsar-la-lndustria-4-0-y-la-digitalizacion-de-las-pymes-6.jpg 1068w, http:\/\/nuevacordoba.net\/wp-content\/uploads\/2021\/06\/destinan-mas-de-50-millones-para-impulsar-la-lndustria-4-0-y-la-digitalizacion-de-las-pymes-7.jpg 631w, http:\/\/nuevacordoba.net\/wp-content\/uploads\/2021\/06\/destinan-mas-de-50-millones-para-impulsar-la-lndustria-4-0-y-la-digitalizacion-de-las-pymes-8.jpg 2048w\" sizes=\"(max-width: 696px) 100vw, 696px\" alt title=\"E34d4N_XEAARjyC\"><\/a><\/div>\n<p> <!-- content --><\/p>\n<div class=\"td-a-rec td-a-rec-id-content_top tdi_73_0b8 td_block_template_10\">\n<div class=\"g g-34\">\n<div class=\"g-single a-299\"><a class=\"gofollow\" data-track=\"Mjk5LDM0LDEsNjA=\" href=\"http:\/\/www.grupocanter.com.ar\/landing\/pap\/?utm_source=Punto%20a%20Punto&amp;utm_medium=Banner&amp;utm_campaign=Departamentos&amp;utm_term=Banner%20Pie%20de%20Nota\"><img src=\"http:\/\/nuevacordoba.net\/wp-content\/uploads\/2021\/06\/destinan-mas-de-50-millones-para-impulsar-la-lndustria-4-0-y-la-digitalizacion-de-las-pymes.gif\"><\/a><\/div>\n<\/div>\n<\/div>\n<p>El Gobierno destin\u00f3 <strong>m\u00e1s de $50 millones<\/strong> para potenciar la Red de Centros Tecnol\u00f3gicos de la Asociaci\u00f3n de Industriales Metal\u00fargicos (Adimra) con el objetivo de <strong>promover la \u201cIndustria 4.0\u201d<\/strong>.<\/p>\n<p>El anunci\u00f3 loa realiz\u00f3 el ministro de Desarrollo Productivo, <strong>Mat\u00edas <a href=\"https:\/\/puntoapunto.com.ar\/tag\/kulfas\/\" class=\"st_tag internal_tag\" rel=\"tag\" title=\"Posts tagged with kULFAS\">Kulfas<\/a><\/strong>, y el secretario de la Peque\u00f1a y Mediana Empresa y los Emprendedores, <strong>Guillermo Merediz<\/strong>, quienes visitaron el<strong> Centro de Servicios Industriales<\/strong> (CSI) de la entidad empresaria.<\/p>\n<blockquote class=\"twitter-tweet\" data-width=\"550\" data-dnt=\"true\" readability=\"10.662857142857\">\n<p lang=\"es\" dir=\"ltr\">ADIMRA tiene m\u00e1s de 20 centros tecnol\u00f3gicos que acompa\u00f1an a las PyMEs metal\u00fargicas en proyectos de innovaci\u00f3n y en gesti\u00f3n de procesos productivos.<\/p>\n<p>Hoy recorrimos el Centro de Servicios Industriales y anunciamos aportes por m\u00e1s de $50 millones para fortalecer toda su red. <a href=\"https:\/\/t.co\/nPeNXSWXzZ\">pic.twitter.com\/nPeNXSWXzZ<\/a><\/p>\n<p>\u2014 Mat\u00edas Kulfas (@KulfasM) <a href=\"https:\/\/twitter.com\/KulfasM\/status\/1404593033656549385?ref_src=twsrc%5Etfw\">June 15, 2021<\/a><\/p>\n<\/blockquote>\n<p>El dinero se otorg\u00f3 en el marco del <strong>Programa de Competitividad de Econom\u00edas Regionales<\/strong> (Procer) que busca <strong>fortalecer la competitividad y a promover la capacidad exportadora<\/strong> de las peque\u00f1as y medianas empresas y cadenas de valor, a trav\u00e9s de Aportes No Reembolsables (ANR) para capacitaciones, equipamiento y asistencias t\u00e9cnicas.<\/p>\n<p>Seg\u00fan inform\u00f3 Adimra, dicho Programa permitir\u00e1 potenciar la Red de Centros Tecnol\u00f3gicos de la entidad para la<strong> prestaci\u00f3n de servicios de Industria 4.0 y promover la incorporaci\u00f3n de soluciones tecnol\u00f3gicas en la industria<\/strong>, \u201ccon el objetivo de continuar acompa\u00f1ando a las empresas en la traves\u00eda hacia la Industria 4.0\u201d.<\/p>\n<p>En este marco, Kulfas se refiri\u00f3 a la reciente capitalizaci\u00f3n de la metal\u00fargica <strong>IMPSA<\/strong>: \u201ces estrat\u00e9gica para el pa\u00eds y para ADIMRA porque <strong>es una empresa de alta tecnolog\u00eda que hace un uso intensivo de toda la cadena metalmec\u00e1nica<\/strong>. Por eso queremos avanzar con un convenio con Adimra para potenciar el desarrollo de proveedores, que permita fortalecernos y as\u00ed lograr nuevos proyectos\u201d, enfatiz\u00f3.<\/p>\n<p>\u201cAdimra asiste a las pymes a trav\u00e9s de 20 centros que cumplen un rol fundamental en la incorporaci\u00f3n de mejoras productivas. La mejora de la gesti\u00f3n de los procesos, la innovaci\u00f3n, la digitalizaci\u00f3n de su producci\u00f3n, en definitiva, la mejora de competitividad del entramado productivo de las pyme, es un eje central del Gobierno Nacional\u201d, subray\u00f3 &nbsp;Guillermo Merediz.<\/p>\n<blockquote class=\"twitter-tweet\" data-width=\"550\" data-dnt=\"true\" readability=\"10.935933147632\">\n<p lang=\"es\" dir=\"ltr\">Con <a href=\"https:\/\/twitter.com\/KulfasM?ref_src=twsrc%5Etfw\">@KulfasM<\/a> anunciamos un aporte de m\u00e1s de 50 millones de pesos para fortalecer los Centros Tecnol\u00f3gicos de <a href=\"https:\/\/twitter.com\/RedADIMRA?ref_src=twsrc%5Etfw\">@RedADIMRA<\/a> y la transformaci\u00f3n digital para que las PyMEs puedan avanzar hacia la Industria 4.0, optimizar procesos, mejorar su competitividad y abrir nuevos mercados. <a href=\"https:\/\/t.co\/o9bO3MAiw0\">pic.twitter.com\/o9bO3MAiw0<\/a><\/p>\n<p>\u2014 Guillermo Merediz (@GuilleMerediz) <a href=\"https:\/\/twitter.com\/GuilleMerediz\/status\/1404593200585744384?ref_src=twsrc%5Etfw\">June 15, 2021<\/a><\/p>\n<\/blockquote>\n<p>El presidente de Adimra,<strong> Orlando Castellani<\/strong>, se\u00f1al\u00f3: \u201cestamos convencidos que solo podremos alcanzar un desarrollo industrial sostenido e inclusivo si<strong> trabajamos conjuntamente el sector privado junto al p\u00fablico<\/strong>\u201c.<\/p>\n<p>Actualmente, la entidad cuenta con<strong> m\u00e1s de 20 Centros Tecnol\u00f3gicos en todo el pa\u00eds<\/strong> que acompa\u00f1an a las pymes metal\u00fargicas en los proyectos de innovaci\u00f3n, transformaci\u00f3n digital, mejora de gesti\u00f3n de procesos productivos, desarrollo y optimizaci\u00f3n de nuevos productos y servicios, y la generaci\u00f3n de modelos de negocios basadas en tecnolog\u00edas digitales.<\/p>\n<p>Desde que comenz\u00f3 el proceso de creaci\u00f3n de esos Centros, en 2013, Adimra lleva invertidos <strong>m\u00e1s de 1.116 millones de pesos en equipamiento e Infraestructura<\/strong>. Otras c\u00e1maras <a href=\"https:\/\/puntoapunto.com.ar\/tag\/empresarias\/\" class=\"st_tag internal_tag\" rel=\"tag\" title=\"Posts tagged with Empresarias\">empresarias<\/a> tambi\u00e9n est\u00e1n desarrollando centros tecnol\u00f3gicos, como la C\u00e1mara Argentina de Fabricantes y Proveedores de Equipamientos, Insumos y Servicios para la Cadena L\u00e1ctea (CAFyPEL) y el Centro Tecnol\u00f3gico de Arteaga (CTDA).<\/p>\n<p> <!-- A generated by theme --> <!-- end A --> <\/p>\n","protected":false},"excerpt":{"rendered":"<p>El Gobierno destin\u00f3 m\u00e1s de $50 millones para potenciar la Red de Centros Tecnol\u00f3gicos de la Asociaci\u00f3n de Industriales Metal\u00fargicos (Adimra) con el objetivo de promover la \u201cIndustria 4.0\u201d. El anunci\u00f3 loa realiz\u00f3 el ministro de Desarrollo Productivo, Mat\u00edas Kulfas, y el secretario de la Peque\u00f1a y Mediana Empresa y los Emprendedores, Guillermo Merediz, quienes [&hellip;]<\/p>\n","protected":false},"author":1,"featured_media":5823,"comment_status":"open","ping_status":"closed","sticky":false,"template":"","format":"standard","meta":[],"categories":[14],"tags":[],"_links":{"self":[{"href":"http:\/\/nuevacordoba.net\/index.php\/wp-json\/wp\/v2\/posts\/5822"}],"collection":[{"href":"http:\/\/nuevacordoba.net\/index.php\/wp-json\/wp\/v2\/posts"}],"about":[{"href":"http:\/\/nuevacordoba.net\/index.php\/wp-json\/wp\/v2\/types\/post"}],"author":[{"embeddable":true,"href":"http:\/\/nuevacordoba.net\/index.php\/wp-json\/wp\/v2\/users\/1"}],"replies":[{"embeddable":true,"href":"http:\/\/nuevacordoba.net\/index.php\/wp-json\/wp\/v2\/comments?post=5822"}],"version-history":[{"count":0,"href":"http:\/\/nuevacordoba.net\/index.php\/wp-json\/wp\/v2\/posts\/5822\/revisions"}],"wp:featuredmedia":[{"embeddable":true,"href":"http:\/\/nuevacordoba.net\/index.php\/wp-json\/wp\/v2\/media\/5823"}],"wp:attachment":[{"href":"http:\/\/nuevacordoba.net\/index.php\/wp-json\/wp\/v2\/media?parent=5822"}],"wp:term":[{"taxonomy":"category","embeddable":true,"href":"http:\/\/nuevacordoba.net\/index.php\/wp-json\/wp\/v2\/categories?post=5822"},{"taxonomy":"post_tag","embeddable":true,"href":"http:\/\/nuevacordoba.net\/index.php\/wp-json\/wp\/v2\/tags?post=5822"}],"curies":[{"name":"wp","href":"https:\/\/api.w.org\/{rel}","templated":true}]}}