{"id":58249,"date":"2025-05-21T03:04:51","date_gmt":"2025-05-21T03:04:51","guid":{"rendered":"https:\/\/puntoapunto.com.ar\/?p=373159"},"modified":"2025-05-21T03:04:51","modified_gmt":"2025-05-21T03:04:51","slug":"edicion-semanal-consumo-en-modo-recuperacion-anemica","status":"publish","type":"post","link":"http:\/\/nuevacordoba.net\/index.php\/2025\/05\/21\/edicion-semanal-consumo-en-modo-recuperacion-anemica\/","title":{"rendered":"Edici\u00f3n semanal: Consumo en modo recuperaci\u00f3n (an\u00e9mica)"},"content":{"rendered":"<p>&nbsp;<!-- \u00a1O bien no hay banners, estan desactivados o no estan programados para esta ubicaci\u00f3n! -->\n<\/p>\n<p>La <strong>actividad econ\u00f3mica muestra rostros heterog\u00e9neos en su performance.<\/strong> Con sectores a\u00fan en terreno negativo y otros m\u00e1s robustos, el consumo, clave para la econom\u00eda dom\u00e9stica muestra un tibio despertar. <strong>De qu\u00e9 depende su despegue y c\u00f3mo est\u00e1n hoy los salarios reales frente a la inflaci\u00f3n.<\/strong>\n<\/p>\n<h4><strong>Le\u00e9 la revista en tu dispositivo favorito<\/strong><\/h4>\n<p><a href=\"https:\/\/indd.adobe.com\/view\/6a75f129-cc0c-4251-a609-1baed3690d45\" target=\"_blank\" rel=\"noopener\"><img decoding=\"async\" class=\"aligncenter wp-image-341569 size-full\" src=\"http:\/\/nuevacordoba.net\/wp-content\/uploads\/2025\/05\/edicion-semanal-consumo-en-modo-recuperacion-anemica.jpg\" alt width=\"300\" height=\"80\" loading=\"lazy\"><\/a><img loading=\"lazy\" decoding=\"async\" class=\"aligncenter size-full wp-image-341570\" src=\"http:\/\/nuevacordoba.net\/wp-content\/uploads\/2025\/05\/edicion-semanal-consumo-en-modo-recuperacion-anemica-1.jpg\" alt width=\"300\" height=\"80\">\n<\/p>\n<p><strong>Adem\u00e1s:<\/strong>\n<\/p>\n<ul>\n<li><strong>Con inversi\u00f3n millonaria, <a href=\"https:\/\/puntoapunto.com.ar\/guerra-de-apps-en-cordoba-cuanto-se-factura-con-uber-didi-y-cabify-segun-los-conductores\/\">DiDi<\/a> pisa el acelerador y se expande a toda la provincia de C\u00f3rdoba<\/strong><\/li>\n<\/ul>\n<p><em>La plataforma de movilidad cumple un a\u00f1o en la ciudad de C\u00f3rdoba y ahora ampl\u00eda su presencia a toda la provincia. En paralelo, proyecta una inversi\u00f3n de US$ 160 millones en el pa\u00eds para seguir creciendo.<\/em><!-- \u00a1O bien no hay banners, estan desactivados o no estan programados para esta ubicaci\u00f3n! -->\n<\/p>\n<ul>\n<li><strong>Vender una startup despu\u00e9s de conquistar el mundo: la historia detr\u00e1s de Auth0 y Aivo<\/strong><\/li>\n<\/ul>\n<p><em>Fundaron empresas con impacto global, atrajeron miles de clientes y cerraron ventas millonarias. Ahora, Mat\u00edas Woloski (Auth0) y Mart\u00edn Frascaroli (Aivo) exploran nuevas formas de crear valor desde proyectos con impacto social.<\/em><\/p>\n<ul>\n<li><strong>Eficiencia, dise\u00f1o y escalabilidad: claves del sistema modular de Set Arquitectura<\/strong><\/li>\n<\/ul>\n<p><em>Pedro Ruiz Funes y Carlos Arias Yadarola crearon una empresa que redefine la arquitectura desde C\u00f3rdoba. Su modelo modular apuesta por la eficiencia, la sustentabilidad y la cercan\u00eda con el cliente, con una fuerte conciencia social detr\u00e1s de cada proyecto.<\/em>\n<\/p>\n<ul>\n<li><strong>La nueva frontera del negocio: c\u00f3mo la IA redefine la experiencia del cliente seg\u00fan Evoltis<\/strong><\/li>\n<\/ul>\n<p><em>Con IA generativa, las marcas ofrecer\u00e1n soporte 24\/7, avatares que leen emociones y programas de fidelizaci\u00f3n inteligentes. Desde la firma cordobesa explican c\u00f3mo la tecnolog\u00eda est\u00e1 cambiando las reglas del juego.<\/em>\n<\/p>\n<ul>\n<li><strong>Consumo en alerta: \u00abSin reformas impositivas y laborales, la recuperaci\u00f3n ser\u00e1 parcial\u00bb<\/strong><\/li>\n<\/ul>\n<p><em>El presidente de <a href=\"https:\/\/www.fedecom.org.ar\/\">Fedecom<\/a>, Fausto Brandolin, sostiene que la baja inflaci\u00f3n y la estabilidad del d\u00f3lar son pasos positivos, pero insuficientes sin cambios estructurales que promuevan el empleo formal y alivien la carga tributaria.<\/em>\n<\/p>\n<ul>\n<li><strong>C\u00f3rdoba escala posiciones en el mapa de startups y sube 13 lugares en el ranking global<\/strong><\/li>\n<\/ul>\n<p><em>La ciudad alcanza su mejor posici\u00f3n hist\u00f3rica y se mete en el top 25 global en Climatech. Argentina, en tanto, sigue siendo el cuarto ecosistema m\u00e1s relevante de Sudam\u00e9rica.<\/em>\n<\/p>\n<div class=\"g g-38\">\n<div class=\"g-dyn a-12 c-1\"><a class=\"gofollow\" data-track=\"MTIsMzgsMSw2MA==\" href=\"https:\/\/www.farmaciashpfarma.com.ar\/blog\/institucional\/beneficios-corporativos-en-campana-antigripal.html\" target=\"_blank\" rel=\"noopener\"><img src=\"http:\/\/nuevacordoba.net\/wp-content\/uploads\/2025\/05\/edicion-semanal-consumo-en-modo-recuperacion-anemica-2.jpg\" loading=\"lazy\"><\/a><\/div>\n<\/div>\n","protected":false},"excerpt":{"rendered":"<p>&nbsp; La actividad econ\u00f3mica muestra rostros heterog\u00e9neos en su performance. Con sectores a\u00fan en terreno negativo y otros m\u00e1s robustos, el consumo, clave para la econom\u00eda dom\u00e9stica muestra un tibio despertar. De qu\u00e9 depende su despegue y c\u00f3mo est\u00e1n hoy los salarios reales frente a la inflaci\u00f3n. Le\u00e9 la revista en tu dispositivo favorito Adem\u00e1s: [&hellip;]<\/p>\n","protected":false},"author":1,"featured_media":58250,"comment_status":"open","ping_status":"closed","sticky":false,"template":"","format":"standard","meta":[],"categories":[14],"tags":[],"_links":{"self":[{"href":"http:\/\/nuevacordoba.net\/index.php\/wp-json\/wp\/v2\/posts\/58249"}],"collection":[{"href":"http:\/\/nuevacordoba.net\/index.php\/wp-json\/wp\/v2\/posts"}],"about":[{"href":"http:\/\/nuevacordoba.net\/index.php\/wp-json\/wp\/v2\/types\/post"}],"author":[{"embeddable":true,"href":"http:\/\/nuevacordoba.net\/index.php\/wp-json\/wp\/v2\/users\/1"}],"replies":[{"embeddable":true,"href":"http:\/\/nuevacordoba.net\/index.php\/wp-json\/wp\/v2\/comments?post=58249"}],"version-history":[{"count":0,"href":"http:\/\/nuevacordoba.net\/index.php\/wp-json\/wp\/v2\/posts\/58249\/revisions"}],"wp:featuredmedia":[{"embeddable":true,"href":"http:\/\/nuevacordoba.net\/index.php\/wp-json\/wp\/v2\/media\/58250"}],"wp:attachment":[{"href":"http:\/\/nuevacordoba.net\/index.php\/wp-json\/wp\/v2\/media?parent=58249"}],"wp:term":[{"taxonomy":"category","embeddable":true,"href":"http:\/\/nuevacordoba.net\/index.php\/wp-json\/wp\/v2\/categories?post=58249"},{"taxonomy":"post_tag","embeddable":true,"href":"http:\/\/nuevacordoba.net\/index.php\/wp-json\/wp\/v2\/tags?post=58249"}],"curies":[{"name":"wp","href":"https:\/\/api.w.org\/{rel}","templated":true}]}}