{"id":5828,"date":"2021-06-15T20:00:02","date_gmt":"2021-06-15T20:00:02","guid":{"rendered":"http:\/\/nuevacordoba.net\/index.php\/2021\/06\/15\/river-regresa-a-los-entrenamientos-y-se-ira-de-pretemporada-a-orlando\/"},"modified":"2021-06-15T20:00:02","modified_gmt":"2021-06-15T20:00:02","slug":"river-regresa-a-los-entrenamientos-y-se-ira-de-pretemporada-a-orlando","status":"publish","type":"post","link":"http:\/\/nuevacordoba.net\/index.php\/2021\/06\/15\/river-regresa-a-los-entrenamientos-y-se-ira-de-pretemporada-a-orlando\/","title":{"rendered":"River regresa a los entrenamientos y se ir\u00e1 de pretemporada a Orlando"},"content":{"rendered":"<div class=\"image\" id=\"image\" readability=\"7\"> <img src=\"http:\/\/nuevacordoba.net\/wp-content\/uploads\/2021\/06\/river-regresa-a-los-entrenamientos-y-se-ira-de-pretemporada-a-orlando.jpg\" alt=\"Arranca otra pretemporada para River y Gallardo. \" title=\"Arranca otra pretemporada para River y Gallardo. \"><\/p>\n<p>Arranca otra pretemporada para River y Gallardo. <\/p>\n<\/div>\n<p>El plantel de River Plate retomar\u00e1 los entrenamientos el mi\u00e9rcoles en el predio que posee en Ezeiza para iniciar la pretemporada que se realizar\u00e1 en Orlando, Estados Unidos, con tres partidos amistosos y sin los jugadores que participan de la Copa Am\u00e9rica que se desarrolla en Brasil.<\/p>\n<p><strong>Los jugadores de River tienen previsto viajar el viernes pr\u00f3ximo en un vuelo ch\u00e1rter y regresar\u00e1n el 5 de julio para el inicio de la temporada oficial<\/strong> que tendr\u00e1 como primer partido el que animar\u00e1 con Argentinos Juniors, por los octavos de final de la Copa Libertadores de Am\u00e9rica.<\/p>\n<p>El primer partido oficial de los \u00abMillonarios\u00bb ser\u00e1 el 14 de julio en el estadio \u00abMonumental\u00bb de N\u00fa\u00f1ez y el segundo el 21 de julio en La Paternal.<\/p>\n<p><strong>La delegaci\u00f3n riverplatense que se va a definir en estas horas no tendr\u00e1 a los jugadores que fueron convocados por sus respectivas selecciones primero para la doble fecha de Eliminatorias Sudamericanas y luego para la Copa Am\u00e9rica<\/strong> que comenz\u00f3 el domingo \u00faltimo en Brasil y finalizar\u00e1 el 10 de julio.<\/p>\n<p>Los siete jugadores ausentes son Franco Armani, Gonzalo Montiel, Juli\u00e1n \u00c1lvarez; los paraguayos H\u00e9ctor David Mart\u00ednez y Robert Rojas, el colombiano Rafael Santos Borr\u00e9 y el uruguayo Nicol\u00e1s De la Cruz.<\/p>\n<p>Adem\u00e1s, <strong>est\u00e1 en duda el chileno Paulo D\u00edaz<\/strong>, quien sufri\u00f3 una miocarditis tras haberse contagiado coronavirus y ser\u00e1 sometido a nuevos estudios m\u00e9dicos que van a determinar si puede viajar a la pretemporada del plantel en Orlando o bien debe seguir sin realizar esfuerzo f\u00edsico.<\/p>\n<p><strong>El zaguero chileno que fue desafectado de la selecci\u00f3n de su pa\u00eds que disputa la Copa Am\u00e9rica<\/strong> recibi\u00f3 el alta epidemiol\u00f3gica a fines del mes pasado pero a\u00fan no tiene el alta m\u00e9dica para entrenar con normalidad.<\/p>\n<p>Las otras dudas pasan por el mediocampista Bruno Zuculini, quien luego de tener pocos minutos este a\u00f1o estudia la chance de una transferencia, y por Enzo Fern\u00e1ndez, por el que River negocia para que vuelva de Defensa y Justicia ahora y no en diciembre pr\u00f3ximo como estaba estipulado.<\/p>\n<p>Lo de Zuculini depende de una charla con el entrenador, Marcelo Gallardo, y el caso del juvenil que se hab\u00eda ido a pr\u00e9stamo sin opci\u00f3n al equipo de Florencio Varela est\u00e1 supeditado a una negociaci\u00f3n entre los clubes, aunque el jugador tom\u00f3 la determinaci\u00f3n de no presentarse a los entrenamientos del \u00abHalc\u00f3n\u00bb de Varela.<\/p>\n<p><strong>En cuanto al viaje a Estados Unidos, el plantel se va a alojar en el predio deportivo del Disney World Center,<\/strong> la idea es que la delegaci\u00f3n se vacune y trabaje en una burbuja sanitaria durante la estad\u00eda, para regresar tambi\u00e9n en un vuelo ch\u00e1rter.<\/p>\n<p>River jugar\u00e1 el domingo 27 de junio contra Am\u00e9rica de Cali en la cancha de Inter de Miami, el mi\u00e9rcoles 30 con Barcelona de Guayaquil y el domingo 4 de julio nuevamente con ese rival ecuatoriano, ambos en el Complejo ESPN Wide World de Disney.<\/p>\n<p>Los amistosos ser\u00e1n los partidos preparatorios para la competencia oficial del equipo que se inicia con los cruces de octavos de la Libertadores ante Argentinos.<\/p>\n<p>Adem\u00e1s tiene el inicio del torneo local programado para el segundo fin de semana de julio y se espera por la confirmaci\u00f3n de la fecha de un nuevo cruce eliminatorio con Boca en este caso por la fase de octavos de final de la Copa Argentina.<\/p>\n<p><strong>Los jugadores se van a realizar testeos este mi\u00e9rcoles ni bien lleguen al predio y en caso de alg\u00fan positivo van a ser aislados<\/strong> mientras se esperan resultados de PCR y luego van a iniciar el procesos de an\u00e1lisis m\u00e9dicos habituales para realizar la<br \/>pretemporada.<\/p>\n<p><strong>La lista de los jugadores que podr\u00edan viajar tiene tambi\u00e9n la presencia de los juveniles que se agregaron a la n\u00f3mina de buena fe de la Libertadores<\/strong> y a los que se sumaron a la primera tras el brote de coronavirus que afect\u00f3 al plantel el mes pasado.<\/p>\n<p>Los que integran la lista son Tom\u00e1s Lecanda (defensor), Felipe Pe\u00f1a (volante central), Santiago Sim\u00f3n (volante ofensivo), Tom\u00e1s Castro Ponce (volante ofensivo), Tom\u00e1s Galv\u00e1n (enganche), Flabi\u00e1n Londo\u00f1o (delantero) y Daniel Lucero (delantero).<\/p>\n<p>En cuanto al resto de los jugadores citados est\u00e1n los arqueros Franco Petroli, Germ\u00e1n Lux y Enrique Bologna, los defensores, Milton Casco, Alex Vigo, Javier Pinola, Fabrizio Angileri y Jonatan Maidana.<\/p>\n<p>Los mediocampistas citados son Agust\u00edn Palavecino, Jorge Carrascal, Leonardo Ponzio, Enzo P\u00e9rez, Jos\u00e9 Paradela y Benjam\u00edn Rollheiser, mientras que la lista de delanteros est\u00e1 integrada por Mat\u00edas Su\u00e1rez, Federico Girotti, Lucas Beltr\u00e1n y Agust\u00edn Fontana. <\/p>\n","protected":false},"excerpt":{"rendered":"<p>Arranca otra pretemporada para River y Gallardo. El plantel de River Plate retomar\u00e1 los entrenamientos el mi\u00e9rcoles en el predio que posee en Ezeiza para iniciar la pretemporada que se realizar\u00e1 en Orlando, Estados Unidos, con tres partidos amistosos y sin los jugadores que participan de la Copa Am\u00e9rica que se desarrolla en Brasil. Los [&hellip;]<\/p>\n","protected":false},"author":1,"featured_media":5829,"comment_status":"closed","ping_status":"closed","sticky":false,"template":"","format":"standard","meta":[],"categories":[10],"tags":[],"_links":{"self":[{"href":"http:\/\/nuevacordoba.net\/index.php\/wp-json\/wp\/v2\/posts\/5828"}],"collection":[{"href":"http:\/\/nuevacordoba.net\/index.php\/wp-json\/wp\/v2\/posts"}],"about":[{"href":"http:\/\/nuevacordoba.net\/index.php\/wp-json\/wp\/v2\/types\/post"}],"author":[{"embeddable":true,"href":"http:\/\/nuevacordoba.net\/index.php\/wp-json\/wp\/v2\/users\/1"}],"replies":[{"embeddable":true,"href":"http:\/\/nuevacordoba.net\/index.php\/wp-json\/wp\/v2\/comments?post=5828"}],"version-history":[{"count":0,"href":"http:\/\/nuevacordoba.net\/index.php\/wp-json\/wp\/v2\/posts\/5828\/revisions"}],"wp:featuredmedia":[{"embeddable":true,"href":"http:\/\/nuevacordoba.net\/index.php\/wp-json\/wp\/v2\/media\/5829"}],"wp:attachment":[{"href":"http:\/\/nuevacordoba.net\/index.php\/wp-json\/wp\/v2\/media?parent=5828"}],"wp:term":[{"taxonomy":"category","embeddable":true,"href":"http:\/\/nuevacordoba.net\/index.php\/wp-json\/wp\/v2\/categories?post=5828"},{"taxonomy":"post_tag","embeddable":true,"href":"http:\/\/nuevacordoba.net\/index.php\/wp-json\/wp\/v2\/tags?post=5828"}],"curies":[{"name":"wp","href":"https:\/\/api.w.org\/{rel}","templated":true}]}}