{"id":58301,"date":"2025-05-21T14:18:17","date_gmt":"2025-05-21T14:18:17","guid":{"rendered":"http:\/\/cordobanewsnet.wordpress.com\/?p=12885"},"modified":"2025-05-21T14:18:17","modified_gmt":"2025-05-21T14:18:17","slug":"temperaturas-bajas-y-cielo-nublado-asi-estara-el-tiempo-este-miercoles-en-cordoba","status":"publish","type":"post","link":"http:\/\/nuevacordoba.net\/index.php\/2025\/05\/21\/temperaturas-bajas-y-cielo-nublado-asi-estara-el-tiempo-este-miercoles-en-cordoba\/","title":{"rendered":"Temperaturas bajas y cielo nublado: as\u00ed estar\u00e1 el tiempo este mi\u00e9rcoles en C\u00f3rdoba"},"content":{"rendered":"<p><!-- \/featured-media --> <\/p>\n<div class=\"post-content clear\" readability=\"35.472\">\n<p>El&nbsp;<strong>Servicio Meteorol\u00f3gico Nacional<\/strong>&nbsp;(SMN) anunci\u00f3 un&nbsp;<strong>mi\u00e9rcoles<\/strong>&nbsp;21 de mayo&nbsp;<strong>fresco<\/strong>&nbsp;en la ciudad de&nbsp;<strong>C\u00f3rdoba<\/strong>.<\/p>\n<p>Se espera una temperatura m\u00e1xima de 17 grados y una m\u00ednima de 5\u00b0C. Adem\u00e1s, se prev\u00e9 un cielo parcialmente nublado durante toda la jornada.<\/p>\n<p>Cabe destacar que durante la madrugada se registraron algunas lloviznas aisladas en algunos sectores de la ciudad.<\/p>\n<p><strong>El pron\u00f3stico extendido<\/strong><\/p>\n<ul class=\"wp-block-list\">\n<li>Jueves. M\u00e1xima de 20\u00b0C y m\u00ednima de 8\u00b0C. Parcialmente nublado durante la jornada.<\/li>\n<li>Viernes. M\u00e1xima de 22\u00b0C y m\u00ednima de 11\u00b0C. Mayormente nublado durante la jornada.<\/li>\n<li>S\u00e1bado. M\u00e1xima de 21\u00b0C y m\u00ednima de 14\u00b0C. Mayormente nublado durante la jornada.<\/li>\n<\/ul>\n<figure class=\"wp-block-image size-large\"><img loading=\"lazy\" data-attachment-id=\"12886\" data-permalink=\"https:\/\/cordobanewsnet.wordpress.com\/2025\/05\/21\/temperaturas-bajas-y-cielo-nublado-asi-estara-el-tiempo-este-miercoles-en-cordoba\/image-694\/\" data-orig-file=\"http:\/\/nuevacordoba.net\/wp-content\/uploads\/2025\/05\/temperaturas-bajas-y-cielo-nublado-asi-estara-el-tiempo-este-miercoles-en-cordoba.png\" data-orig-size=\"929,523\" data-comments-opened=\"1\" data-image-meta=\"{&quot;aperture&quot;:&quot;0&quot;,&quot;credit&quot;:&quot;&quot;,&quot;camera&quot;:&quot;&quot;,&quot;caption&quot;:&quot;&quot;,&quot;created_timestamp&quot;:&quot;0&quot;,&quot;copyright&quot;:&quot;&quot;,&quot;focal_length&quot;:&quot;0&quot;,&quot;iso&quot;:&quot;0&quot;,&quot;shutter_speed&quot;:&quot;0&quot;,&quot;title&quot;:&quot;&quot;,&quot;orientation&quot;:&quot;0&quot;}\" data-image-title=\"image\" data-image-description data-image-caption data-medium-file=\"http:\/\/nuevacordoba.net\/wp-content\/uploads\/2025\/05\/temperaturas-bajas-y-cielo-nublado-asi-estara-el-tiempo-este-miercoles-en-cordoba.png?w=300\" data-large-file=\"http:\/\/nuevacordoba.net\/wp-content\/uploads\/2025\/05\/temperaturas-bajas-y-cielo-nublado-asi-estara-el-tiempo-este-miercoles-en-cordoba.png?w=736\" width=\"929\" height=\"523\" src=\"http:\/\/nuevacordoba.net\/wp-content\/uploads\/2025\/05\/temperaturas-bajas-y-cielo-nublado-asi-estara-el-tiempo-este-miercoles-en-cordoba.png\" alt class=\"wp-image-12886\" srcset=\"http:\/\/nuevacordoba.net\/wp-content\/uploads\/2025\/05\/temperaturas-bajas-y-cielo-nublado-asi-estara-el-tiempo-este-miercoles-en-cordoba.png 929w, http:\/\/nuevacordoba.net\/wp-content\/uploads\/2025\/05\/temperaturas-bajas-y-cielo-nublado-asi-estara-el-tiempo-este-miercoles-en-cordoba.png?w=150 150w, http:\/\/nuevacordoba.net\/wp-content\/uploads\/2025\/05\/temperaturas-bajas-y-cielo-nublado-asi-estara-el-tiempo-este-miercoles-en-cordoba.png?w=300 300w, http:\/\/nuevacordoba.net\/wp-content\/uploads\/2025\/05\/temperaturas-bajas-y-cielo-nublado-asi-estara-el-tiempo-este-miercoles-en-cordoba.png?w=768 768w\" sizes=\"(max-width: 929px) 100vw, 929px\"><\/figure>\n<p>Fuente : Telefe C\u00f3rdoba Argentina<\/p>\n<p><span id=\"wordads-inline-marker\"><\/span><\/p>\n<div id=\"jp-post-flair\" class=\"sharedaddy sd-like-enabled sd-sharing-enabled\">\n<div class=\"sharedaddy sd-sharing-enabled\">\n<div class=\"robots-nocontent sd-block sd-social sd-social-icon-text sd-sharing\">\n<h3 class=\"sd-title\">Comparte esto:<\/h3>\n<\/div>\n<\/div>\n<div class=\"sharedaddy sd-block sd-like jetpack-likes-widget-wrapper jetpack-likes-widget-unloaded\" id=\"like-post-wrapper-143108178-12885-682e955440858\" data-src=\"\/\/widgets.wp.com\/likes\/index.html?ver=20250522#blog_id=143108178&amp;post_id=12885&amp;origin=cordobanewsnet.wordpress.com&amp;obj_id=143108178-12885-682e955440858\" data-name=\"like-post-frame-143108178-12885-682e955440858\" data-title=\"Me gusta o Compartir\">\n<p><span class=\"button\"><span>Me gusta<\/span><\/span> <span class=\"loading\">Cargando&#8230;<\/span><\/p>\n<p><span class=\"sd-text-color\"><\/span><\/div>\n<p><h3 class=\"jp-relatedposts-headline\"><em>Relacionado<\/em><\/h3>\n<\/p>\n<\/div><\/div>\n<p><!--\/.post-content--> <\/p>\n<footer class=\"post-meta-container clear\" readability=\"0.30952380952381\">\n<div class=\"entry-author author-avatar-show\" readability=\"13.114754098361\">\n<div class=\"author-avatar\"> <img referrerpolicy=\"no-referrer\" alt=\"Avatar de Desconocido\" src=\"http:\/\/nuevacordoba.net\/wp-content\/uploads\/2025\/05\/temperaturas-bajas-y-cielo-nublado-asi-estara-el-tiempo-este-miercoles-en-cordoba-1.png\" srcset=\"http:\/\/nuevacordoba.net\/wp-content\/uploads\/2025\/05\/temperaturas-bajas-y-cielo-nublado-asi-estara-el-tiempo-este-miercoles-en-cordoba-1.png 1x, http:\/\/nuevacordoba.net\/wp-content\/uploads\/2025\/05\/temperaturas-bajas-y-cielo-nublado-asi-estara-el-tiempo-este-miercoles-en-cordoba-5.png 1.5x, http:\/\/nuevacordoba.net\/wp-content\/uploads\/2025\/05\/temperaturas-bajas-y-cielo-nublado-asi-estara-el-tiempo-este-miercoles-en-cordoba-6.png 2x, http:\/\/nuevacordoba.net\/wp-content\/uploads\/2025\/05\/temperaturas-bajas-y-cielo-nublado-asi-estara-el-tiempo-este-miercoles-en-cordoba-7.png 3x, http:\/\/nuevacordoba.net\/wp-content\/uploads\/2025\/05\/temperaturas-bajas-y-cielo-nublado-asi-estara-el-tiempo-este-miercoles-en-cordoba-8.png 4x\" class=\"avatar avatar-90\" height=\"90\" width=\"90\" loading=\"lazy\" decoding=\"async\"> <\/div>\n<p><!-- .author-avatar --> <\/p>\n<p><h2 class=\"author-title\"> Publicado por <span class=\"author-name\">Redacci\u00f3n<\/span> <\/h2>\n<\/p>\n<p><!-- .author-heading --> <\/p>\n<p class=\"author-bio\"> <a class=\"author-link\" href=\"https:\/\/cordobanewsnet.wordpress.com\/author\/prettomatias\/\" rel=\"author\"> Ver todas las entradas de Redacci\u00f3n <\/a> <\/p>\n<p><!-- .author-bio --> <\/div>\n<p><!-- .entry-auhtor --> <\/footer>\n<p> <!-- \/post-meta-container --> <!-- #respond --> <\/p>\n","protected":false},"excerpt":{"rendered":"<p>El&nbsp;Servicio Meteorol\u00f3gico Nacional&nbsp;(SMN) anunci\u00f3 un&nbsp;mi\u00e9rcoles&nbsp;21 de mayo&nbsp;fresco&nbsp;en la ciudad de&nbsp;C\u00f3rdoba. Se espera una temperatura m\u00e1xima de 17 grados y una m\u00ednima de 5\u00b0C. Adem\u00e1s, se prev\u00e9 un cielo parcialmente nublado durante toda la jornada. Cabe destacar que durante la madrugada se registraron algunas lloviznas aisladas en algunos sectores de la ciudad. El pron\u00f3stico extendido Jueves. [&hellip;]<\/p>\n","protected":false},"author":1,"featured_media":58302,"comment_status":"closed","ping_status":"closed","sticky":false,"template":"","format":"standard","meta":[],"categories":[14],"tags":[],"_links":{"self":[{"href":"http:\/\/nuevacordoba.net\/index.php\/wp-json\/wp\/v2\/posts\/58301"}],"collection":[{"href":"http:\/\/nuevacordoba.net\/index.php\/wp-json\/wp\/v2\/posts"}],"about":[{"href":"http:\/\/nuevacordoba.net\/index.php\/wp-json\/wp\/v2\/types\/post"}],"author":[{"embeddable":true,"href":"http:\/\/nuevacordoba.net\/index.php\/wp-json\/wp\/v2\/users\/1"}],"replies":[{"embeddable":true,"href":"http:\/\/nuevacordoba.net\/index.php\/wp-json\/wp\/v2\/comments?post=58301"}],"version-history":[{"count":0,"href":"http:\/\/nuevacordoba.net\/index.php\/wp-json\/wp\/v2\/posts\/58301\/revisions"}],"wp:featuredmedia":[{"embeddable":true,"href":"http:\/\/nuevacordoba.net\/index.php\/wp-json\/wp\/v2\/media\/58302"}],"wp:attachment":[{"href":"http:\/\/nuevacordoba.net\/index.php\/wp-json\/wp\/v2\/media?parent=58301"}],"wp:term":[{"taxonomy":"category","embeddable":true,"href":"http:\/\/nuevacordoba.net\/index.php\/wp-json\/wp\/v2\/categories?post=58301"},{"taxonomy":"post_tag","embeddable":true,"href":"http:\/\/nuevacordoba.net\/index.php\/wp-json\/wp\/v2\/tags?post=58301"}],"curies":[{"name":"wp","href":"https:\/\/api.w.org\/{rel}","templated":true}]}}