{"id":5878,"date":"2021-06-16T20:01:40","date_gmt":"2021-06-16T20:01:40","guid":{"rendered":"http:\/\/nuevacordoba.net\/index.php\/2021\/06\/16\/reabren-teatros-y-cines-en-todo-el-pais-con-protocolos-y-aforo-reducido\/"},"modified":"2021-06-16T20:01:40","modified_gmt":"2021-06-16T20:01:40","slug":"reabren-teatros-y-cines-en-todo-el-pais-con-protocolos-y-aforo-reducido","status":"publish","type":"post","link":"http:\/\/nuevacordoba.net\/index.php\/2021\/06\/16\/reabren-teatros-y-cines-en-todo-el-pais-con-protocolos-y-aforo-reducido\/","title":{"rendered":"Reabren teatros y cines en todo el pa\u00eds con protocolos y aforo reducido"},"content":{"rendered":"<div class=\"image\" id=\"image\" readability=\"8\"> <img src=\"http:\/\/nuevacordoba.net\/wp-content\/uploads\/2021\/06\/reabren-teatros-y-cines-en-todo-el-pais-con-protocolos-y-aforo-reducido.jpg\" alt=\"Los cines reabren con un 30% de aforo, mientras que los teatros con un 50.\" title=\"Los cines reabren con un 30% de aforo, mientras que los teatros con un 50.\"><\/p>\n<p>Los cines reabren con un 30% de aforo, mientras que los teatros con un 50.<\/p>\n<\/div>\n<p>El gobierno nacional habilit\u00f3 la reapertura de actividades culturales presenciales en zonas \u00abde alto riesgo epidemiol\u00f3gico y sanitario\u00bb de todo el pa\u00eds, con protocolos sanitarios y un aforo del 50 por ciento para salas de teatro y 30 para cines.<\/p>\n<p>Luego de que el Gobierno porte\u00f1o anunciara la apertura de las salas de teatro y cine con el un 30 por ciento de aforo para el \u00e1mbito de la Ciudad a partir de este viernes,<strong>&nbsp;gobierno nacional anunci\u00f3 a trav\u00e9s del Bolet\u00edn Oficial la reanudaci\u00f3n de \u00abactividades en cines, teatros y salas de espect\u00e1culos de centros culturales\u00bb para las zonas del pa\u00eds que se encuentran en \u00abalto riesgo\u00bb epidemiol\u00f3gico y sanitario y en situaci\u00f3n de \u00abalarma\u00bb<\/strong>.<\/p>\n<p>La decisi\u00f3n, con firma del jefe de Gabinete, <strong>Santiago Cafiero<\/strong>; y la ministra de Salud, <strong>Carla Vizzotti<\/strong>, establece que \u00aben las salas de teatros y de espect\u00e1culos <strong>se permite un 50% de aforo, sin expendio de bebidas y comidas y en los cines se permite un 30 por ciento de aforo, con expendio de golosinas y bebidas<\/strong>, el que podr\u00e1 ser aumentado conforme la situaci\u00f3n epidemiol\u00f3gica y de conformidad con los protocolos vigentes\u00bb.<\/p>\n<blockquote readability=\"10\">\n<p>\u00abTrabajamos con el mismo fin com\u00fan que es, dentro de la actividad, defender las fuentes laborales, crear proyectos, brindar seguridad con los protocolos consensuados\u00bb<span class=\"comilla\">\u201d<\/span><\/p>\n<p><span>Carlos Rottemberg<\/span><\/p>\n<\/blockquote>\n<p>Adem\u00e1s, se especifica que las personas afectadas al desarrollo de esas actividades deber\u00e1n portar el <strong>Certificado \u00danico Habilitante para Circulaci\u00f3n-Emergencia Covid-19<\/strong>, en tanto el p\u00fablico que deba circular fuera de los horarios permitidos por cada jurisdicci\u00f3n por asistir a un espect\u00e1culo podr\u00e1 <strong>\u00abacreditar su condici\u00f3n con los tickets de acceso\u00bb<\/strong>.<\/p>\n<p>A modo de reapertura formal, <strong>este viernes a las 20 el Ministro de Cultura de la Naci\u00f3n, Trist\u00e1n Bauer, y la Secretaria de Desarrollo Cultural, Lucrecia Cardoso, asistir\u00e1n a la funci\u00f3n de \u00abEl acompa\u00f1amiento\u00bb<\/strong>, pieza protagonizada por <strong>Luis Brandoni<\/strong> en el Multiteatro (Corrientes 1283).<\/p>\n<p>Al respecto, <strong>Carlos Rottemberg<\/strong>, due\u00f1o de la sala y titular de la Asociaci\u00f3n de Empresarios Teatrales (Aadet) consider\u00f3 que la decisi\u00f3n es <strong>\u00abpara celebrar por parte de la gente de la cultura, de artes esc\u00e9nicas, de teatro y m\u00fasica\u00bb<\/strong>.<\/p>\n<p><strong>\u00abEstoy convencido de que estas iniciativas salen fundamentalmente porque siempre mantuvimos la premisa de priorizar la salud y defender las fuentes de trabajo\u00bb<\/strong>, se\u00f1al\u00f3 en declaraciones a Radio T\u00e9lam y destac\u00f3 el trabajo mancomunado realizado entre la <strong>Asociaci\u00f3n Argentina de Actores; el Sindicato Argentino de M\u00fasicos; Argentores, el Sindicato \u00danico de Trabajadores de Espect\u00e1culos P\u00fablicos; la Uni\u00f3n de Maquinistas de Teatro y Aadet<\/strong>.<\/p>\n<p><strong>\u00abTrabajamos con el mismo fin com\u00fan que es, dentro de la actividad, defender las fuentes laborales, crear proyectos, brindar seguridad con los protocolos consensuados que se trasunta en bienestar de una comunidad art\u00edstica que durante 15 meses ve realmente mermada sus posibilidades a partir de este flagelo sanitario que nos atraves\u00f3\u00bb<\/strong>, destac\u00f3.<\/p>\n<div class=\"image\" id=\"image\" readability=\"11\"> <img src=\"http:\/\/nuevacordoba.net\/wp-content\/uploads\/2021\/06\/reabren-teatros-y-cines-en-todo-el-pais-con-protocolos-y-aforo-reducido-1.jpg\" alt=\"La decisi\u00f3n es &quot;para celebrar por parte de la gente de la cultura, de artes esc\u00e9nicas, de teatro y m\u00fasica&quot;, dijo Rottemberg.\" title=\"La decisi\u00f3n es &quot;para celebrar por parte de la gente de la cultura, de artes esc\u00e9nicas, de teatro y m\u00fasica&quot;, dijo Rottemberg.\"><\/p>\n<p>La decisi\u00f3n es \u00abpara celebrar por parte de la gente de la cultura, de artes esc\u00e9nicas, de teatro y m\u00fasica\u00bb, dijo Rottemberg.<\/p>\n<\/div>\n<p>Se abre el tel\u00f3n <\/p>\n<p>Adem\u00e1s, en el Multitabaris (Av. Corrientes 831) volver\u00e1 la celebraci\u00f3n de <strong>\u00abBrujas\u00bb<\/strong> por sus 30 a\u00f1os, en el Picadilly (Av. Corrientes 1524) estar\u00e1 Sergio Gonal con <strong>\u00abNada es igual\u00bb<\/strong> (el viernes) y <strong>\u00abRadojka\u00bb<\/strong>, con Cecilia Dopazo y Patricia Palmer (el s\u00e1bado), la comedia <strong>\u00abLa chica del sombrero rosa\u00bb<\/strong> ir\u00e1 al Teatro La Casona (Av. Corrientes 1975) y el musical <strong>\u00abVac\u00edo\u00bb<\/strong> al Cultural San Mart\u00edn (Sarmiento 1551).<\/p>\n<p>La grilla comercial a\u00f1ade, entre otras propuestas, tres \u00fanicas funciones (18,19 y 20) de <strong>\u00abTres empanadas\u00bb<\/strong> en el Broadway (Av. Corrientes 1155), el regreso de <strong>\u00abSex\u00bb<\/strong> con funciones a las 20 y 22 en Gorriti Art Center (Av. Juan B. Justo 1617) y <strong>\u00abGracias, Mar\u00eda Elena\u00bb<\/strong> en el Regina (Av. Santa Fe 1235)<\/p>\n<p>El reclamo de salas independientes<\/p>\n<p>Pero mientras desde el teatro comercial celebran el anuncio, representantes de salas independientes reaccionaron con cautela, reclamando ayuda estatal y advirtiendo que <strong>\u00abno hay margen para otro cierre\u00bb<\/strong>.<\/p>\n<p>Mientras fuentes del Ministerio de Cultura porte\u00f1o confirmaron a T\u00e9lam que la Ciudad arrancar\u00e1 con un aforo <strong>\u00abdel 30 por ciento y ser\u00e1 progresivo\u00bb<\/strong>, desde los espacios independientes aseguran que, para ellos, la <strong>\u00abvuelta del teatro\u00bb<\/strong>, si bien es mejor una sala abierta que una cerrada, es m\u00e1s un eslogan que una realidad.<\/p>\n<p>Los reclamos, en general, coinciden con que el anuncio porte\u00f1o fue sorpresivo, que el aforo del 30 por ciento es insuficiente, que no hay resto econ\u00f3mico tras haber adaptado a finales de 2020 las salas para cumplir con el protocolo y luego tener que cerrar. <strong>La mayor\u00eda, adem\u00e1s, descree que la apertura, en invierno y con una situaci\u00f3n epidemiol\u00f3gica compleja, vaya a ser definitiva.<\/strong><\/p>\n<blockquote readability=\"9\">\n<p>\u00abEstamos en econom\u00eda de guerra, casi no pudiendo pagar sueldos y tratando de sobrevivir para que, cuando la cosa pueda funcionar definitivamente, todav\u00eda exista la sala\u00bb<span class=\"comilla\">\u201d<\/span><\/p>\n<p><span>Francisco Lumerman<\/span><\/p>\n<\/blockquote>\n<p><strong>\u00abEstamos en econom\u00eda de guerra, casi no pudiendo pagar sueldos y tratando de sobrevivir para que, cuando la cosa pueda funcionar definitivamente, todav\u00eda exista la sala\u00bb,<\/strong> dijo a T\u00e9lam el actor, director y dramaturgo <strong>Francisco Lumerman<\/strong>, responsable junto a <strong>Lisandro Penelas<\/strong> de la sala de Villa Crespo Mosc\u00fa Teatro.<\/p>\n<p>Luego de nueve semanas de cierre, agreg\u00f3 que de los siete espect\u00e1culos que ten\u00edan en cartel <strong>\u00abninguno siente que est\u00e9n dadas las condiciones para volver\u00bb<\/strong>.<\/p>\n<p><strong>\u00abOjal\u00e1 se reactive -agreg\u00f3- pero esta vez no vamos a ser punta de lanza como en el verano: deseo que sean los teatros estatales, que con la plata de los impuestos de todos, son los que deber\u00edan ocuparse de eso\u00bb<\/strong>.<\/p>\n<div class=\"image\" id=\"image\" readability=\"10\"> <img src=\"http:\/\/nuevacordoba.net\/wp-content\/uploads\/2021\/06\/reabren-teatros-y-cines-en-todo-el-pais-con-protocolos-y-aforo-reducido-2.jpg\" alt=\"Jonathan Zak: &quot;La situaci\u00f3n es de supervivencia, es el mismo problema cada vez m\u00e1s profundo, estamos al l\u00edmite y la lucha es d\u00eda a d\u00eda&quot;.\" title=\"Jonathan Zak: &quot;La situaci\u00f3n es de supervivencia, es el mismo problema cada vez m\u00e1s profundo, estamos al l\u00edmite y la lucha es d\u00eda a d\u00eda&quot;.\"><\/p>\n<p>Jonathan Zak: \u00abLa situaci\u00f3n es de supervivencia, es el mismo problema cada vez m\u00e1s profundo, estamos al l\u00edmite y la lucha es d\u00eda a d\u00eda\u00bb.<\/p>\n<\/div>\n<p><strong>Mariano Stolkiner<\/strong> es due\u00f1o de El extranjero, sala emblem\u00e1tica del barrio de Abasto, y pidi\u00f3 a los <strong>\u00abgobiernos que tomen la cultura en serio: En este tiempo demostraron un enorme desinter\u00e9s, sobre todo por la cultura independiente y autogestiva\u00bb<\/strong>.<\/p>\n<p>En la misma l\u00ednea, <strong>Alejandra Carpineti<\/strong>, productora y programadora de La Carpinter\u00eda, destac\u00f3 que <strong>\u00abqueda pendiente sentir que hay un plan por parte del Gobierno porte\u00f1o que no sea solo pujar por la apertura como si fuera suficiente para que vuelva a la normalidad\u00bb<\/strong>.<\/p>\n<p>Desde Timbre 4, el productor <strong>Jonathan Zak<\/strong> dijo que intentar\u00e1n reponer la pieza que estaba en cartel de <strong>Mariano Tenconi Blanco, \u00abLa vida extraordinaria\u00bb<\/strong>, pero a\u00fan sin fecha cierta. <strong>\u00abLa situaci\u00f3n es de supervivencia, es el mismo problema cada vez m\u00e1s profundo, estamos al l\u00edmite y la lucha es d\u00eda a d\u00eda\u00bb<\/strong>.<\/p>\n<p><strong>Mat\u00edas Puricelli<\/strong>, uno de los due\u00f1os del M\u00e9todo Kair\u00f3s, admiti\u00f3 que pensaron en cerrar definitivamente el espacio de Palermo y <strong>\u00abno es algo para nada descartado\u00bb, mientras que Sergio Albornoz, del Teatro Quir\u00f3n de Boedo con 40 butacas dice: \u00ab\u00bfSi vamos a reponer funciones? El costo de poner ventilaci\u00f3n mec\u00e1nica cuesta m\u00e1s de 600 mil pesos as\u00ed que por ahora ser\u00e1 muy dif\u00edcil abrir\u00bb<\/strong>. <\/p>\n","protected":false},"excerpt":{"rendered":"<p>Los cines reabren con un 30% de aforo, mientras que los teatros con un 50. El gobierno nacional habilit\u00f3 la reapertura de actividades culturales presenciales en zonas \u00abde alto riesgo epidemiol\u00f3gico y sanitario\u00bb de todo el pa\u00eds, con protocolos sanitarios y un aforo del 50 por ciento para salas de teatro y 30 para cines. [&hellip;]<\/p>\n","protected":false},"author":1,"featured_media":5879,"comment_status":"closed","ping_status":"closed","sticky":false,"template":"","format":"standard","meta":[],"categories":[9],"tags":[],"_links":{"self":[{"href":"http:\/\/nuevacordoba.net\/index.php\/wp-json\/wp\/v2\/posts\/5878"}],"collection":[{"href":"http:\/\/nuevacordoba.net\/index.php\/wp-json\/wp\/v2\/posts"}],"about":[{"href":"http:\/\/nuevacordoba.net\/index.php\/wp-json\/wp\/v2\/types\/post"}],"author":[{"embeddable":true,"href":"http:\/\/nuevacordoba.net\/index.php\/wp-json\/wp\/v2\/users\/1"}],"replies":[{"embeddable":true,"href":"http:\/\/nuevacordoba.net\/index.php\/wp-json\/wp\/v2\/comments?post=5878"}],"version-history":[{"count":0,"href":"http:\/\/nuevacordoba.net\/index.php\/wp-json\/wp\/v2\/posts\/5878\/revisions"}],"wp:featuredmedia":[{"embeddable":true,"href":"http:\/\/nuevacordoba.net\/index.php\/wp-json\/wp\/v2\/media\/5879"}],"wp:attachment":[{"href":"http:\/\/nuevacordoba.net\/index.php\/wp-json\/wp\/v2\/media?parent=5878"}],"wp:term":[{"taxonomy":"category","embeddable":true,"href":"http:\/\/nuevacordoba.net\/index.php\/wp-json\/wp\/v2\/categories?post=5878"},{"taxonomy":"post_tag","embeddable":true,"href":"http:\/\/nuevacordoba.net\/index.php\/wp-json\/wp\/v2\/tags?post=5878"}],"curies":[{"name":"wp","href":"https:\/\/api.w.org\/{rel}","templated":true}]}}