{"id":59043,"date":"2025-06-02T18:49:59","date_gmt":"2025-06-02T18:49:59","guid":{"rendered":"https:\/\/www.ole.com.ar\/autos\/briatore-colapinto-eligio-doohan-alpine_0_7a8xjDJLfj.html"},"modified":"2025-06-02T18:49:59","modified_gmt":"2025-06-02T18:49:59","slug":"briatore-y-el-ejemplo-que-utilizo-para-explicar-por-que-eligio-a-colapinto-para-reemplazar-a-doohan","status":"publish","type":"post","link":"http:\/\/nuevacordoba.net\/index.php\/2025\/06\/02\/briatore-y-el-ejemplo-que-utilizo-para-explicar-por-que-eligio-a-colapinto-para-reemplazar-a-doohan\/","title":{"rendered":"Briatore y el ejemplo que utiliz\u00f3 para explicar por qu\u00e9 eligi\u00f3 a Colapinto para reemplazar a Doohan"},"content":{"rendered":"<p><time class=\"createDate\" datetime=\"2025-06-02T15:49:59-03:00\">02\/06\/2025 15:49hs.<\/time><\/p>\n<div id=\"storyBody\">\n<div class=\"custom-text \" readability=\"27.049689440994\">\n<p>Un d\u00eda despu\u00e9s de un fin de semana complicado para <a href=\"https:\/\/www.ole.com.ar\/autos\/franco-colapinto-gran-premio-espana-formula-1-carrera-domingo-vivo-online_0_QsF4mVJg6F.html\" target=\"_self\" title=\"Franco Colapinto en el GP de Espa\u00f1a (los problemas en la transmisi\u00f3n del auto en la qualy del s\u00e1bado, un puesto 15 con gusto a poco en la carrera\" alt=\"Franco Colapinto en el GP de Espa\u00f1a (los problemas en la transmisi\u00f3n del auto en la qualy del s\u00e1bado, un puesto 15 con gusto a poco en la carrera\" rel=\"noopener\">Franco Colapinto en el GP de Espa\u00f1a (los problemas en la transmisi\u00f3n del auto en la qualy del s\u00e1bado, un puesto 15 con gusto a poco en la carrera<\/a>), apareci\u00f3 en Italia una entrevista que le hicieron al propio Flavio Briatore, jefe de equipo de Alpine. Y entre las preguntas que le efectuaron, no pas\u00f3 inadvertida la referida a<strong> por qu\u00e9 eligi\u00f3 al piloto pilarense para reemplazar hace tres carreras al australiano Jack Doohan. <\/strong><\/p>\n<\/div>\n<p><h2><strong>La respuesta de Briatore<\/strong><\/h2>\n<\/p>\n<div class=\"custom-text \" readability=\"38\">\n<p><strong>\u00bfQu\u00e9 dijo? <\/strong>Sin vueltas, en di\u00e1logo con Corriere Della Serra, respondi\u00f3 con un ejemplo singular: <strong>\u00abIncluso en el pasado decid\u00ed poner a un jovenc\u00edsimo Fernando Alonso en lugar del m\u00e1s experimentado Jenson Button. Esa decisi\u00f3n desat\u00f3 furia en la prensa brit\u00e1nica, pero al final, acert\u00e9\u00bb. <\/strong><\/p>\n<\/div>\n<div class=\"custom-text \" readability=\"37\">\n<p>Briatore record\u00f3 lo hecho con el piloto espa\u00f1ol en 2003, d\u00e1ndole la titularidad en Renault. Dos a\u00f1os despu\u00e9s, el asturiano fue campe\u00f3n del mundo, t\u00edtulo que revalid\u00f3 en 2006. \u00bfSe podr\u00e1 dar algo parecido con Franco? <\/p>\n<\/div>\n<div class=\"sc-e7b891c4-0 ifHnQL image-embed\"><img alt=\"Briatore con Alonso (AP). \" loading=\"lazy\" width=\"720\" height=\"100\" decoding=\"async\" data-nimg=\"1\" src=\"http:\/\/nuevacordoba.net\/wp-content\/uploads\/2025\/06\/briatore-y-el-ejemplo-que-utilizo-para-explicar-por-que-eligio-a-colapinto-para-reemplazar-a-doohan.jpg\"><span class=\"epigraphe\">Briatore con Alonso (AP). <\/span><\/div>\n<div class=\"custom-text \" readability=\"41\">\n<p>Repasando lo acontecido hasta ac\u00e1 en Alpine, en seis carreras, Doohan no pudo sumar puntos. Dos abandonos y un puesto 13 en China como mejor resultado (despu\u00e9s, lleg\u00f3 14, 15 y 17 en las carreras restantes). Colapinto se subi\u00f3 a la butaca a partir del gran premio de \u00cdmola y hasta el momento complet\u00f3 todas las competencias, pero sin unidades: <strong>16, 13 (M\u00f3naco) y 15. <\/strong><\/p>\n<\/div>\n<p><h2><strong>\u00bfQu\u00e9 habia dicho Briatore de la carrera de Franco en Espa\u00f1a?<\/strong><\/h2>\n<\/p>\n<div class=\"custom-text \" readability=\"36\">\n<p><strong>\u00abLa tarde de Franco iba a ser dif\u00edcil porque empez\u00f3 desde atr\u00e1s, tuvo una carrera decepcionante. No progres\u00f3 tanto como esper\u00e1bamos\u00bb<\/strong>, fueron las palabras del italiano finalizada la competencia en suelo ib\u00e9rico ante los micr\u00f3fonos de Motorports<\/p>\n<\/div>\n<div class=\"sc-e7b891c4-0 ifHnQL image-embed\"><img alt=\"Briatore con Colapinto\" loading=\"lazy\" width=\"720\" height=\"100\" decoding=\"async\" data-nimg=\"1\" src=\"http:\/\/nuevacordoba.net\/wp-content\/uploads\/2025\/06\/briatore-y-el-ejemplo-que-utilizo-para-explicar-por-que-eligio-a-colapinto-para-reemplazar-a-doohan-1.jpg\"><span class=\"epigraphe\">Briatore con Colapinto<\/span><\/div>\n<div class=\"custom-text \" readability=\"25.034825870647\">\n<p>A pesar del octavo puesto logrado por Pierre Gasly, sumando cuatro puntos, <a href=\"https:\/\/www.ole.com.ar\/autos\/alpine-dia-negro-formula-1-barcelona-gasly-colapinto_0_vAbRFXgChA.html\" target=\"_self\" title=\"Alpine est\u00e1 en el \u00faltimo lugar del campeonato de Constructores,\" alt=\"Alpine est\u00e1 en el \u00faltimo lugar del campeonato de Constructores,\" rel=\"noopener\">Alpine est\u00e1 en el \u00faltimo lugar del campeonato de Constructores,<\/a> con 11 puntos. Qued\u00f3 a cinco de Aston Martin y Kick Sauber. <\/p>\n<\/div>\n<p><h2><strong>D\u00f3nde y cu\u00e1ndo volver\u00e1 a correr la F1<\/strong><\/h2>\n<\/p>\n<div class=\"custom-text \" readability=\"40\">\n<p>Luego del Gran Premio de Espa\u00f1a, el Campeonato Mundial de la F\u00f3rmula 1 entrar\u00e1 en una breve pausa. Ser\u00e1n dos semanas sin actividad antes de retomar la temporada 2025, <strong>cuando se corra el Gran Premio de Canad\u00e1, d\u00e9cima fecha del calendario, en el tradicional circuito Gilles-Villeneuve<\/strong>. A continuaci\u00f3n, el cronograma completo y los horarios para seguir toda la acci\u00f3n desde Argentina.<\/p>\n<\/div>\n<p><h2><strong>Horarios del Gran Premio de Canad\u00e1 2025 de la F1<\/strong><\/h2>\n<\/p>\n<div class=\"sc-e7b891c4-0 ifHnQL image-embed\"><img alt=\"Colapinto en Espa\u00f1a (EFE). \" loading=\"lazy\" width=\"720\" height=\"100\" decoding=\"async\" data-nimg=\"1\" src=\"http:\/\/nuevacordoba.net\/wp-content\/uploads\/2025\/06\/briatore-y-el-ejemplo-que-utilizo-para-explicar-por-que-eligio-a-colapinto-para-reemplazar-a-doohan-2.jpg\"><span class=\"epigraphe\">Colapinto en Espa\u00f1a (EFE). <\/span><\/div>\n<div class=\"custom-text \">\n<p><strong>Viernes 13 de junio<\/strong><\/p>\n<\/div>\n<div class=\"custom-text \" readability=\"32\">\n<p>Pr\u00e1ctica libre 1: 14:30 a 15:30<\/p>\n<\/div>\n<div class=\"custom-text \" readability=\"32\">\n<p>Pr\u00e1ctica libre 2: 18:00 a 19:00<\/p>\n<\/div>\n<div class=\"custom-text \">\n<p><strong>S\u00e1bado 14 de junio<\/strong><\/p>\n<\/div>\n<div class=\"custom-text \" readability=\"32\">\n<p>Pr\u00e1ctica libre 3: 13:30 a 14:30<\/p>\n<\/div>\n<div class=\"custom-text \" readability=\"32\">\n<p>Clasificaci\u00f3n: 17:00 a 18:00<\/p>\n<\/div>\n<div class=\"custom-text \">\n<p><strong>Domingo 15 de junio<\/strong><\/p>\n<\/div>\n<div class=\"custom-text \">\n<p>Carrera: 15:00<\/p>\n<\/div>\n<div class=\"sc-a7166897-0 eoLsBE\" readability=\"6\">\n<section readability=\"2\"><picture><img alt=\"Qu\u00e9 dijo Franco Colapinto tras un GP de Espa\u00f1a complicado para Alpine\" loading=\"lazy\" width=\"290\" height=\"290\" decoding=\"async\" data-nimg=\"1\" src=\"http:\/\/nuevacordoba.net\/wp-content\/uploads\/2025\/06\/briatore-y-el-ejemplo-que-utilizo-para-explicar-por-que-eligio-a-colapinto-para-reemplazar-a-doohan-3.jpg\"><\/picture>\n<p><span>Mir\u00e1 tambi\u00e9n<\/span><\/p>\n<hr>\n<h3>Qu\u00e9 dijo Franco Colapinto tras un GP de Espa\u00f1a complicado para Alpine<\/h3>\n<\/p>\n<\/section>\n<\/div>\n<div class=\"sc-a7166897-0 eoLsBE\" readability=\"7\">\n<section readability=\"4\"><picture><img alt=\"Qu\u00e9 dijo Pierre Gasly, compa\u00f1ero de Colapinto en Alpine, tras el GP de Barcelona\" loading=\"lazy\" width=\"290\" height=\"290\" decoding=\"async\" data-nimg=\"1\" src=\"http:\/\/nuevacordoba.net\/wp-content\/uploads\/2025\/06\/briatore-y-el-ejemplo-que-utilizo-para-explicar-por-que-eligio-a-colapinto-para-reemplazar-a-doohan-4.jpg\"><\/picture>\n<p><span>Mir\u00e1 tambi\u00e9n<\/span><\/p>\n<hr>\n<h3>Qu\u00e9 dijo Pierre Gasly, compa\u00f1ero de Colapinto en Alpine, tras el GP de Barcelona<\/h3>\n<\/p>\n<\/section>\n<\/div>\n<div class=\"sc-a7166897-0 eoLsBE\" readability=\"6\">\n<section readability=\"2\"><picture><img alt=\"El cantito futbolero de los hinchas argentinos contra Alpine\" loading=\"lazy\" width=\"290\" height=\"290\" decoding=\"async\" data-nimg=\"1\" src=\"http:\/\/nuevacordoba.net\/wp-content\/uploads\/2025\/06\/briatore-y-el-ejemplo-que-utilizo-para-explicar-por-que-eligio-a-colapinto-para-reemplazar-a-doohan-5.jpg\"><\/picture>\n<p><span>Mir\u00e1 tambi\u00e9n<\/span><\/p>\n<hr>\n<h3>El cantito futbolero de los hinchas argentinos contra Alpine<\/h3>\n<\/p>\n<\/section>\n<\/div>\n<\/div>\n","protected":false},"excerpt":{"rendered":"<p>02\/06\/2025 15:49hs. Un d\u00eda despu\u00e9s de un fin de semana complicado para Franco Colapinto en el GP de Espa\u00f1a (los problemas en la transmisi\u00f3n del auto en la qualy del s\u00e1bado, un puesto 15 con gusto a poco en la carrera), apareci\u00f3 en Italia una entrevista que le hicieron al propio Flavio Briatore, jefe de [&hellip;]<\/p>\n","protected":false},"author":1,"featured_media":59044,"comment_status":"closed","ping_status":"closed","sticky":false,"template":"","format":"standard","meta":[],"categories":[10],"tags":[],"_links":{"self":[{"href":"http:\/\/nuevacordoba.net\/index.php\/wp-json\/wp\/v2\/posts\/59043"}],"collection":[{"href":"http:\/\/nuevacordoba.net\/index.php\/wp-json\/wp\/v2\/posts"}],"about":[{"href":"http:\/\/nuevacordoba.net\/index.php\/wp-json\/wp\/v2\/types\/post"}],"author":[{"embeddable":true,"href":"http:\/\/nuevacordoba.net\/index.php\/wp-json\/wp\/v2\/users\/1"}],"replies":[{"embeddable":true,"href":"http:\/\/nuevacordoba.net\/index.php\/wp-json\/wp\/v2\/comments?post=59043"}],"version-history":[{"count":0,"href":"http:\/\/nuevacordoba.net\/index.php\/wp-json\/wp\/v2\/posts\/59043\/revisions"}],"wp:featuredmedia":[{"embeddable":true,"href":"http:\/\/nuevacordoba.net\/index.php\/wp-json\/wp\/v2\/media\/59044"}],"wp:attachment":[{"href":"http:\/\/nuevacordoba.net\/index.php\/wp-json\/wp\/v2\/media?parent=59043"}],"wp:term":[{"taxonomy":"category","embeddable":true,"href":"http:\/\/nuevacordoba.net\/index.php\/wp-json\/wp\/v2\/categories?post=59043"},{"taxonomy":"post_tag","embeddable":true,"href":"http:\/\/nuevacordoba.net\/index.php\/wp-json\/wp\/v2\/tags?post=59043"}],"curies":[{"name":"wp","href":"https:\/\/api.w.org\/{rel}","templated":true}]}}