{"id":59134,"date":"2025-06-02T18:46:30","date_gmt":"2025-06-02T18:46:30","guid":{"rendered":"http:\/\/cordobanewsnet.wordpress.com\/?p=12932"},"modified":"2025-06-02T18:46:30","modified_gmt":"2025-06-02T18:46:30","slug":"alerta-por-riesgos-de-incendios","status":"publish","type":"post","link":"http:\/\/nuevacordoba.net\/index.php\/2025\/06\/02\/alerta-por-riesgos-de-incendios\/","title":{"rendered":"ALERTA POR RIESGOS DE INCENDIOS"},"content":{"rendered":"<p>Alerta por Riesgo de Incendios: el Ministerio de Seguridad decret\u00f3 la Alerta Ambiental hasta el 31 de diciembre*<\/p>\n<figure class=\"wp-block-image\"><img src=\"http:\/\/nuevacordoba.net\/wp-content\/uploads\/2025\/06\/alerta-por-riesgos-de-incendios.png\" alt=\"\ud83d\udc68\ud83c\udffb\u200d\ud83d\ude92\"><\/figure>\n<p>*. Como cada a\u00f1o, el Ministerio de Seguridad de la Provincia de C\u00f3rdoba decret\u00f3 el estado de alerta ambiental por riesgo de invendios en todo el territorio provincial, hasta el 31 de diciembre del corriente a\u00f1o.*<\/p>\n<p>*. Dicho instrumento legal prohibe en todo el territorio provincial \u00abel encendido de cualquier tipo de fuego y de toda actividad que pueda dar lugar al inicio de incendios\u00bb.*<\/p>\n<p>Este *Lunes 02 de Junio*, el *Ministerio de Seguridad de la Provincia de C\u00f3rdoba* decret\u00f3 el *estado de alerta ambiental por riesgo de incendios en todo el territorio provincial*, hasta el 31 de diciembre del corriente a\u00f1o.<\/p>\n<p>En la Provincia de C\u00f3rdoba, el per\u00edodo del a\u00f1o en donde el *riesgo de incendios forestales es mayor* comienza, condiciones clim\u00e1ticas mediante, con el fin del oto\u00f1o y comienzo del invierno despu\u00e9s de las *primeras heladas*, ya que las bajas temperaturas y heladas *secan la vegetaci\u00f3n, la cual se transforma en material altamente combustible*, sobre todo en valles y serran\u00edas.<\/p>\n<p>En su art\u00edculo segundo, el decreto prohibe expresamente *\u00bbel encendido de cualquier tipo de fuego y de toda actividad que pueda dar lugar al inicio de incendios\u00bb*. Ante la detecci\u00f3n de focos de incendio y\/o columnas de humo, se insta a la poblaci\u00f3n a notificar de manera inmediata a las autoridades.<\/p>\n<figure class=\"wp-block-image\"><img src=\"http:\/\/nuevacordoba.net\/wp-content\/uploads\/2025\/06\/alerta-por-riesgos-de-incendios-1.png\" alt=\"\ud83d\udcde\"><\/figure>\n<p>*Contactos de emergencia:*<\/p>\n<figure class=\"wp-block-image\"><img src=\"http:\/\/nuevacordoba.net\/wp-content\/uploads\/2025\/06\/alerta-por-riesgos-de-incendios-2.png\" alt=\"\ud83d\udd25\"><\/figure>\n<p>. 0 800 38346 (FUEGO) \u2013 Call Center de Defensa Civil.<br \/>. 100 (Bomberos Voluntarios) \u2013 Cuarteles.<br \/>. 911 (Polic\u00eda de C\u00f3rdoba).<\/p>\n<figure class=\"wp-block-image\"><img src=\"http:\/\/nuevacordoba.net\/wp-content\/uploads\/2025\/06\/alerta-por-riesgos-de-incendios-3.png\" alt=\"\ud83d\udc49\"><\/figure>\n<p>&nbsp;Recordamos adem\u00e1s a la poblaci\u00f3n que *iniciar incendios forestales es un delito* tipificado en el *art\u00edculo 186 del C\u00f3digo Penal*, que puede conllevar *penas de prisi\u00f3n efectiva.*<\/p>\n<figure class=\"wp-block-image size-large\"><img loading=\"lazy\" data-attachment-id=\"12933\" data-permalink=\"https:\/\/cordobanewsnet.wordpress.com\/2025\/06\/02\/alerta-por-riesgos-de-incendios\/image-704\/\" data-orig-file=\"http:\/\/nuevacordoba.net\/wp-content\/uploads\/2025\/06\/alerta-por-riesgos-de-incendios-5.png\" data-orig-size=\"1000,570\" data-comments-opened=\"1\" data-image-meta=\"{&quot;aperture&quot;:&quot;0&quot;,&quot;credit&quot;:&quot;&quot;,&quot;camera&quot;:&quot;&quot;,&quot;caption&quot;:&quot;&quot;,&quot;created_timestamp&quot;:&quot;0&quot;,&quot;copyright&quot;:&quot;&quot;,&quot;focal_length&quot;:&quot;0&quot;,&quot;iso&quot;:&quot;0&quot;,&quot;shutter_speed&quot;:&quot;0&quot;,&quot;title&quot;:&quot;&quot;,&quot;orientation&quot;:&quot;0&quot;}\" data-image-title=\"image\" data-image-description data-image-caption data-medium-file=\"http:\/\/nuevacordoba.net\/wp-content\/uploads\/2025\/06\/alerta-por-riesgos-de-incendios-5.png?w=300\" data-large-file=\"http:\/\/nuevacordoba.net\/wp-content\/uploads\/2025\/06\/alerta-por-riesgos-de-incendios-5.png?w=736\" width=\"1000\" height=\"570\" src=\"http:\/\/nuevacordoba.net\/wp-content\/uploads\/2025\/06\/alerta-por-riesgos-de-incendios-4.png\" alt class=\"wp-image-12933\" srcset=\"http:\/\/nuevacordoba.net\/wp-content\/uploads\/2025\/06\/alerta-por-riesgos-de-incendios-5.png 1000w, http:\/\/nuevacordoba.net\/wp-content\/uploads\/2025\/06\/alerta-por-riesgos-de-incendios-5.png?w=150 150w, http:\/\/nuevacordoba.net\/wp-content\/uploads\/2025\/06\/alerta-por-riesgos-de-incendios-5.png?w=300 300w, http:\/\/nuevacordoba.net\/wp-content\/uploads\/2025\/06\/alerta-por-riesgos-de-incendios-5.png?w=768 768w\" sizes=\"(max-width: 1000px) 100vw, 1000px\"><\/figure>\n<p> <span id=\"wordads-inline-marker\"><\/span><\/p>\n<div id=\"jp-post-flair\" class=\"sharedaddy sd-like-enabled sd-sharing-enabled\">\n<div class=\"sharedaddy sd-sharing-enabled\">\n<div class=\"robots-nocontent sd-block sd-social sd-social-icon-text sd-sharing\">\n<h3 class=\"sd-title\">Comparte esto:<\/h3>\n<\/div>\n<\/div>\n<div class=\"sharedaddy sd-block sd-like jetpack-likes-widget-wrapper jetpack-likes-widget-unloaded\" id=\"like-post-wrapper-143108178-12932-683ed61e034d9\" data-src=\"\/\/widgets.wp.com\/likes\/index.html?ver=20250603#blog_id=143108178&amp;post_id=12932&amp;origin=cordobanewsnet.wordpress.com&amp;obj_id=143108178-12932-683ed61e034d9\" data-name=\"like-post-frame-143108178-12932-683ed61e034d9\" data-title=\"Me gusta o Compartir\">\n<p><span class=\"button\"><span>Me gusta<\/span><\/span> <span class=\"loading\">Cargando&#8230;<\/span><\/p>\n<p><span class=\"sd-text-color\"><\/span><\/div>\n<p><h3 class=\"jp-relatedposts-headline\"><em>Relacionado<\/em><\/h3>\n<\/p>\n<\/div>\n","protected":false},"excerpt":{"rendered":"<p>Alerta por Riesgo de Incendios: el Ministerio de Seguridad decret\u00f3 la Alerta Ambiental hasta el 31 de diciembre* *. Como cada a\u00f1o, el Ministerio de Seguridad de la Provincia de C\u00f3rdoba decret\u00f3 el estado de alerta ambiental por riesgo de invendios en todo el territorio provincial, hasta el 31 de diciembre del corriente a\u00f1o.* *. [&hellip;]<\/p>\n","protected":false},"author":1,"featured_media":59135,"comment_status":"closed","ping_status":"closed","sticky":false,"template":"","format":"standard","meta":[],"categories":[14],"tags":[],"_links":{"self":[{"href":"http:\/\/nuevacordoba.net\/index.php\/wp-json\/wp\/v2\/posts\/59134"}],"collection":[{"href":"http:\/\/nuevacordoba.net\/index.php\/wp-json\/wp\/v2\/posts"}],"about":[{"href":"http:\/\/nuevacordoba.net\/index.php\/wp-json\/wp\/v2\/types\/post"}],"author":[{"embeddable":true,"href":"http:\/\/nuevacordoba.net\/index.php\/wp-json\/wp\/v2\/users\/1"}],"replies":[{"embeddable":true,"href":"http:\/\/nuevacordoba.net\/index.php\/wp-json\/wp\/v2\/comments?post=59134"}],"version-history":[{"count":0,"href":"http:\/\/nuevacordoba.net\/index.php\/wp-json\/wp\/v2\/posts\/59134\/revisions"}],"wp:featuredmedia":[{"embeddable":true,"href":"http:\/\/nuevacordoba.net\/index.php\/wp-json\/wp\/v2\/media\/59135"}],"wp:attachment":[{"href":"http:\/\/nuevacordoba.net\/index.php\/wp-json\/wp\/v2\/media?parent=59134"}],"wp:term":[{"taxonomy":"category","embeddable":true,"href":"http:\/\/nuevacordoba.net\/index.php\/wp-json\/wp\/v2\/categories?post=59134"},{"taxonomy":"post_tag","embeddable":true,"href":"http:\/\/nuevacordoba.net\/index.php\/wp-json\/wp\/v2\/tags?post=59134"}],"curies":[{"name":"wp","href":"https:\/\/api.w.org\/{rel}","templated":true}]}}