{"id":59140,"date":"2025-06-03T12:33:48","date_gmt":"2025-06-03T12:33:48","guid":{"rendered":"https:\/\/cordoba.gob.ar\/?p=78314"},"modified":"2025-06-03T12:33:48","modified_gmt":"2025-06-03T12:33:48","slug":"corredores-de-todo-el-mundo-participaran-de-la-proxima-maraton-ciudad-de-cordoba-2025","status":"publish","type":"post","link":"http:\/\/nuevacordoba.net\/index.php\/2025\/06\/03\/corredores-de-todo-el-mundo-participaran-de-la-proxima-maraton-ciudad-de-cordoba-2025\/","title":{"rendered":"Corredores de todo el mundo participar\u00e1n de la pr\u00f3xima Marat\u00f3n Ciudad de C\u00f3rdoba 2025"},"content":{"rendered":"<div><img src=\"http:\/\/nuevacordoba.net\/wp-content\/uploads\/2025\/06\/corredores-de-todo-el-mundo-participaran-de-la-proxima-maraton-ciudad-de-cordoba-2025.jpg\" class=\"ff-og-image-inserted\"><\/div>\n<ul class=\"ak-ul\" data-prosemirror-content-type=\"node\" data-prosemirror-node-name=\"bulletList\" data-prosemirror-node-block=\"true\" readability=\"2.7206896551724\">\n<li data-prosemirror-content-type=\"node\" data-prosemirror-node-name=\"listItem\" data-prosemirror-node-block=\"true\" readability=\"3\">\n<p data-prosemirror-content-type=\"node\" data-prosemirror-node-name=\"paragraph\" data-prosemirror-node-block=\"true\"><strong>Ya se registraron deportistas de Reino Unido, Uruguay, Chile, Brasil, M\u00e9xico y Estados Unidos.<\/strong><\/p>\n<\/li>\n<li data-prosemirror-content-type=\"node\" data-prosemirror-node-name=\"listItem\" data-prosemirror-node-block=\"true\" readability=\"0\">\n<p data-prosemirror-content-type=\"node\" data-prosemirror-node-name=\"paragraph\" data-prosemirror-node-block=\"true\"><strong>Hasta el 5 de julio continuar\u00e1n abiertas las inscripciones para participar en:&nbsp; <a href=\"http:\/\/maratondecordoba.com\" data-prosemirror-content-type=\"mark\" data-prosemirror-mark-name=\"link\">http:\/\/maratondecordoba.com<\/a><\/strong><\/p>\n<\/li>\n<li data-prosemirror-content-type=\"node\" data-prosemirror-node-name=\"listItem\" data-prosemirror-node-block=\"true\" readability=\"0\">\n<p data-prosemirror-content-type=\"node\" data-prosemirror-node-name=\"paragraph\" data-prosemirror-node-block=\"true\"><strong>El evento tendr\u00e1 modalidades participativas de 5k y competitivas de 10k, 21k y 42k.<\/strong><\/p>\n<\/li>\n<\/ul>\n<hr>\n<p data-prosemirror-content-type=\"node\" data-prosemirror-node-name=\"paragraph\" data-prosemirror-node-block=\"true\">Cada vez falta menos para que la capital provincial vuelva a convertirse en el escenario de la Marat\u00f3n Ciudad de C\u00f3rdoba 2025. El pr\u00f3ximo 6 de julio, competidores de todo el mundo recorrer\u00e1n circuitos dise\u00f1ados para la competencia en los mejores paisajes que ofrece La Docta.<\/p>\n<p data-prosemirror-content-type=\"node\" data-prosemirror-node-name=\"paragraph\" data-prosemirror-node-block=\"true\">Ya superan los dos mil los competidores que estar\u00e1n presentes en la pr\u00f3xima carrera, con inscripci\u00f3n de destacados corredores locales, de provincias de todo el pa\u00eds y de presencia internacional provenientes de Reino Unido, Uruguay, Chile, Brasil, M\u00e9xico y Estados Unidos.<\/p>\n<p data-prosemirror-content-type=\"node\" data-prosemirror-node-name=\"paragraph\" data-prosemirror-node-block=\"true\">Las distancias de la Marat\u00f3n ser\u00e1n de 5K, 10K, 21K y 42k, con la participaci\u00f3n de personas en silla de ruedas, no videntes, atletismo asistido y otras discapacidades.<\/p>\n<p data-prosemirror-content-type=\"node\" data-prosemirror-node-name=\"paragraph\" data-prosemirror-node-block=\"true\">La distancia de 5K recorrer\u00e1 los alrededores del estadio Kempes, pasando por el Parque adyacente; los 10K atravesar\u00e1n el pintoresco barrio Urca; los 21K llegar\u00e1n hasta el puente 450 Aniversario, uniendo el Paseo Suqu\u00eda con el Parque Las Heras Elisa; y, finalmente, los 42K cubrir\u00e1n un desafiante recorrido hasta Ciudad Universitaria, para luego regresar al estadio.<\/p>\n<p data-prosemirror-content-type=\"node\" data-prosemirror-node-name=\"paragraph\" data-prosemirror-node-block=\"true\">La competencia tendr\u00e1 premios en efectivo para los ganadores y una medalla de participaci\u00f3n para quienes finalicen los recorridos.<\/p>\n<p data-prosemirror-content-type=\"node\" data-prosemirror-node-name=\"paragraph\" data-prosemirror-node-block=\"true\">Hasta el 5 de julio hay tiempo de sumarse y ser parte de este tradicional desaf\u00edo por las calles de la ciudad.<\/p>\n<p data-prosemirror-content-type=\"node\" data-prosemirror-node-name=\"paragraph\" data-prosemirror-node-block=\"true\">La participaci\u00f3n es arancelada. Inscripciones en el siguiente <a href=\"https:\/\/raceseries.newbalance.com.ar\/2025\/42k-cordoba-2025\/\">link<\/a><\/p>\n","protected":false},"excerpt":{"rendered":"<p>Ya se registraron deportistas de Reino Unido, Uruguay, Chile, Brasil, M\u00e9xico y Estados Unidos. Hasta el 5 de julio continuar\u00e1n abiertas las inscripciones para participar en:&nbsp; http:\/\/maratondecordoba.com El evento tendr\u00e1 modalidades participativas de 5k y competitivas de 10k, 21k y 42k. Cada vez falta menos para que la capital provincial vuelva a convertirse en el [&hellip;]<\/p>\n","protected":false},"author":1,"featured_media":59141,"comment_status":"closed","ping_status":"closed","sticky":false,"template":"","format":"standard","meta":[],"categories":[14],"tags":[],"_links":{"self":[{"href":"http:\/\/nuevacordoba.net\/index.php\/wp-json\/wp\/v2\/posts\/59140"}],"collection":[{"href":"http:\/\/nuevacordoba.net\/index.php\/wp-json\/wp\/v2\/posts"}],"about":[{"href":"http:\/\/nuevacordoba.net\/index.php\/wp-json\/wp\/v2\/types\/post"}],"author":[{"embeddable":true,"href":"http:\/\/nuevacordoba.net\/index.php\/wp-json\/wp\/v2\/users\/1"}],"replies":[{"embeddable":true,"href":"http:\/\/nuevacordoba.net\/index.php\/wp-json\/wp\/v2\/comments?post=59140"}],"version-history":[{"count":0,"href":"http:\/\/nuevacordoba.net\/index.php\/wp-json\/wp\/v2\/posts\/59140\/revisions"}],"wp:featuredmedia":[{"embeddable":true,"href":"http:\/\/nuevacordoba.net\/index.php\/wp-json\/wp\/v2\/media\/59141"}],"wp:attachment":[{"href":"http:\/\/nuevacordoba.net\/index.php\/wp-json\/wp\/v2\/media?parent=59140"}],"wp:term":[{"taxonomy":"category","embeddable":true,"href":"http:\/\/nuevacordoba.net\/index.php\/wp-json\/wp\/v2\/categories?post=59140"},{"taxonomy":"post_tag","embeddable":true,"href":"http:\/\/nuevacordoba.net\/index.php\/wp-json\/wp\/v2\/tags?post=59140"}],"curies":[{"name":"wp","href":"https:\/\/api.w.org\/{rel}","templated":true}]}}