{"id":59142,"date":"2025-06-03T16:30:38","date_gmt":"2025-06-03T16:30:38","guid":{"rendered":"https:\/\/puntoapunto.com.ar\/?p=373634"},"modified":"2025-06-03T16:30:38","modified_gmt":"2025-06-03T16:30:38","slug":"politica-a-punto-cristina-se-refugia-en-una-candidatura-bonaerense-para-evitar-la-ofensiva-de-la-justicia","status":"publish","type":"post","link":"http:\/\/nuevacordoba.net\/index.php\/2025\/06\/03\/politica-a-punto-cristina-se-refugia-en-una-candidatura-bonaerense-para-evitar-la-ofensiva-de-la-justicia\/","title":{"rendered":"Pol\u00edtica a Punto: Cristina se refugia en una candidatura bonaerense para evitar la ofensiva de la Justicia"},"content":{"rendered":"<p>&nbsp;<!-- \u00a1O bien no hay banners, estan desactivados o no estan programados para esta ubicaci\u00f3n! -->\n<\/p>\n<p>&nbsp;\n<\/p>\n<p>Por Eduardo Bocco. Finalmente, Cristina Fern\u00e1ndez de Kirchner anunci\u00f3 que ser\u00e1 candidata a legisladora por la tercera circunscripci\u00f3n electoral de la provincia de Buenos Aires, el basti\u00f3n de los K, donde seguramente se impondr\u00e1 en los comicios de setiembre en ese distrito.\n<\/p>\n<p>Lo curioso es que la dos veces presidente trata de salvar la ropa ahora en un bols\u00f3n electoral dominado por las urgencias y las necesidades de sus habitantes. En la populosa La Matanza, Cristina es pr\u00e1cticamente un semidios y all\u00ed podr\u00e1 sentirse como cuando se mov\u00eda oronda e invencible por los patios de la Casa Rosada dando hasta dos mensajes en una tarde.\n<\/p>\n<p>En Argentina, como en muchos lugares del mundo, los liderazgos no son eternos y Cristina ahora lo sufre en carne propia. Cualquier dirigente se le para de manos y no se achica ante su verborragia. Ya no decide ni intimida, por eso, uno de sus productos, el gobernador bonaerense Axel Kicillof, se le anima y le dar\u00e1 pelea en estos comicios, que tambi\u00e9n tienen el valor de una interna para el kirchnerismo.<!-- \u00a1O bien no hay banners, estan desactivados o no estan programados para esta ubicaci\u00f3n! -->\n<\/p>\n<p>Adem\u00e1s, al frente de las boletas del PJ estar\u00e1n Milei&nbsp; y Macri, si es que resuelven su pelea interna digna a esta altura de una lectura vinculada a la salud mental antes que a la pol\u00edtica.<\/p>\n<p>En realidad y volviendo a la se\u00f1ora Fern\u00e1ndez, parece que su candidatura tiene m\u00e1s que ver con que ver con su estrategia judicial, antes que con el desaf\u00edo pol\u00edtico. Ahora est\u00e1 esperando que la Corte Suprema de Justicia de la Naci\u00f3n no resuelva su tema pendiente antes de los comicios de setiembre para ver si puede presentarse. Todo debe ser dicho y sus ac\u00f3litos braman y la consideran una v\u00edctima. Claro que sus detractores no son santos ni nada que se les parezca, pero esto no es una confrontaci\u00f3n contra los malos y la buena.\n<\/p>\n<p>Cristina podr\u00e1 revalidar t\u00edtulos en la tercera circunscripci\u00f3n electoral bonaerense y sentir\u00e1 el calorcito de quienes la idolatran. Habr\u00e1 que ver que pasa en la provincia m\u00e1s numerosa del pa\u00eds, donde siempre se libran \u2013como dicen los lugares comunes\u2013 \u201cla madre de las batallas\u201d.\n<\/p>\n<p>Por capricho, Kicillof tambi\u00e9n desdobl\u00f3 las elecciones: en setiembre las legislativas provinciales y en octubre las nacionales. All\u00ed se conocer\u00e1 el veredicto final acerca de una persona que movi\u00f3 multitudes y que ahora parece disparar hacia adelante.\n<\/p>\n<p>Tampoco conserva bolsonnes de adhesiones&nbsp; en el resto del pa\u00eds, por caso C\u00f3rdoba. Aqu\u00ed sus seguidores aceptan sin nada que decir todo lo que se les manda. Act\u00faan como empleados y algunos de sus militantes sobreviven con conchabos que consiguen en el Estado. Hoy raju\u00f1ar\u00e1n votos el 26 de octubre para salvar un diputado nacional. Sus representantes parlamentarios, Pablo Carro \u2013se le vence el mandato\u2013 y Gabriela Est\u00e9vez no son precisamente dirigentes con base territorial. Su labor se limita a defender estructuras burocr\u00e1ticas. S\u00f3lo eso. Hoy la expresidenta que invent\u00f3 de la noche a la ma\u00f1ana la candidatura presidencial de Alberto Fern\u00e1ndez, por lo cual sus bases la consideraron la gran estratega, tratan de olvidar aquel oscuro episodio que termin\u00f3 sentando en el sill\u00f3n de Rivadavia a un inepto. Como se ve, la heredera de N\u00e9stor Kirchner tuvo m\u00e1s sombras que luces, aunque todo es m\u00e1s f\u00e1cil de analizar con el diario del otro d\u00eda.\n<\/p>\n<p>&nbsp;\n<\/p>\n<div class=\"g g-38\">\n<div class=\"g-dyn a-12 c-1\"><a class=\"gofollow\" data-track=\"MTIsMzgsMSw2MA==\" href=\"https:\/\/www.farmaciashpfarma.com.ar\/blog\/institucional\/beneficios-corporativos-en-campana-antigripal.html\" target=\"_blank\" rel=\"noopener\"><img src=\"http:\/\/nuevacordoba.net\/wp-content\/uploads\/2025\/06\/politica-a-punto-cristina-se-refugia-en-una-candidatura-bonaerense-para-evitar-la-ofensiva-de-la-justicia.gif\" loading=\"lazy\"><\/a><\/div>\n<\/div>\n","protected":false},"excerpt":{"rendered":"<p>&nbsp; &nbsp; Por Eduardo Bocco. Finalmente, Cristina Fern\u00e1ndez de Kirchner anunci\u00f3 que ser\u00e1 candidata a legisladora por la tercera circunscripci\u00f3n electoral de la provincia de Buenos Aires, el basti\u00f3n de los K, donde seguramente se impondr\u00e1 en los comicios de setiembre en ese distrito. Lo curioso es que la dos veces presidente trata de salvar [&hellip;]<\/p>\n","protected":false},"author":1,"featured_media":59143,"comment_status":"open","ping_status":"closed","sticky":false,"template":"","format":"standard","meta":[],"categories":[12,14],"tags":[],"_links":{"self":[{"href":"http:\/\/nuevacordoba.net\/index.php\/wp-json\/wp\/v2\/posts\/59142"}],"collection":[{"href":"http:\/\/nuevacordoba.net\/index.php\/wp-json\/wp\/v2\/posts"}],"about":[{"href":"http:\/\/nuevacordoba.net\/index.php\/wp-json\/wp\/v2\/types\/post"}],"author":[{"embeddable":true,"href":"http:\/\/nuevacordoba.net\/index.php\/wp-json\/wp\/v2\/users\/1"}],"replies":[{"embeddable":true,"href":"http:\/\/nuevacordoba.net\/index.php\/wp-json\/wp\/v2\/comments?post=59142"}],"version-history":[{"count":0,"href":"http:\/\/nuevacordoba.net\/index.php\/wp-json\/wp\/v2\/posts\/59142\/revisions"}],"wp:featuredmedia":[{"embeddable":true,"href":"http:\/\/nuevacordoba.net\/index.php\/wp-json\/wp\/v2\/media\/59143"}],"wp:attachment":[{"href":"http:\/\/nuevacordoba.net\/index.php\/wp-json\/wp\/v2\/media?parent=59142"}],"wp:term":[{"taxonomy":"category","embeddable":true,"href":"http:\/\/nuevacordoba.net\/index.php\/wp-json\/wp\/v2\/categories?post=59142"},{"taxonomy":"post_tag","embeddable":true,"href":"http:\/\/nuevacordoba.net\/index.php\/wp-json\/wp\/v2\/tags?post=59142"}],"curies":[{"name":"wp","href":"https:\/\/api.w.org\/{rel}","templated":true}]}}