{"id":59144,"date":"2025-06-03T12:38:22","date_gmt":"2025-06-03T12:38:22","guid":{"rendered":"http:\/\/cordobanewsnet.wordpress.com\/?p=12936"},"modified":"2025-06-03T12:38:22","modified_gmt":"2025-06-03T12:38:22","slug":"diez-anos-de-lucha-el-3j-activa-una-nueva-marcha-de-ni-una-menos-en-cordoba","status":"publish","type":"post","link":"http:\/\/nuevacordoba.net\/index.php\/2025\/06\/03\/diez-anos-de-lucha-el-3j-activa-una-nueva-marcha-de-ni-una-menos-en-cordoba\/","title":{"rendered":"Diez a\u00f1os de lucha: el 3J activa una nueva marcha de Ni Una Menos en C\u00f3rdoba"},"content":{"rendered":"<p>Bajo el reclamo \u00abporque los femicidios no cesan, porque seguimos gritando \u00a1Basta!, porque la lucha sigue siendo urgente\u00bb, la convocatoria es este 3 de junio a las 18 horas en Col\u00f3n y Ca\u00f1ada.<\/p>\n<p>Este martes 3 de Junio se realiza una nueva marcha, la de los 10 a\u00f1os, del movimiento<\/p>\n<p>\u00bb NI UNA MENOS \u00ab<\/p>\n<p>&nbsp;en&nbsp;<strong>C\u00f3rdoba&nbsp;<\/strong>y en&nbsp;<strong>Argentina<\/strong>, en contra de la violencia de g\u00e9nero y los femicidios.<\/p>\n<p>Desde el colectivo convocan a las&nbsp;<strong>18 horas en Col\u00f3n y Ca\u00f1ada<\/strong>, \u201cporque los femicidios no cesan, porque seguimos gritando \u00a1Basta!, porque la lucha sigue siendo urgente\u201d.<\/p>\n<p>En &nbsp;un comunicado en redes sociales, indican que \u201csalir a la calle es visibilizar que las violencias machistas siguen ocurriendo, y que necesitam<\/p>\n<p>os un Estado presente que garantice pol\u00edticas p\u00fablicas reales para una vida libre de violencias\u201d.<\/p>\n<p>Alerta Feminista\u26a1 on Instagram: \u00ab\ud83d\udce3 A 10 a\u00f1os del primer #NiUnaMenos, seguimos en las calles. Porque los femicidios no cesan, porque seguimos gritando \u00a1Basta!, porque la lucha sigue siendo urgente. Salir a la calle es visibilizar que las violencias machistas siguen ocurriendo, y que necesitamos un Estado presente que garantice pol\u00edticas p\u00fablicas reales para una vida libre de violencias. \ud83d\udd25 Nos seguimos organizando, seguimos resistiendo. \ud83d\udc9c El 3 de junio, nos encontramos. \ud83d\udccdCol\u00f3n y Ca\u00f1ada \ud83d\uddd3\ufe0f Martes 3 de junio \u2013 18 hs #niunamenos #10a\u00f1os #alertafeminista #bastadeviolencia\u00bb<br \/>Desde la organizaci\u00f3n describen que Ni Una Menos es un grito colectivo que naci\u00f3 en las calles de nuestra ciudad y de todo el pa\u00eds y se convirti\u00f3 en un movimiento imparable.<\/p>\n<p>\u201cEn C\u00f3rdoba, y en toda la Argentina, nos organizamos, nos movilizamos y conquistamos derechos\u201d. La Educaci\u00f3n Sexual Integral, la Ley Micaela y la lucha por el Aborto Legal son solo algunos de los logros que se han alcanzado en materia legal.<\/p>\n<p>Lo que empez\u00f3 en Argentina se replic\u00f3 en M\u00e9xico, Chile,, Espa\u00f1a, Per\u00fa, Italia, EEUU<\/p>\n<p>E indicaron: \u201cPero la lucha sigue. Ante el avance de discursos negacionistas y antifeministas, recordamos lo que logramos y defendemos nuestros derechos en las calles, en los barrios y en las redes.\u00a1Ni una menos! \u00a1Ni un derecho menos! En C\u00f3rdoba, con fuerza, rabia y organizaci\u00f3n, seguimos adelante\u201d.<\/p>\n<figure class=\"wp-block-image size-large\"><img loading=\"lazy\" data-attachment-id=\"12937\" data-permalink=\"https:\/\/cordobanewsnet.wordpress.com\/2025\/06\/03\/diez-anos-de-lucha-el-3j-activa-una-nueva-marcha-de-ni-una-menos-en-cordoba\/image-705\/\" data-orig-file=\"http:\/\/nuevacordoba.net\/wp-content\/uploads\/2025\/06\/diez-anos-de-lucha-el-3j-activa-una-nueva-marcha-de-ni-una-menos-en-cordoba-4.png\" data-orig-size=\"1280,720\" data-comments-opened=\"1\" data-image-meta=\"{&quot;aperture&quot;:&quot;0&quot;,&quot;credit&quot;:&quot;&quot;,&quot;camera&quot;:&quot;&quot;,&quot;caption&quot;:&quot;&quot;,&quot;created_timestamp&quot;:&quot;0&quot;,&quot;copyright&quot;:&quot;&quot;,&quot;focal_length&quot;:&quot;0&quot;,&quot;iso&quot;:&quot;0&quot;,&quot;shutter_speed&quot;:&quot;0&quot;,&quot;title&quot;:&quot;&quot;,&quot;orientation&quot;:&quot;0&quot;}\" data-image-title=\"image\" data-image-description data-image-caption data-medium-file=\"http:\/\/nuevacordoba.net\/wp-content\/uploads\/2025\/06\/diez-anos-de-lucha-el-3j-activa-una-nueva-marcha-de-ni-una-menos-en-cordoba-2.png\" data-large-file=\"http:\/\/nuevacordoba.net\/wp-content\/uploads\/2025\/06\/diez-anos-de-lucha-el-3j-activa-una-nueva-marcha-de-ni-una-menos-en-cordoba-4.png?w=736\" width=\"1024\" height=\"576\" src=\"http:\/\/nuevacordoba.net\/wp-content\/uploads\/2025\/06\/diez-anos-de-lucha-el-3j-activa-una-nueva-marcha-de-ni-una-menos-en-cordoba.png\" alt class=\"wp-image-12937\" srcset=\"http:\/\/nuevacordoba.net\/wp-content\/uploads\/2025\/06\/diez-anos-de-lucha-el-3j-activa-una-nueva-marcha-de-ni-una-menos-en-cordoba.png 1024w, http:\/\/nuevacordoba.net\/wp-content\/uploads\/2025\/06\/diez-anos-de-lucha-el-3j-activa-una-nueva-marcha-de-ni-una-menos-en-cordoba-1.png 150w, http:\/\/nuevacordoba.net\/wp-content\/uploads\/2025\/06\/diez-anos-de-lucha-el-3j-activa-una-nueva-marcha-de-ni-una-menos-en-cordoba-2.png 300w, http:\/\/nuevacordoba.net\/wp-content\/uploads\/2025\/06\/diez-anos-de-lucha-el-3j-activa-una-nueva-marcha-de-ni-una-menos-en-cordoba-3.png 768w, http:\/\/nuevacordoba.net\/wp-content\/uploads\/2025\/06\/diez-anos-de-lucha-el-3j-activa-una-nueva-marcha-de-ni-una-menos-en-cordoba-4.png 1280w\" sizes=\"(max-width: 1024px) 100vw, 1024px\"><\/figure>\n<p>Fuente : Cba24n C\u00f3rdoba Argentina<\/p>\n<p><span id=\"wordads-inline-marker\"><\/span><\/p>\n<div id=\"jp-post-flair\" class=\"sharedaddy sd-like-enabled sd-sharing-enabled\">\n<div class=\"sharedaddy sd-sharing-enabled\">\n<div class=\"robots-nocontent sd-block sd-social sd-social-icon-text sd-sharing\">\n<h3 class=\"sd-title\">Comparte esto:<\/h3>\n<\/div>\n<\/div>\n<div class=\"sharedaddy sd-block sd-like jetpack-likes-widget-wrapper jetpack-likes-widget-unloaded\" id=\"like-post-wrapper-143108178-12936-683fbd0567c76\" data-src=\"\/\/widgets.wp.com\/likes\/index.html?ver=20250604#blog_id=143108178&amp;post_id=12936&amp;origin=cordobanewsnet.wordpress.com&amp;obj_id=143108178-12936-683fbd0567c76\" data-name=\"like-post-frame-143108178-12936-683fbd0567c76\" data-title=\"Me gusta o Compartir\">\n<p><span class=\"button\"><span>Me gusta<\/span><\/span> <span class=\"loading\">Cargando&#8230;<\/span><\/p>\n<p><span class=\"sd-text-color\"><\/span><\/div>\n<p><h3 class=\"jp-relatedposts-headline\"><em>Relacionado<\/em><\/h3>\n<\/p>\n<\/div>\n","protected":false},"excerpt":{"rendered":"<p>Bajo el reclamo \u00abporque los femicidios no cesan, porque seguimos gritando \u00a1Basta!, porque la lucha sigue siendo urgente\u00bb, la convocatoria es este 3 de junio a las 18 horas en Col\u00f3n y Ca\u00f1ada. Este martes 3 de Junio se realiza una nueva marcha, la de los 10 a\u00f1os, del movimiento \u00bb NI UNA MENOS \u00ab [&hellip;]<\/p>\n","protected":false},"author":1,"featured_media":59145,"comment_status":"closed","ping_status":"closed","sticky":false,"template":"","format":"standard","meta":[],"categories":[14],"tags":[],"_links":{"self":[{"href":"http:\/\/nuevacordoba.net\/index.php\/wp-json\/wp\/v2\/posts\/59144"}],"collection":[{"href":"http:\/\/nuevacordoba.net\/index.php\/wp-json\/wp\/v2\/posts"}],"about":[{"href":"http:\/\/nuevacordoba.net\/index.php\/wp-json\/wp\/v2\/types\/post"}],"author":[{"embeddable":true,"href":"http:\/\/nuevacordoba.net\/index.php\/wp-json\/wp\/v2\/users\/1"}],"replies":[{"embeddable":true,"href":"http:\/\/nuevacordoba.net\/index.php\/wp-json\/wp\/v2\/comments?post=59144"}],"version-history":[{"count":0,"href":"http:\/\/nuevacordoba.net\/index.php\/wp-json\/wp\/v2\/posts\/59144\/revisions"}],"wp:featuredmedia":[{"embeddable":true,"href":"http:\/\/nuevacordoba.net\/index.php\/wp-json\/wp\/v2\/media\/59145"}],"wp:attachment":[{"href":"http:\/\/nuevacordoba.net\/index.php\/wp-json\/wp\/v2\/media?parent=59144"}],"wp:term":[{"taxonomy":"category","embeddable":true,"href":"http:\/\/nuevacordoba.net\/index.php\/wp-json\/wp\/v2\/categories?post=59144"},{"taxonomy":"post_tag","embeddable":true,"href":"http:\/\/nuevacordoba.net\/index.php\/wp-json\/wp\/v2\/tags?post=59144"}],"curies":[{"name":"wp","href":"https:\/\/api.w.org\/{rel}","templated":true}]}}