{"id":59146,"date":"2025-06-03T16:32:31","date_gmt":"2025-06-03T16:32:31","guid":{"rendered":"https:\/\/www.ole.com.ar\/autos\/nico-rosberg-banco-franco-colapinto-apunto-briatore-lado-equivocado-mente-flavio_0_7M5BmNpP7N.html"},"modified":"2025-06-03T16:32:31","modified_gmt":"2025-06-03T16:32:31","slug":"nico-rosberg-banco-a-franco-colapinto-y-apunto-contra-briatore-esta-en-el-lado-equivocado-de-la-mente-de-flavio","status":"publish","type":"post","link":"http:\/\/nuevacordoba.net\/index.php\/2025\/06\/03\/nico-rosberg-banco-a-franco-colapinto-y-apunto-contra-briatore-esta-en-el-lado-equivocado-de-la-mente-de-flavio\/","title":{"rendered":"Nico Rosberg banc\u00f3 a Franco Colapinto y apunt\u00f3 contra Briatore: \u00abEst\u00e1 en el lado equivocado de la mente de Flavio\u00bb"},"content":{"rendered":"<p><time class=\"createDate\" datetime=\"2025-06-03T13:32:31-03:00\">03\/06\/2025 13:32hs.<\/time><\/p>\n<div id=\"storyBody\">\n<div class=\"custom-text \" readability=\"35.599257884972\">\n<p>El 15\u00ba puesto de <strong><a href=\"https:\/\/www.ole.com.ar\/tema\/franco-colapinto.html\" title=\"Franco Colapinto\" alt=\"Franco Colapinto\" class=\"slug\">Franco Colapinto<\/a><\/strong> en el <strong>Gran Premio de Espa\u00f1a <\/strong>dio que hablar en el mundo <strong><a href=\"https:\/\/www.ole.com.ar\/tema\/formula-1.html\" title=\"F\u00f3rmula 1\" alt=\"F\u00f3rmula 1\" class=\"slug\">F\u00f3rmula 1<\/a><\/strong>. El piloto argentino tuvo la dif\u00edcil tarea de remontar desde atr\u00e1s, luego del problema en la transmisi\u00f3n que sufri\u00f3 su auto en clasificaci\u00f3n y que lo oblig\u00f3 a retirarse en la Q1, y encima, pen\u00f3 con una mala estrategia de <strong><a href=\"https:\/\/www.ole.com.ar\/tema\/alpine.html\" title=\"Alpine\" alt=\"Alpine\" class=\"slug\">Alpine <\/a><\/strong>en carrera. Entre todos los especialistas que analizaron el rendimiento de Franco, hubo una voz m\u00e1s que autorizada que <strong>sali\u00f3 a bancarlo y que apunt\u00f3 directamente contra <a href=\"https:\/\/www.ole.com.ar\/tema\/flavio-briatore.html\" title=\"Flavio Briatore\" alt=\"Flavio Briatore\" class=\"slug\">Flavio Briatore<\/a>: Nico Rosberg. <\/strong><\/p>\n<\/div>\n<div class=\"custom-text \" readability=\"37\">\n<p>\u00ab<strong>Si me permit\u00eds decirlo, creo que se equivocan con el enfoque<\/strong>. En Alpine deber\u00edan estar m\u00e1s atentos a algunos detalles porque ciertamente <strong>se puede trabajar en conseguir que esos neum\u00e1ticos est\u00e9n en el rango de temperatura perfecto<\/strong> cada vez que se empieza una vuelta\u00bb, comenz\u00f3 el campe\u00f3n de la F\u00f3rmula 1 en 2016. <\/p>\n<\/div>\n<div class=\"custom-text \" readability=\"39\">\n<p>En la misma l\u00ednea y trazando un paralelismo con el octavo puesto conseguido por Pierre Gasly, compa\u00f1ero de equipo de Franco, se\u00f1alo: <strong>\u00abColapinto est\u00e1 en el lado equivocado de la mente de Flavio, y no deber\u00eda estar en esa situaci\u00f3n. Flavio ignora por completo a sus pilotos n\u00famero dos. No le importan en absoluto. Y trata a sus pilotos n\u00famero uno como cachorros,<\/strong> as\u00ed que eso es bastante extremo por parte de Flavio\u00bb. <\/p>\n<\/div>\n<p><h2><strong>\u00bfCu\u00e1ndo vuelve a correr Franco Colapinto y cu\u00e1l es el pr\u00f3ximo GP de la F1?<\/strong><\/h2>\n<\/p>\n<div class=\"custom-text \" readability=\"40\">\n<p>Luego del Gran Premio de Espa\u00f1a, el Campeonato Mundial de la F\u00f3rmula 1 entrar\u00e1 en una breve pausa. Ser\u00e1n dos semanas sin actividad antes de retomar la temporada 2025, cuando se corra el Gran Premio de Canad\u00e1, d\u00e9cima fecha del calendario, en el tradicional circuito Gilles-Villeneuve. A continuaci\u00f3n, el cronograma completo y los horarios para seguir toda la acci\u00f3n desde Argentina.<\/p>\n<\/div>\n<p><h2><strong>Horarios del Gran Premio de Canad\u00e1 2025 de la F1<\/strong><\/h2>\n<\/p>\n<p><h3><strong>Viernes 13 de junio<\/strong><\/h3>\n<\/p>\n<div class=\"custom-text \" readability=\"32\">\n<p>Pr\u00e1ctica libre 1: 14:30 a 15:30<\/p>\n<\/div>\n<div class=\"custom-text \" readability=\"32\">\n<p>Pr\u00e1ctica libre 2: 18:00 a 19:00<\/p>\n<\/div>\n<p><h3><strong>S\u00e1bado 14 de junio<\/strong><\/h3>\n<\/p>\n<div class=\"custom-text \" readability=\"32\">\n<p>Pr\u00e1ctica libre 3: 13:30 a 14:30<\/p>\n<\/div>\n<div class=\"custom-text \" readability=\"32\">\n<p>Clasificaci\u00f3n: 17:00 a 18:00<\/p>\n<\/div>\n<p><h3><strong>Domingo 15 de junio<\/strong><\/h3>\n<\/p>\n<div class=\"custom-text \">\n<p>Carrera: 15:00<\/p>\n<\/div>\n<p><h2><strong>El circuito Gilles-Villeneuve: velocidad y t\u00e9cnica<\/strong><\/h2>\n<\/p>\n<div class=\"custom-text \" readability=\"36\">\n<p>Ubicado en la isla de Notre-Dame, en Montreal, este trazado originalmente conocido como Circuit \u00cele Notre-Dame alberga carreras de F\u00f3rmula 1 desde 1978. Es uno de los favoritos de los pilotos gracias a su naturaleza r\u00e1pida y de baja carga aerodin\u00e1mica.<\/p>\n<\/div>\n<div class=\"custom-text \" readability=\"37\">\n<p>El circuito se caracteriza por sus chicanas exigentes que requieren fuertes frenadas, aunque permite acelerar con decisi\u00f3n en las salidas de curva, generando altas velocidades. Un dise\u00f1o que castiga errores, pero recompensa la precisi\u00f3n.<\/p>\n<\/div>\n<div class=\"custom-text \" readability=\"32\">\n<p>Los datos t\u00e9cnicos del circuito<\/p>\n<\/div>\n<div class=\"custom-text \">\n<p>Vueltas totales: 70<\/p>\n<\/div>\n<div class=\"custom-text \" readability=\"32\">\n<p>Longitud por vuelta: 4.361 km<\/p>\n<\/div>\n<div class=\"custom-text \" readability=\"33\">\n<p>Distancia total de carrera: 305,27 km<\/p>\n<\/div>\n<div class=\"custom-text \" readability=\"33\">\n<p>R\u00e9cord de vuelta: 1:13.078 (Valtteri Bottas, 2019)<\/p>\n<\/div>\n<div class=\"sc-a7166897-0 eoLsBE\" readability=\"6.5\">\n<section readability=\"3\"><picture><img alt=\"Franco Colapinto: del video &quot;cool&quot; que le dedic\u00f3 Alpine al tierno mensaje de Gabriela Sabatini\" loading=\"lazy\" width=\"290\" height=\"290\" decoding=\"async\" data-nimg=\"1\" src=\"http:\/\/nuevacordoba.net\/wp-content\/uploads\/2025\/06\/nico-rosberg-banco-a-franco-colapinto-y-apunto-contra-briatore-esta-en-el-lado-equivocado-de-la-mente-de-flavio.jpg\"><\/picture>\n<p><span>Mir\u00e1 tambi\u00e9n<\/span><\/p>\n<hr>\n<h3>Franco Colapinto: del video \u00abcool\u00bb que le dedic\u00f3 Alpine al tierno mensaje de Gabriela Sabatini<\/h3>\n<\/p>\n<\/section>\n<\/div>\n<div class=\"sc-a7166897-0 eoLsBE\" readability=\"6.5\">\n<section readability=\"3\"><picture><img alt=\"Briatore y el ejemplo que utiliz\u00f3 para explicar por qu\u00e9 eligi\u00f3 a Colapinto para reemplazar a Doohan\" loading=\"lazy\" width=\"290\" height=\"290\" decoding=\"async\" data-nimg=\"1\" src=\"http:\/\/nuevacordoba.net\/wp-content\/uploads\/2025\/06\/nico-rosberg-banco-a-franco-colapinto-y-apunto-contra-briatore-esta-en-el-lado-equivocado-de-la-mente-de-flavio-1.jpg\"><\/picture>\n<p><span>Mir\u00e1 tambi\u00e9n<\/span><\/p>\n<hr>\n<h3>Briatore y el ejemplo que utiliz\u00f3 para explicar por qu\u00e9 eligi\u00f3 a Colapinto para reemplazar a Doohan<\/h3>\n<\/p>\n<\/section>\n<\/div>\n<div class=\"sc-a7166897-0 eoLsBE\" readability=\"6\">\n<section readability=\"2\"><picture><img alt=\"El cantito futbolero de los hinchas argentinos contra Alpine\" loading=\"lazy\" width=\"290\" height=\"290\" decoding=\"async\" data-nimg=\"1\" src=\"http:\/\/nuevacordoba.net\/wp-content\/uploads\/2025\/06\/nico-rosberg-banco-a-franco-colapinto-y-apunto-contra-briatore-esta-en-el-lado-equivocado-de-la-mente-de-flavio-2.jpg\"><\/picture>\n<p><span>Mir\u00e1 tambi\u00e9n<\/span><\/p>\n<hr>\n<h3>El cantito futbolero de los hinchas argentinos contra Alpine<\/h3>\n<\/p>\n<\/section>\n<\/div>\n<\/div>\n","protected":false},"excerpt":{"rendered":"<p>03\/06\/2025 13:32hs. El 15\u00ba puesto de Franco Colapinto en el Gran Premio de Espa\u00f1a dio que hablar en el mundo F\u00f3rmula 1. El piloto argentino tuvo la dif\u00edcil tarea de remontar desde atr\u00e1s, luego del problema en la transmisi\u00f3n que sufri\u00f3 su auto en clasificaci\u00f3n y que lo oblig\u00f3 a retirarse en la Q1, y [&hellip;]<\/p>\n","protected":false},"author":1,"featured_media":59147,"comment_status":"closed","ping_status":"closed","sticky":false,"template":"","format":"standard","meta":[],"categories":[10],"tags":[],"_links":{"self":[{"href":"http:\/\/nuevacordoba.net\/index.php\/wp-json\/wp\/v2\/posts\/59146"}],"collection":[{"href":"http:\/\/nuevacordoba.net\/index.php\/wp-json\/wp\/v2\/posts"}],"about":[{"href":"http:\/\/nuevacordoba.net\/index.php\/wp-json\/wp\/v2\/types\/post"}],"author":[{"embeddable":true,"href":"http:\/\/nuevacordoba.net\/index.php\/wp-json\/wp\/v2\/users\/1"}],"replies":[{"embeddable":true,"href":"http:\/\/nuevacordoba.net\/index.php\/wp-json\/wp\/v2\/comments?post=59146"}],"version-history":[{"count":0,"href":"http:\/\/nuevacordoba.net\/index.php\/wp-json\/wp\/v2\/posts\/59146\/revisions"}],"wp:featuredmedia":[{"embeddable":true,"href":"http:\/\/nuevacordoba.net\/index.php\/wp-json\/wp\/v2\/media\/59147"}],"wp:attachment":[{"href":"http:\/\/nuevacordoba.net\/index.php\/wp-json\/wp\/v2\/media?parent=59146"}],"wp:term":[{"taxonomy":"category","embeddable":true,"href":"http:\/\/nuevacordoba.net\/index.php\/wp-json\/wp\/v2\/categories?post=59146"},{"taxonomy":"post_tag","embeddable":true,"href":"http:\/\/nuevacordoba.net\/index.php\/wp-json\/wp\/v2\/tags?post=59146"}],"curies":[{"name":"wp","href":"https:\/\/api.w.org\/{rel}","templated":true}]}}