{"id":59148,"date":"2025-06-03T22:28:43","date_gmt":"2025-06-03T22:28:43","guid":{"rendered":"https:\/\/www.ole.com.ar\/futbol-ascenso\/ascenso-primera-nacional-colon-refuerzos_0_fwPRP4SrwX.html"},"modified":"2025-06-03T22:28:43","modified_gmt":"2025-06-03T22:28:43","slug":"colon-a-punto-de-cerrar-dos-caras-nuevas-para-lo-que-se-viene","status":"publish","type":"post","link":"http:\/\/nuevacordoba.net\/index.php\/2025\/06\/03\/colon-a-punto-de-cerrar-dos-caras-nuevas-para-lo-que-se-viene\/","title":{"rendered":"Col\u00f3n, a punto de cerrar dos caras nuevas para lo que se viene"},"content":{"rendered":"<p><time class=\"createDate\" datetime=\"2025-06-03T19:28:43-03:00\">03\/06\/2025 19:28hs.<\/time><\/p>\n<div id=\"storyBody\">\n<div class=\"custom-text \" readability=\"33.230769230769\">\n<p>D<strong>esde la llegada de <a href=\"https:\/\/www.ole.com.ar\/futbol-ascenso\/ascenso-primera-nacional-colon-andres-yllana_0_PfV7xGHzNi.html\" target=\"_self\" title=\"Andr\u00e9s Yllana\" alt=\"Andr\u00e9s Yllana\" rel=\"noopener\">Andr\u00e9s Yllana<\/a> algo cambi\u00f3 en <a href=\"https:\/\/www.ole.com.ar\/tema\/colon.html\" title=\"Col\u00f3n\" alt=\"Col\u00f3n\" class=\"slug\">Col\u00f3n<\/a><\/strong>: el equipo fue de menos a m\u00e1s, lleva tres partidos al hilo sin derrotas (dos victorias y un empate), se acomod\u00f3 en la tabla y puede cerrar la primera rueda cerca de la zona de los puestos de Reducido.<\/p>\n<\/div>\n<div class=\"custom-text \" readability=\"39\">\n<p>Y en Santa Fe saben que, pese a la levantada que se viene dando en las \u00faltimas semanas, hacen falta refuerzos para revertir el mal arranque y ser protagonista en la segunda parte del a\u00f1o. Por tal motivo, <strong>en el Sabalero empezaron a moverse fuerte en el mercado de pases<\/strong>, donde la AFA permite incorporar cuatro jugadores hasta el 12 de junio a las 18. <\/p>\n<\/div>\n<p><h2><strong>Los refuerzos que est\u00e1n al caer en Col\u00f3n<\/strong><\/h2>\n<\/p>\n<div class=\"custom-text \" readability=\"37.491071428571\">\n<p>Claro, es que el conjunto roijnegro <strong>est\u00e1 muy cerca de abrochar las llegadas de Gonzalo Soto<\/strong>, defensor central de 35 a\u00f1os y de \u00faltimo paso por <a href=\"https:\/\/www.ole.com.ar\/tema\/nueva-chicago.html\" title=\"Nueva Chicago\" alt=\"Nueva Chicago\" class=\"slug\">Nueva Chicago<\/a> -jug\u00f3 13 partidos en 2025- <strong>y Cristian Garc\u00eda<\/strong>, mediocampista central de 28 a\u00f1os, proveniente de Deportivo Garcilaso de Per\u00fa (fue titular en 12 ocasiones a lo largo del a\u00f1o).<\/p>\n<\/div>\n<div class=\"sc-e7b891c4-0 ifHnQL image-embed\"><img alt=\"Gonzalo Soto, actualmente en Chicago, a un paso de Col\u00f3n\" loading=\"lazy\" width=\"720\" height=\"100\" decoding=\"async\" data-nimg=\"1\" src=\"http:\/\/nuevacordoba.net\/wp-content\/uploads\/2025\/06\/colon-a-punto-de-cerrar-dos-caras-nuevas-para-lo-que-se-viene.jpg\"><span class=\"epigraphe\">Gonzalo Soto, actualmente en Chicago, a un paso de Col\u00f3n<\/span><\/div>\n<div class=\"custom-text \" readability=\"28.777777777778\">\n<p>Ambos jugadores fueron pedidos por el det\u00e9, <strong>quien ya los tuvo en <a href=\"https:\/\/www.ole.com.ar\/tema\/aldosivi.html\" title=\"Aldosivi\" alt=\"Aldosivi\" class=\"slug\">Aldosivi<\/a> y <a href=\"https:\/\/www.ole.com.ar\/tema\/guillermo-brown-de-madryn.html\" title=\"Guillermo Brown de Madryn\" alt=\"Guillermo Brown de Madryn\" class=\"slug\">Guillermo Brown de Puerto Madryn<\/a> respectivamente.<\/strong> La Comisi\u00f3n Directiva cumpli\u00f3 y restan detalles para que sean oficializados por la instituci\u00f3n.<\/p>\n<\/div>\n<div class=\"custom-text \" readability=\"43\">\n<p>Por otro lado, Col\u00f3n sigue en b\u00fasqueda de un volante ofensivo y un centrodelantero:<strong> Alan Sosa, de 22 a\u00f1os, con presente en Gimnasia (LP) y ex Tibur\u00f3n, es el candidato del entrenador. A su vez, el punta apuntado es Facundo Castro, de 29 a\u00f1os, ex Chicago y actualmente en Melgar de Per\u00fa.<\/strong> Y s\u00ed, ahora esto va tomando Col\u00f3n&#8230;<\/p>\n<\/div>\n<div class=\"sc-e7b891c4-0 ifHnQL image-embed\"><img alt=\"Facundo Castro, el apuntado en la delantera\" loading=\"lazy\" width=\"720\" height=\"100\" decoding=\"async\" data-nimg=\"1\" src=\"http:\/\/nuevacordoba.net\/wp-content\/uploads\/2025\/06\/colon-a-punto-de-cerrar-dos-caras-nuevas-para-lo-que-se-viene-1.jpg\"><span class=\"epigraphe\">Facundo Castro, el apuntado en la delantera<\/span><\/div>\n<p><h2><strong>Lo que se le viene al Sabalero en la Primera Nacional<\/strong><\/h2>\n<\/p>\n<div class=\"custom-text \" readability=\"39\">\n<p>Mientras la mayor\u00eda de los equipos descansan en el receso (la Primera Nacional para hasta el fin de semana del 14 de junio), el Sabalero se pondr\u00e1 al d\u00eda con el calendario: <strong>el pr\u00f3ximo s\u00e1bado 7 de junio, desde las 19:10, visitar\u00e1 a Deportivo Mor\u00f3n, por el duelo postergado de la fecha 15<\/strong> -fue suspendida por el temporal que azot\u00f3 la zona del AMBA hace algunas semanas-. <\/p>\n<\/div>\n<div class=\"custom-text \" readability=\"37\">\n<p>En el comienzo de la segunda ronda <strong>ser\u00e1 visitante de Temperley<\/strong> (s\u00e1bado 14 de junio a las 16:40). Apenas unos d\u00edas m\u00e1s tarde, el domingo 22 del mismo mes, desde las 16,<strong> jugar\u00e1 en Mataderos contra Nueva Chicago. <\/strong><\/p>\n<\/div>\n<div class=\"sc-a7166897-0 eoLsBE\" readability=\"7\">\n<section readability=\"4\"><picture><img alt=\"El rompecabezas de Scaloni: con cuatro bajas en el medio, c\u00f3mo formar\u00eda la Selecci\u00f3n ante Chile\" loading=\"lazy\" width=\"290\" height=\"290\" decoding=\"async\" data-nimg=\"1\" src=\"http:\/\/nuevacordoba.net\/wp-content\/uploads\/2025\/06\/colon-a-punto-de-cerrar-dos-caras-nuevas-para-lo-que-se-viene-2.jpg\"><\/picture>\n<p><span>Mir\u00e1 tambi\u00e9n<\/span><\/p>\n<hr>\n<h3>El rompecabezas de Scaloni: con cuatro bajas en el medio, c\u00f3mo formar\u00eda la Selecci\u00f3n ante Chile<\/h3>\n<\/p>\n<\/section>\n<\/div>\n<div class=\"sc-a7166897-0 eoLsBE\" readability=\"6.5\">\n<section readability=\"3\"><picture><img alt=\"Boca, con buenas y malas rumbo al Mundial de Clubes: dos regresos y dos tocados\" loading=\"lazy\" width=\"290\" height=\"290\" decoding=\"async\" data-nimg=\"1\" src=\"http:\/\/nuevacordoba.net\/wp-content\/uploads\/2025\/06\/colon-a-punto-de-cerrar-dos-caras-nuevas-para-lo-que-se-viene-3.jpg\"><\/picture>\n<p><span>Mir\u00e1 tambi\u00e9n<\/span><\/p>\n<hr>\n<h3>Boca, con buenas y malas rumbo al Mundial de Clubes: dos regresos y dos tocados<\/h3>\n<\/p>\n<\/section>\n<\/div>\n<\/div>\n","protected":false},"excerpt":{"rendered":"<p>03\/06\/2025 19:28hs. Desde la llegada de Andr\u00e9s Yllana algo cambi\u00f3 en Col\u00f3n: el equipo fue de menos a m\u00e1s, lleva tres partidos al hilo sin derrotas (dos victorias y un empate), se acomod\u00f3 en la tabla y puede cerrar la primera rueda cerca de la zona de los puestos de Reducido. Y en Santa Fe [&hellip;]<\/p>\n","protected":false},"author":1,"featured_media":59149,"comment_status":"closed","ping_status":"closed","sticky":false,"template":"","format":"standard","meta":[],"categories":[10],"tags":[],"_links":{"self":[{"href":"http:\/\/nuevacordoba.net\/index.php\/wp-json\/wp\/v2\/posts\/59148"}],"collection":[{"href":"http:\/\/nuevacordoba.net\/index.php\/wp-json\/wp\/v2\/posts"}],"about":[{"href":"http:\/\/nuevacordoba.net\/index.php\/wp-json\/wp\/v2\/types\/post"}],"author":[{"embeddable":true,"href":"http:\/\/nuevacordoba.net\/index.php\/wp-json\/wp\/v2\/users\/1"}],"replies":[{"embeddable":true,"href":"http:\/\/nuevacordoba.net\/index.php\/wp-json\/wp\/v2\/comments?post=59148"}],"version-history":[{"count":0,"href":"http:\/\/nuevacordoba.net\/index.php\/wp-json\/wp\/v2\/posts\/59148\/revisions"}],"wp:featuredmedia":[{"embeddable":true,"href":"http:\/\/nuevacordoba.net\/index.php\/wp-json\/wp\/v2\/media\/59149"}],"wp:attachment":[{"href":"http:\/\/nuevacordoba.net\/index.php\/wp-json\/wp\/v2\/media?parent=59148"}],"wp:term":[{"taxonomy":"category","embeddable":true,"href":"http:\/\/nuevacordoba.net\/index.php\/wp-json\/wp\/v2\/categories?post=59148"},{"taxonomy":"post_tag","embeddable":true,"href":"http:\/\/nuevacordoba.net\/index.php\/wp-json\/wp\/v2\/tags?post=59148"}],"curies":[{"name":"wp","href":"https:\/\/api.w.org\/{rel}","templated":true}]}}