{"id":59693,"date":"2025-06-09T13:55:28","date_gmt":"2025-06-09T13:55:28","guid":{"rendered":"http:\/\/estaciontrip.com.ar\/?p=10383"},"modified":"2025-06-09T13:55:28","modified_gmt":"2025-06-09T13:55:28","slug":"temporada-activada-veni-a-disfrutar-el-sol-del-invierno-a-cordoba","status":"publish","type":"post","link":"http:\/\/nuevacordoba.net\/index.php\/2025\/06\/09\/temporada-activada-veni-a-disfrutar-el-sol-del-invierno-a-cordoba\/","title":{"rendered":"Temporada activada: Ven\u00ed a disfrutar el sol del invierno a C\u00f3rdoba"},"content":{"rendered":"<p>Con esp\u00edritu hospitalario, bajo el slogan \u201cVen\u00ed a disfrutar el sol del invierno a C\u00f3rdoba\u201d, la provincia present\u00f3 oficialmente la pr\u00f3xima temporada de vacaciones de medio a\u00f1o, en un acto encabezado por la vicegobernadora, Myriam Prunotto; el presidente de la Agencia C\u00f3rdoba Turismo, Dar\u00edo Capitani; el presidente de la Agencia C\u00f3rdoba Cultura, Raul Sansica; y el gerente de Banca Individuos de Bancor, Osvaldo Levis.<\/p>\n<p>El evento reuni\u00f3 a intendentes y presidentes comunales de toda la provincia, funcionarios provinciales, representantes del sector privado, c\u00e1maras, asociaciones, organizadores de fiestas y festivales.<\/p>\n<p>Durante la presentaci\u00f3n se detallaron los principales lineamientos de la campa\u00f1a promocional y se proyect\u00f3 el calendario de eventos, que incluir\u00e1 actividades culturales, deportivas, recreativas y gastron\u00f3micas a lo largo y ancho del territorio provincial.<\/p>\n<figure class=\"wp-block-image size-large\"><a href=\"http:\/\/nuevacordoba.net\/wp-content\/uploads\/2025\/06\/temporada-activada-veni-a-disfrutar-el-sol-del-invierno-a-cordoba-5.jpg\"><img loading=\"lazy\" decoding=\"async\" width=\"1024\" height=\"768\" src=\"http:\/\/nuevacordoba.net\/wp-content\/uploads\/2025\/06\/temporada-activada-veni-a-disfrutar-el-sol-del-invierno-a-cordoba.jpg\" alt class=\"wp-image-10387\" srcset=\"http:\/\/nuevacordoba.net\/wp-content\/uploads\/2025\/06\/temporada-activada-veni-a-disfrutar-el-sol-del-invierno-a-cordoba.jpg 1024w, http:\/\/nuevacordoba.net\/wp-content\/uploads\/2025\/06\/temporada-activada-veni-a-disfrutar-el-sol-del-invierno-a-cordoba-3.jpg 300w, http:\/\/nuevacordoba.net\/wp-content\/uploads\/2025\/06\/temporada-activada-veni-a-disfrutar-el-sol-del-invierno-a-cordoba-4.jpg 768w, http:\/\/nuevacordoba.net\/wp-content\/uploads\/2025\/06\/temporada-activada-veni-a-disfrutar-el-sol-del-invierno-a-cordoba-5.jpg 1536w\" sizes=\"(max-width: 1024px) 100vw, 1024px\"><\/a><\/figure>\n<p><strong><em>\u201cEl invierno cordob\u00e9s es una oportunidad para seguir generando movimiento econ\u00f3mico, fortalecer el empleo y sostener la identidad de cada regi\u00f3n a trav\u00e9s de sus fiestas, festivales y paisajes. C\u00f3rdoba es un destino que se disfruta todo el a\u00f1o, y esta temporada nos encuentra trabajando codo a codo con municipios, comunas y el sector privado para garantizar una propuesta diversa, segura y de calidad para quienes nos visitan\u201d,<\/em><\/strong>&nbsp;expres\u00f3 Capitani.<\/p>\n<p><strong>Una agenda diversa en toda la provincia<\/strong><\/p>\n<p>Durante el mes de julio, C\u00f3rdoba ofrecer\u00e1 m\u00e1s de 150 eventos y actividades en distintos puntos del territorio. Desde festivales tradicionales en los valles tur\u00edsticos hasta espect\u00e1culos musicales en salas de la ciudad capital, la temporada combina propuestas para todos los p\u00fablicos.<\/p>\n<p>Se espera una destacada programaci\u00f3n que incluir\u00e1 la Fiesta Nacional de la Bagna Cauda en Calch\u00edn Oeste, la tradicional Fiesta del Chocolate Alpino en Villa General Belgrano, el Ultra Trail en Nono, el Ansenuza Fest en Miramar y la muestra itinerante del Museo de Gualeguaych\u00fa en Cosqu\u00edn. En De\u00e1n Funes, adem\u00e1s, se vivir\u00e1 una intensa agenda con el Encuentro Folcl\u00f3rico, el programa especial \u201cLa Mesa Canta\u201d, actividades interactivas para infancias y una nueva edici\u00f3n del Festival Pensar con Humor. Tambi\u00e9n se presentar\u00e1n funciones infantiles en el Quality Espacio de C\u00f3rdoba capital, caminatas con yoga en Huerta Grande y el Encuentro de Charanguistas en Cosqu\u00edn.<\/p>\n<p>Una de las propuestas destacadas de este invierno ser\u00e1 el Festival Nacional de Tango de La Falda, que volver\u00e1 a convocar a artistas consagrados y j\u00f3venes promesas del g\u00e9nero en uno de los escenarios m\u00e1s emblem\u00e1ticos del pa\u00eds, reafirmando la tradici\u00f3n y el prestigio internacional de este evento.<\/p>\n<p>En este sentido el presidente de la Agencia C\u00f3rdoba Cultura, Ra\u00fal Sansica subray\u00f3 la riqueza y diversidad de la propuesta cultural de la provincia, subrayando el valor de los museos como espacios vivos que conservan y proyectan nuestra identidad. Tambi\u00e9n destac\u00f3 para este invierno la importancia del Festival Pensar con Humor como una expresi\u00f3n \u00fanica de C\u00f3rdoba, adem\u00e1s de los distintos eventos culturales que se desarrollar\u00e1n en m\u00faltiples destinos del interior, llevando arte a cada rinc\u00f3n del territorio. Adem\u00e1s, anunci\u00f3 con orgullo que, por primera vez, los Premios Sur se realizar\u00e1n en C\u00f3rdoba, consolidando a la provincia como un escenario cultural de relevancia nacional.<\/p>\n<figure class=\"wp-block-image size-large\"><a href=\"http:\/\/nuevacordoba.net\/wp-content\/uploads\/2025\/06\/temporada-activada-veni-a-disfrutar-el-sol-del-invierno-a-cordoba-8.jpg\"><img loading=\"lazy\" decoding=\"async\" width=\"1024\" height=\"768\" src=\"http:\/\/nuevacordoba.net\/wp-content\/uploads\/2025\/06\/temporada-activada-veni-a-disfrutar-el-sol-del-invierno-a-cordoba-1.jpg\" alt class=\"wp-image-10388\" srcset=\"http:\/\/nuevacordoba.net\/wp-content\/uploads\/2025\/06\/temporada-activada-veni-a-disfrutar-el-sol-del-invierno-a-cordoba-1.jpg 1024w, http:\/\/nuevacordoba.net\/wp-content\/uploads\/2025\/06\/temporada-activada-veni-a-disfrutar-el-sol-del-invierno-a-cordoba-6.jpg 300w, http:\/\/nuevacordoba.net\/wp-content\/uploads\/2025\/06\/temporada-activada-veni-a-disfrutar-el-sol-del-invierno-a-cordoba-7.jpg 768w, http:\/\/nuevacordoba.net\/wp-content\/uploads\/2025\/06\/temporada-activada-veni-a-disfrutar-el-sol-del-invierno-a-cordoba-8.jpg 1536w\" sizes=\"(max-width: 1024px) 100vw, 1024px\"><\/a><\/figure>\n<p><strong>Promociones Bancor para este invierno<\/strong><\/p>\n<p>Durante el mes de julio 2025, quienes elijan recorrer C\u00f3rdoba podr\u00e1n acceder a beneficios exclusivos con la tarjeta de cr\u00e9dito&nbsp;<strong>Cordobesa<\/strong>&nbsp;del Banco de C\u00f3rdoba en comercios y servicios adheridos:<\/p>\n<ul class=\"wp-block-list\">\n<li><strong>Teatros y espect\u00e1culos<\/strong>: 3, 6 y 12 cuotas sin inter\u00e9s.<\/li>\n<li><strong>Supermercados<\/strong>: hasta 4 cuotas sin inter\u00e9s.<\/li>\n<li><strong>Gastronom\u00eda<\/strong>: 20% de ahorro los viernes y s\u00e1bados (tope de reintegro $10.000 por cuenta durante la promoci\u00f3n). A trav\u00e9s de&nbsp;<strong>TACA TACA<\/strong>.<\/li>\n<li><strong>Hospedajes<\/strong>: 3, 6 y 12 cuotas sin inter\u00e9s. A trav\u00e9s de&nbsp;<strong>TACA TACA<\/strong>.<\/li>\n<li><strong>Camino del Vino<\/strong>: 3, 6 y 12 cuotas sin inter\u00e9s. A trav\u00e9s de&nbsp;<strong>TACA TACA<\/strong>.<\/li>\n<\/ul>\n<p><em>\u201cDesde Bancor acompa\u00f1amos con herramientas concretas pensando en c\u00f3mo activar el consumo y fortalecer el turismo y el comercio local, a lo que se le suma una iniciativa especial para quienes viajan durante los fines de semana largos vamos a adelantar este beneficio durante los fines de semana largo de junio\u201d. Finalmente, Levis remarc\u00f3 que \u201ctambi\u00e9n ofrecemos 3, 6 y 12 cuotas sin inter\u00e9s en hospedaje y en el Caminos del Vino, siempre que los comercios operen con TACATACA, para promover escapadas y experiencias locales\u201d<\/em>, destac\u00f3 Osvaldo Levis de Bancor<\/p>\n<p>El calendario completo ya se encuentra disponible en&nbsp;<a href=\"http:\/\/www.cordobaturismo.gov.ar\/\">www.cordobaturismo.gov.ar<\/a>, junto con toda la informaci\u00f3n sobre la campa\u00f1a, destinos y propuestas para esta temporada.<\/p>\n<figure class=\"wp-block-image size-full\"><a href=\"http:\/\/nuevacordoba.net\/wp-content\/uploads\/2025\/06\/temporada-activada-veni-a-disfrutar-el-sol-del-invierno-a-cordoba-2.jpg\"><img loading=\"lazy\" decoding=\"async\" width=\"768\" height=\"576\" src=\"http:\/\/nuevacordoba.net\/wp-content\/uploads\/2025\/06\/temporada-activada-veni-a-disfrutar-el-sol-del-invierno-a-cordoba-2.jpg\" alt class=\"wp-image-10386\" srcset=\"http:\/\/nuevacordoba.net\/wp-content\/uploads\/2025\/06\/temporada-activada-veni-a-disfrutar-el-sol-del-invierno-a-cordoba-2.jpg 768w, http:\/\/nuevacordoba.net\/wp-content\/uploads\/2025\/06\/temporada-activada-veni-a-disfrutar-el-sol-del-invierno-a-cordoba-9.jpg 300w\" sizes=\"auto, (max-width: 768px) 100vw, 768px\"><\/a><\/figure>\n","protected":false},"excerpt":{"rendered":"<p>Con esp\u00edritu hospitalario, bajo el slogan \u201cVen\u00ed a disfrutar el sol del invierno a C\u00f3rdoba\u201d, la provincia present\u00f3 oficialmente la pr\u00f3xima temporada de vacaciones de medio a\u00f1o, en un acto encabezado por la vicegobernadora, Myriam Prunotto; el presidente de la Agencia C\u00f3rdoba Turismo, Dar\u00edo Capitani; el presidente de la Agencia C\u00f3rdoba Cultura, Raul Sansica; y [&hellip;]<\/p>\n","protected":false},"author":1,"featured_media":59694,"comment_status":"closed","ping_status":"closed","sticky":false,"template":"","format":"standard","meta":[],"categories":[11],"tags":[],"_links":{"self":[{"href":"http:\/\/nuevacordoba.net\/index.php\/wp-json\/wp\/v2\/posts\/59693"}],"collection":[{"href":"http:\/\/nuevacordoba.net\/index.php\/wp-json\/wp\/v2\/posts"}],"about":[{"href":"http:\/\/nuevacordoba.net\/index.php\/wp-json\/wp\/v2\/types\/post"}],"author":[{"embeddable":true,"href":"http:\/\/nuevacordoba.net\/index.php\/wp-json\/wp\/v2\/users\/1"}],"replies":[{"embeddable":true,"href":"http:\/\/nuevacordoba.net\/index.php\/wp-json\/wp\/v2\/comments?post=59693"}],"version-history":[{"count":0,"href":"http:\/\/nuevacordoba.net\/index.php\/wp-json\/wp\/v2\/posts\/59693\/revisions"}],"wp:featuredmedia":[{"embeddable":true,"href":"http:\/\/nuevacordoba.net\/index.php\/wp-json\/wp\/v2\/media\/59694"}],"wp:attachment":[{"href":"http:\/\/nuevacordoba.net\/index.php\/wp-json\/wp\/v2\/media?parent=59693"}],"wp:term":[{"taxonomy":"category","embeddable":true,"href":"http:\/\/nuevacordoba.net\/index.php\/wp-json\/wp\/v2\/categories?post=59693"},{"taxonomy":"post_tag","embeddable":true,"href":"http:\/\/nuevacordoba.net\/index.php\/wp-json\/wp\/v2\/tags?post=59693"}],"curies":[{"name":"wp","href":"https:\/\/api.w.org\/{rel}","templated":true}]}}