{"id":59765,"date":"2025-06-09T22:08:30","date_gmt":"2025-06-09T22:08:30","guid":{"rendered":"https:\/\/www.ole.com.ar\/futbol-ascenso\/ascenso-primera-nacional-colon-facundo-castro_0_GHUPvVM7Yh.html"},"modified":"2025-06-09T22:08:30","modified_gmt":"2025-06-09T22:08:30","slug":"salio-de-racing-viene-de-jugar-sudamericana-y-es-nuevo-refuerzo-de-colon","status":"publish","type":"post","link":"http:\/\/nuevacordoba.net\/index.php\/2025\/06\/09\/salio-de-racing-viene-de-jugar-sudamericana-y-es-nuevo-refuerzo-de-colon\/","title":{"rendered":"Sali\u00f3 de Racing, viene de jugar Sudamericana y es nuevo refuerzo de Col\u00f3n"},"content":{"rendered":"<p><time class=\"createDate\" datetime=\"2025-06-09T19:08:30-03:00\">09\/06\/2025 19:08hs.<\/time><\/p>\n<div id=\"storyBody\">\n<div class=\"custom-text \" readability=\"34.285714285714\">\n<p>Algo hay que ajustar. Algo tiene que cambiar.<strong> As\u00ed lo entienden todos en <a href=\"https:\/\/www.ole.com.ar\/tema\/colon.html\" title=\"Col\u00f3n\" alt=\"Col\u00f3n\" class=\"slug\">Col\u00f3n <\/a>de cara a lo que se viene en la segunda rueda de la Primera Nacional.<\/strong> Claro, es que el primer semestre no fue para nada bueno y as\u00ed lo refleja la tabla: el Sabalero marcha 13\u00b0 en la Zona B con apenas 21 unidades.<\/p>\n<\/div>\n<div class=\"custom-text \" readability=\"35\">\n<p>Por tal motivo, en la Comisi\u00f3n Directiva se movieron r\u00e1pido en el mercado de pases -en el que se permiten hasta cuatro cupos y cierra el jueves 12 de junio a las 18- y <strong>cerraron otra cara nueva para afrontar la segunda mitad del campeonato. <\/strong><\/p>\n<\/div>\n<div class=\"custom-text \" readability=\"39\">\n<p>Tras abrochar a Gonzalo Soto, defensor central de de 35 a\u00f1os y de \u00faltimo paso por Nueva Chicago -jug\u00f3 13 partidos en 2025- y Cristian Garc\u00eda, mediocampista central de 28 a\u00f1os, proveniente de Deportivo Garcilaso de Per\u00fa (fue titular en 12 ocasiones a lo largo del a\u00f1o),<strong> el Rojinegro avanz\u00f3 fuerte y se qued\u00f3 con Facundo Castro. <\/strong><\/p>\n<\/div>\n<div class=\"sc-e7b891c4-0 ifHnQL image-embed\"><img alt=\"Facundo Castro, la cara nueva de Col\u00f3n.\" loading=\"lazy\" width=\"720\" height=\"100\" decoding=\"async\" data-nimg=\"1\" src=\"http:\/\/nuevacordoba.net\/wp-content\/uploads\/2025\/06\/salio-de-racing-viene-de-jugar-sudamericana-y-es-nuevo-refuerzo-de-colon.jpg\"><span class=\"epigraphe\">Facundo Castro, la cara nueva de Col\u00f3n.<\/span><\/div>\n<div class=\"custom-text \" readability=\"35\">\n<p>A\u00fan resta la oficializaci\u00f3n por parte del conjunto santafesino, pero ya hay acuerdo para que el Toro<strong> se ponga la casaca de Col\u00f3n hasta diciembre de 2026 y se sume al plantel conducido por Andr\u00e9s Yllana. <\/strong><\/p>\n<\/div>\n<p><h2><strong>\u00bfQui\u00e9n es Facundo Castro, el nuevo refuerzo de Col\u00f3n? <\/strong><\/h2>\n<\/p>\n<div class=\"custom-text \" readability=\"38\">\n<p>El atacante de 29 a\u00f1os surgi\u00f3 de las Divisiones Inferiores de Racing, fue goleador de Reserva y<strong> en 2014 debut\u00f3 en el cuadro de Avellaneda, reemplazando a Diego Milito.<\/strong> En la Academia permaneci\u00f3 hasta el 2015 y jug\u00f3 poco: apenas siete partidos y no anot\u00f3. De ah\u00ed en m\u00e1s, deambul\u00f3 por distintos clubes.<\/p>\n<\/div>\n<div class=\"sc-e7b891c4-0 ifHnQL image-embed\"><img alt=\"Castro sali\u00f3 de Racing. (Foto: Prensa Racing)\" loading=\"lazy\" width=\"720\" height=\"100\" decoding=\"async\" data-nimg=\"1\" src=\"http:\/\/nuevacordoba.net\/wp-content\/uploads\/2025\/06\/salio-de-racing-viene-de-jugar-sudamericana-y-es-nuevo-refuerzo-de-colon-1.jpg\"><span class=\"epigraphe\">Castro sali\u00f3 de Racing. (Foto: Prensa Racing)<\/span><\/div>\n<div class=\"custom-text \" readability=\"43\">\n<p>S\u00ed, porque pas\u00f3 por Uni\u00f3n, Santamarina, All Boys, Barracas Central, Cobresal de Chile, Deportes Temuco de Chile, Quilmes, Nueva Chicago y <strong>Melgar de Per\u00fa, donde en 2025 disput\u00f3 la Copa Sudamericana <\/strong>&#8211; integr\u00f3 el grupo G junto a Lan\u00fas y qued\u00f3 afuera en primera fase-. <\/p>\n<\/div>\n<p><h2><strong>Lo que se le viene al Sabalero en la Primera Nacional<\/strong><\/h2>\n<\/p>\n<div class=\"custom-text \" readability=\"38\">\n<p>En el comienzo de la segunda ronda<strong>, el Negro ser\u00e1 visitante de Temperley<\/strong> (s\u00e1bado 14 de junio a las 16:40). Apenas unos d\u00edas m\u00e1s tarde,<strong> el domingo 22 del mismo mes, desde las 16, jugar\u00e1 en Mataderos contra Nueva Chicago.<\/strong><\/p>\n<\/div>\n<div class=\"sc-e7b891c4-0 ifHnQL image-embed\"><img alt=\"Lo que se le viene a Col\u00f3n en el inicio de la segunda rueda (Foto: Internet)\" loading=\"lazy\" width=\"720\" height=\"100\" decoding=\"async\" data-nimg=\"1\" src=\"http:\/\/nuevacordoba.net\/wp-content\/uploads\/2025\/06\/salio-de-racing-viene-de-jugar-sudamericana-y-es-nuevo-refuerzo-de-colon-2.jpg\"><span class=\"epigraphe\">Lo que se le viene a Col\u00f3n en el inicio de la segunda rueda (Foto: Internet)<\/span><\/div>\n<div class=\"sc-a7166897-0 eoLsBE\" readability=\"6\">\n<section readability=\"2\"><picture><img alt=\"River realiz\u00f3 una oferta formal por Rom\u00e1n Vega \" loading=\"lazy\" width=\"290\" height=\"290\" decoding=\"async\" data-nimg=\"1\" src=\"http:\/\/nuevacordoba.net\/wp-content\/uploads\/2025\/06\/salio-de-racing-viene-de-jugar-sudamericana-y-es-nuevo-refuerzo-de-colon-3.jpg\"><\/picture>\n<p><span>Mir\u00e1 tambi\u00e9n<\/span><\/p>\n<hr>\n<h3>River realiz\u00f3 una oferta formal por Rom\u00e1n Vega <\/h3>\n<\/p>\n<\/section>\n<\/div>\n<div class=\"sc-a7166897-0 eoLsBE\" readability=\"6\">\n<section readability=\"2\"><picture><img alt=\"As\u00ed ser\u00e1 la lista de River para el Mundial de Clubes\" loading=\"lazy\" width=\"290\" height=\"290\" decoding=\"async\" data-nimg=\"1\" src=\"http:\/\/nuevacordoba.net\/wp-content\/uploads\/2025\/06\/salio-de-racing-viene-de-jugar-sudamericana-y-es-nuevo-refuerzo-de-colon-4.jpg\"><\/picture>\n<p><span>Mir\u00e1 tambi\u00e9n<\/span><\/p>\n<hr>\n<h3>As\u00ed ser\u00e1 la lista de River para el Mundial de Clubes<\/h3>\n<\/p>\n<\/section>\n<\/div>\n<\/div>\n","protected":false},"excerpt":{"rendered":"<p>09\/06\/2025 19:08hs. Algo hay que ajustar. Algo tiene que cambiar. As\u00ed lo entienden todos en Col\u00f3n de cara a lo que se viene en la segunda rueda de la Primera Nacional. Claro, es que el primer semestre no fue para nada bueno y as\u00ed lo refleja la tabla: el Sabalero marcha 13\u00b0 en la Zona [&hellip;]<\/p>\n","protected":false},"author":1,"featured_media":59766,"comment_status":"closed","ping_status":"closed","sticky":false,"template":"","format":"standard","meta":[],"categories":[10],"tags":[],"_links":{"self":[{"href":"http:\/\/nuevacordoba.net\/index.php\/wp-json\/wp\/v2\/posts\/59765"}],"collection":[{"href":"http:\/\/nuevacordoba.net\/index.php\/wp-json\/wp\/v2\/posts"}],"about":[{"href":"http:\/\/nuevacordoba.net\/index.php\/wp-json\/wp\/v2\/types\/post"}],"author":[{"embeddable":true,"href":"http:\/\/nuevacordoba.net\/index.php\/wp-json\/wp\/v2\/users\/1"}],"replies":[{"embeddable":true,"href":"http:\/\/nuevacordoba.net\/index.php\/wp-json\/wp\/v2\/comments?post=59765"}],"version-history":[{"count":0,"href":"http:\/\/nuevacordoba.net\/index.php\/wp-json\/wp\/v2\/posts\/59765\/revisions"}],"wp:featuredmedia":[{"embeddable":true,"href":"http:\/\/nuevacordoba.net\/index.php\/wp-json\/wp\/v2\/media\/59766"}],"wp:attachment":[{"href":"http:\/\/nuevacordoba.net\/index.php\/wp-json\/wp\/v2\/media?parent=59765"}],"wp:term":[{"taxonomy":"category","embeddable":true,"href":"http:\/\/nuevacordoba.net\/index.php\/wp-json\/wp\/v2\/categories?post=59765"},{"taxonomy":"post_tag","embeddable":true,"href":"http:\/\/nuevacordoba.net\/index.php\/wp-json\/wp\/v2\/tags?post=59765"}],"curies":[{"name":"wp","href":"https:\/\/api.w.org\/{rel}","templated":true}]}}