{"id":59827,"date":"2025-06-10T22:01:30","date_gmt":"2025-06-10T22:01:30","guid":{"rendered":"https:\/\/puntoapunto.com.ar\/?p=373864"},"modified":"2025-06-10T22:01:30","modified_gmt":"2025-06-10T22:01:30","slug":"conocida-la-sentencia-cristina-lanzo-el-operativo-victimizacion","status":"publish","type":"post","link":"http:\/\/nuevacordoba.net\/index.php\/2025\/06\/10\/conocida-la-sentencia-cristina-lanzo-el-operativo-victimizacion\/","title":{"rendered":"Conocida la sentencia, Cristina lanz\u00f3 el operativo victimizaci\u00f3n"},"content":{"rendered":"<p>&nbsp;<!-- \u00a1O bien no hay banners, estan desactivados o no estan programados para esta ubicaci\u00f3n! -->\n<\/p>\n<p>&nbsp;\n<\/p>\n<p><strong>Por Eduardo Bocco<\/strong>. Apenas hab\u00eda transcurrido media hora de la difusi\u00f3n del fallo que condenaba a Cristina Kirchner a seis a\u00f1os de prisi\u00f3n e inhabilitaci\u00f3n perpetua para ejercer cargos p\u00fablicos, cuando comenz\u00f3 furiosamente el operativo victimizaci\u00f3n de la expresidenta, con ella misma hablando ante un pu\u00f1ado de fieles que la viv\u00f3 permanentemente.\n<\/p>\n<p>Cristina ir\u00e1 presa y seguramente cumplir\u00e1 la condena en su domicilio, pero no podr\u00e1 ser candidata, aunque a partir de ahora habr\u00e1 uno y mil argumentos que dir\u00e1n que podr\u00e1 presentarse a los comicios de la provincia de Buenos Aires y postularse como legisladora por la tercera circunscripci\u00f3n electoral.\n<\/p>\n<p>Fiel a su estilo, descalific\u00f3 a sus detractores y utiliz\u00f3 reiteradamente el t\u00e9rmino \u201cmonigote\u201d para burlarse de los tres miembros de la Corte Suprema de la Naci\u00f3n, al presidente Javier Milei, al mandatario estadounidense Donald Trump y al empresario Elon Musk.<!-- \u00a1O bien no hay banners, estan desactivados o no estan programados para esta ubicaci\u00f3n! -->\n<\/p>\n<p>Exhibi\u00f3 la l\u00edder justicialista todo su repertorio para recuperar impensadamente el centro de la escena pol\u00edtica tras el fallo de la Corte, difundido en pleno a\u00f1o electoral y a pocas semanas de que expire el plazo para presentar listas de candidatos para las elecciones bonaerenses.<\/p>\n<p>Eso la coloca en un lugar privilegiado y es sin dudas una mala noticia que, de buenas a primeras, ve como la enemiga pol\u00edtica del presidente recupera espacio, aunque l\u00f3gicamente las cr\u00edticas le cortar\u00e1n el rostro. Pero sin que hiciera nada, infl\u00f3 el pecho y se sinti\u00f3 otra vez protagonista.\n<\/p>\n<p>Recordemos que aquella mujer pr\u00e1cticamente acorazada que caminaba por el pa\u00eds con paso prepotente hasta ayer estaba acurrucada y en un rinc\u00f3n. Ahora, los jueces le dieron una mano y la pusieron de pie. Y que no se entienda esto como una cr\u00edtica al fallo que puede ser inobjetable, sino por el momento en que se da a conocer.\n<\/p>\n<p>Detr\u00e1s de la se\u00f1ora vendr\u00e1n sus ac\u00f3litos denunciando proscripci\u00f3n <em>y lawfare. <\/em>Trotar\u00e1n por las calles argentinas indicando que la democracia est\u00e1 en peligro. Si la Justicia en todos sus niveles revis\u00f3 la resoluci\u00f3n del primer tribunal que la conden\u00f3, pasando por la C\u00e1mara de Casaci\u00f3n Federal y la propia Corte Suprema, no habr\u00eda por qu\u00e9 desconfiar, aunque Cristina en su exposici\u00f3n casi teatral puso en duda a todo y a todos.\n<\/p>\n<p>Fue una jugada cl\u00e1sica, digna de una l\u00edder pol\u00edtica de su generaci\u00f3n que trata de reivindicarse ante los suyos. Lo que pasa es que pas\u00f3 mucho tiempo de su verdadero esplendor y hoy aquella mujer infranqueable, hoy es desafiada desde diferentes costados de la sociedad. Hoy la acompa\u00f1aron los senadores peronistas durante todo el d\u00eda y en su puesta en escena, fue escoltada por su hijo M\u00e1ximo y su cu\u00f1ada Alicia Kirchner.\n<\/p>\n<p>Ella empieza lo que sus amigos llaman la remontada. Pero est\u00e1 presa, lo har\u00e1 en un domicilio seguramente suntuoso pero presa al fin. El argumento dice que rob\u00f3.\n<\/p>\n<div class=\"g g-38\">\n<div class=\"g-dyn a-12 c-1\"><a class=\"gofollow\" data-track=\"MTIsMzgsMSw2MA==\" href=\"https:\/\/www.farmaciashpfarma.com.ar\/blog\/institucional\/beneficios-corporativos-en-campana-antigripal.html\" target=\"_blank\" rel=\"noopener\"><img src=\"http:\/\/nuevacordoba.net\/wp-content\/uploads\/2025\/06\/conocida-la-sentencia-cristina-lanzo-el-operativo-victimizacion.gif\" loading=\"lazy\"><\/a><\/div>\n<\/div>\n","protected":false},"excerpt":{"rendered":"<p>&nbsp; &nbsp; Por Eduardo Bocco. Apenas hab\u00eda transcurrido media hora de la difusi\u00f3n del fallo que condenaba a Cristina Kirchner a seis a\u00f1os de prisi\u00f3n e inhabilitaci\u00f3n perpetua para ejercer cargos p\u00fablicos, cuando comenz\u00f3 furiosamente el operativo victimizaci\u00f3n de la expresidenta, con ella misma hablando ante un pu\u00f1ado de fieles que la viv\u00f3 permanentemente. Cristina [&hellip;]<\/p>\n","protected":false},"author":1,"featured_media":59828,"comment_status":"open","ping_status":"closed","sticky":false,"template":"","format":"standard","meta":[],"categories":[12,14],"tags":[],"_links":{"self":[{"href":"http:\/\/nuevacordoba.net\/index.php\/wp-json\/wp\/v2\/posts\/59827"}],"collection":[{"href":"http:\/\/nuevacordoba.net\/index.php\/wp-json\/wp\/v2\/posts"}],"about":[{"href":"http:\/\/nuevacordoba.net\/index.php\/wp-json\/wp\/v2\/types\/post"}],"author":[{"embeddable":true,"href":"http:\/\/nuevacordoba.net\/index.php\/wp-json\/wp\/v2\/users\/1"}],"replies":[{"embeddable":true,"href":"http:\/\/nuevacordoba.net\/index.php\/wp-json\/wp\/v2\/comments?post=59827"}],"version-history":[{"count":0,"href":"http:\/\/nuevacordoba.net\/index.php\/wp-json\/wp\/v2\/posts\/59827\/revisions"}],"wp:featuredmedia":[{"embeddable":true,"href":"http:\/\/nuevacordoba.net\/index.php\/wp-json\/wp\/v2\/media\/59828"}],"wp:attachment":[{"href":"http:\/\/nuevacordoba.net\/index.php\/wp-json\/wp\/v2\/media?parent=59827"}],"wp:term":[{"taxonomy":"category","embeddable":true,"href":"http:\/\/nuevacordoba.net\/index.php\/wp-json\/wp\/v2\/categories?post=59827"},{"taxonomy":"post_tag","embeddable":true,"href":"http:\/\/nuevacordoba.net\/index.php\/wp-json\/wp\/v2\/tags?post=59827"}],"curies":[{"name":"wp","href":"https:\/\/api.w.org\/{rel}","templated":true}]}}