{"id":59829,"date":"2025-06-10T23:58:24","date_gmt":"2025-06-10T23:58:24","guid":{"rendered":"https:\/\/www.ole.com.ar\/autos\/franco-colapinto-gp-canada-montreal-corre-ver_0_ZlFWaPVxE3.html"},"modified":"2025-06-10T23:58:24","modified_gmt":"2025-06-10T23:58:24","slug":"franco-colapinto-en-el-gp-de-canada-de-formula-1-cuando-corre-y-como-ver","status":"publish","type":"post","link":"http:\/\/nuevacordoba.net\/index.php\/2025\/06\/10\/franco-colapinto-en-el-gp-de-canada-de-formula-1-cuando-corre-y-como-ver\/","title":{"rendered":"Franco Colapinto en el GP de Canad\u00e1 de F\u00f3rmula 1: cu\u00e1ndo corre y c\u00f3mo ver"},"content":{"rendered":"<p><time class=\"createDate\" datetime=\"2025-06-10T20:58:24-03:00\">10\/06\/2025 20:58hs.<\/time><\/p>\n<div id=\"storyBody\">\n<div class=\"custom-text \" readability=\"38\">\n<p>Luego del <strong>Gran Premio de Espa\u00f1a<\/strong>, el Campeonato Mundial de la <strong>F\u00f3rmula 1<\/strong> entr\u00f3 en una breve pausa hasta este fin de semana del 13 al 15 de junio, cuando se retoma la temporada 2025 con el <strong>Gran Premio de Canad\u00e1<\/strong>, d\u00e9cima fecha del calendario, en el tradicional <strong>circuito Gilles Villeneuve<\/strong>. <\/p>\n<\/div>\n<div class=\"custom-text \" readability=\"37\">\n<p>Hasta all\u00ed llegar\u00e1 el bonaerense de 22 a\u00f1os para disputar su cuarta carrera del campeonato luego de su debut en Imola, prueba luego de la que corri\u00f3 en M\u00f3naco y Barcelona. Esas tres carreras se suman a las nueve del 2024 con <strong>Williams para acumular una experiencia de 12 jornadas en la M\u00e1xima<\/strong>, que este a\u00f1o tendr\u00e1 25 fechas. <\/p>\n<\/div>\n<div class=\"sc-e7b891c4-0 ifHnQL image-embed\"><img alt=\"El circuito del Gran Premio de Canad\u00e1.\" loading=\"lazy\" width=\"720\" height=\"100\" decoding=\"async\" data-nimg=\"1\" src=\"http:\/\/nuevacordoba.net\/wp-content\/uploads\/2025\/06\/franco-colapinto-en-el-gp-de-canada-de-formula-1-cuando-corre-y-como-ver.jpg\"><span class=\"epigraphe\">El circuito del Gran Premio de Canad\u00e1.<\/span><\/div>\n<div class=\"custom-text \" readability=\"38\">\n<p>El trazado de Montreal es una nueva aventura para Fran, ya que no corri\u00f3 all\u00ed todav\u00eda, <strong>ni siquiera en las teloneras F\u00f3rmula 2 y 3<\/strong>. Solo lo conoce v\u00eda simulador, el cual utiliz\u00f3 bastante en Enstone, la sede inglesa de Alpine.<\/p>\n<\/div>\n<div class=\"sc-e7b891c4-0 ifHnQL image-embed\"><img alt=\"Franco Colapinto.\" loading=\"lazy\" width=\"720\" height=\"100\" decoding=\"async\" data-nimg=\"1\" src=\"http:\/\/nuevacordoba.net\/wp-content\/uploads\/2025\/06\/franco-colapinto-en-el-gp-de-canada-de-formula-1-cuando-corre-y-como-ver-1.jpg\"><span class=\"epigraphe\">Franco Colapinto.<\/span><\/div>\n<div class=\"custom-text \" readability=\"33\">\n<p>A continuaci\u00f3n, el <strong>cronograma completo<\/strong> y los horarios para seguir toda la acci\u00f3n desde Argentina.<\/p>\n<\/div>\n<p><h2><strong>Horarios del GP de Canad\u00e1 2025 de la F1 y c\u00f3mo ver<\/strong><\/h2>\n<\/p>\n<p><h3><strong>Viernes 13 de junio<\/strong><\/h3>\n<\/p>\n<div class=\"custom-text \">\n<ul>\n<li>Pr\u00e1ctica libre 1: 14:30 a 15:30<\/li>\n<li>Pr\u00e1ctica libre 2: 18:00 a 19:00<\/li>\n<\/ul>\n<\/div>\n<p><h3><strong>S\u00e1bado 14 de junio<\/strong><\/h3>\n<\/p>\n<div class=\"custom-text \">\n<ul>\n<li>Pr\u00e1ctica libre 3: 13:30 a 14:30<\/li>\n<li>Clasificaci\u00f3n: 17:00 a 18:00<\/li>\n<\/ul>\n<\/div>\n<p><h3><strong>Domingo 15 de junio<\/strong><\/h3>\n<\/p>\n<div class=\"custom-text \">\n<ul>\n<li>Carrera: 15:00<\/li>\n<\/ul>\n<\/div>\n<div class=\"custom-text \" readability=\"32\">\n<p>Las tres jornadas del GP de Canad\u00e1 se podr\u00e1n ver por Fox Sports y Disney+ Premium.<\/p>\n<\/div>\n<p><h2><strong>El circuito Gilles-Villeneuve: velocidad y t\u00e9cnica<\/strong><\/h2>\n<\/p>\n<div class=\"custom-text \" readability=\"36\">\n<p>Ubicado en la isla de Notre-Dame, en Montreal, este trazado originalmente conocido como Circuit \u00cele Notre-Dame <strong>alberga carreras de F\u00f3rmula 1 desde 1978<\/strong>. Es uno de los favoritos de los pilotos gracias a su naturaleza r\u00e1pida y de baja carga aerodin\u00e1mica.<\/p>\n<\/div>\n<div class=\"custom-text \" readability=\"37\">\n<p>El circuito se caracteriza por sus chicanas exigentes que requieren fuertes frenadas, aunque permite acelerar con decisi\u00f3n en las salidas de curva, generando altas velocidades. Un dise\u00f1o que castiga errores, pero recompensa la precisi\u00f3n.<\/p>\n<\/div>\n<p><h3><strong>Los datos t\u00e9cnicos del circuito<\/strong><\/h3>\n<\/p>\n<div class=\"custom-text \">\n<ul>\n<li>Vueltas totales: 70<\/li>\n<li>Longitud por vuelta: 4.361 km<\/li>\n<li>Distancia total de carrera: 305,27 km<\/li>\n<li>R\u00e9cord de vuelta: 1:13.078 (Valtteri Bottas, 2019)<\/li>\n<\/ul>\n<\/div>\n<div class=\"sc-e7b891c4-0 ifHnQL image-embed\"><img alt=\"El circuito Gilles-Villeneuve: velocidad y t\u00e9cnica.\" loading=\"lazy\" width=\"720\" height=\"100\" decoding=\"async\" data-nimg=\"1\" src=\"http:\/\/nuevacordoba.net\/wp-content\/uploads\/2025\/06\/franco-colapinto-en-el-gp-de-canada-de-formula-1-cuando-corre-y-como-ver-2.jpg\"><span class=\"epigraphe\">El circuito Gilles-Villeneuve: velocidad y t\u00e9cnica.<\/span><\/div>\n<div class=\"sc-a7166897-0 eoLsBE\" readability=\"6.5\">\n<section readability=\"3\"><picture><img alt=\"Flavio Briatore volvi\u00f3 a hablar (mejor) sobre Colapinto: de la adaptaci\u00f3n al esfuerzo \" loading=\"lazy\" width=\"290\" height=\"290\" decoding=\"async\" data-nimg=\"1\" src=\"http:\/\/nuevacordoba.net\/wp-content\/uploads\/2025\/06\/franco-colapinto-en-el-gp-de-canada-de-formula-1-cuando-corre-y-como-ver-3.jpg\"><\/picture>\n<p><span>Mir\u00e1 tambi\u00e9n<\/span><\/p>\n<hr>\n<h3>Flavio Briatore volvi\u00f3 a hablar (mejor) sobre Colapinto: de la adaptaci\u00f3n al esfuerzo <\/h3>\n<\/p>\n<\/section>\n<\/div>\n<div class=\"sc-a7166897-0 eoLsBE\" readability=\"7.5\">\n<section readability=\"5\"><picture><img alt=\"Habl\u00f3 Pierre Gasly: la cena con Fangio, su mejor amigo en la F\u00f3rmula 1, el piloto cocinero...\" loading=\"lazy\" width=\"290\" height=\"290\" decoding=\"async\" data-nimg=\"1\" src=\"http:\/\/nuevacordoba.net\/wp-content\/uploads\/2025\/06\/franco-colapinto-en-el-gp-de-canada-de-formula-1-cuando-corre-y-como-ver-4.jpg\"><\/picture>\n<p><span>Mir\u00e1 tambi\u00e9n<\/span><\/p>\n<hr>\n<h3>Habl\u00f3 Pierre Gasly: la cena con Fangio, su mejor amigo en la F\u00f3rmula 1, el piloto cocinero&#8230;<\/h3>\n<\/p>\n<\/section>\n<\/div>\n<div class=\"sc-a7166897-0 eoLsBE\" readability=\"7\">\n<section readability=\"4\"><picture><img alt=\"Alpine, con un ojo en Franco Colapinto y otro en Mick Schumacher durante este fin de semana\" loading=\"lazy\" width=\"290\" height=\"290\" decoding=\"async\" data-nimg=\"1\" src=\"http:\/\/nuevacordoba.net\/wp-content\/uploads\/2025\/06\/franco-colapinto-en-el-gp-de-canada-de-formula-1-cuando-corre-y-como-ver-5.jpg\"><\/picture>\n<p><span>Mir\u00e1 tambi\u00e9n<\/span><\/p>\n<hr>\n<h3>Alpine, con un ojo en Franco Colapinto y otro en Mick Schumacher durante este fin de semana<\/h3>\n<\/p>\n<\/section>\n<\/div>\n<\/div>\n","protected":false},"excerpt":{"rendered":"<p>10\/06\/2025 20:58hs. Luego del Gran Premio de Espa\u00f1a, el Campeonato Mundial de la F\u00f3rmula 1 entr\u00f3 en una breve pausa hasta este fin de semana del 13 al 15 de junio, cuando se retoma la temporada 2025 con el Gran Premio de Canad\u00e1, d\u00e9cima fecha del calendario, en el tradicional circuito Gilles Villeneuve. Hasta all\u00ed [&hellip;]<\/p>\n","protected":false},"author":1,"featured_media":59830,"comment_status":"closed","ping_status":"closed","sticky":false,"template":"","format":"standard","meta":[],"categories":[10],"tags":[],"_links":{"self":[{"href":"http:\/\/nuevacordoba.net\/index.php\/wp-json\/wp\/v2\/posts\/59829"}],"collection":[{"href":"http:\/\/nuevacordoba.net\/index.php\/wp-json\/wp\/v2\/posts"}],"about":[{"href":"http:\/\/nuevacordoba.net\/index.php\/wp-json\/wp\/v2\/types\/post"}],"author":[{"embeddable":true,"href":"http:\/\/nuevacordoba.net\/index.php\/wp-json\/wp\/v2\/users\/1"}],"replies":[{"embeddable":true,"href":"http:\/\/nuevacordoba.net\/index.php\/wp-json\/wp\/v2\/comments?post=59829"}],"version-history":[{"count":0,"href":"http:\/\/nuevacordoba.net\/index.php\/wp-json\/wp\/v2\/posts\/59829\/revisions"}],"wp:featuredmedia":[{"embeddable":true,"href":"http:\/\/nuevacordoba.net\/index.php\/wp-json\/wp\/v2\/media\/59830"}],"wp:attachment":[{"href":"http:\/\/nuevacordoba.net\/index.php\/wp-json\/wp\/v2\/media?parent=59829"}],"wp:term":[{"taxonomy":"category","embeddable":true,"href":"http:\/\/nuevacordoba.net\/index.php\/wp-json\/wp\/v2\/categories?post=59829"},{"taxonomy":"post_tag","embeddable":true,"href":"http:\/\/nuevacordoba.net\/index.php\/wp-json\/wp\/v2\/tags?post=59829"}],"curies":[{"name":"wp","href":"https:\/\/api.w.org\/{rel}","templated":true}]}}