{"id":59831,"date":"2025-06-10T23:01:27","date_gmt":"2025-06-10T23:01:27","guid":{"rendered":"https:\/\/www.ole.com.ar\/futbol-ascenso\/b-nacional\/ascenso-primera-nacional-san-miguel-mercado-pases_0_886oj462SP.html"},"modified":"2025-06-10T23:01:27","modified_gmt":"2025-06-10T23:01:27","slug":"san-miguel-cerro-un-esperado-regreso-para-el-segundo-semestre","status":"publish","type":"post","link":"http:\/\/nuevacordoba.net\/index.php\/2025\/06\/10\/san-miguel-cerro-un-esperado-regreso-para-el-segundo-semestre\/","title":{"rendered":"San Miguel cerr\u00f3 un esperado regreso para el segundo semestre"},"content":{"rendered":"<p><time class=\"createDate\" datetime=\"2025-06-10T20:01:27-03:00\">10\/06\/2025 20:01hs.<\/time><\/p>\n<div id=\"storyBody\">\n<div class=\"custom-text \" readability=\"32.214925373134\">\n<p><a href=\"https:\/\/www.ole.com.ar\/tema\/san-miguel.html\" title=\"San Miguel\" alt=\"San Miguel\" class=\"slug\">San Miguel<\/a> sabe que debe reforzarse y dar vuelta la imagen del primer semestre. Sabiendo que varios jugadores que llegaron a principio de a\u00f1o como <a href=\"https:\/\/www.ole.com.ar\/tema\/brahian-aleman.html\" title=\"Brahian Alem\u00e1n\" alt=\"Brahian Alem\u00e1n\" class=\"slug\">Brahian Alem\u00e1n<\/a>, <a href=\"https:\/\/www.ole.com.ar\/tema\/gino-peruzzi.html\" title=\"Gino Peruzzi\" alt=\"Gino Peruzzi\" class=\"slug\">Gino Peruzzi<\/a>, <a href=\"https:\/\/www.ole.com.ar\/tema\/cristian-erbes.html\" title=\"Cristian Erbes\" alt=\"Cristian Erbes\" class=\"slug\">Cristian Erbes<\/a> y Gustavo Turraca no continuar\u00e1n en el plantel en la segunda mitad del a\u00f1o y <strong>lejos de haber cumplido con las expectativas, hay que cambiar.<\/strong><\/p>\n<\/div>\n<div class=\"custom-text \" readability=\"35.026666666667\">\n<p>Claro, <strong>es que el Trueno Verde termin\u00f3 la primera ronda sexto en la Zona A de la <a href=\"https:\/\/www.ole.com.ar\/tema\/primera-nacional.html\" title=\"Primera Nacional\" alt=\"Primera Nacional\" class=\"slug\">Primera Nacional <\/a>con 24 puntos <\/strong>(igualado con Patronato y Deportivo Maip\u00fa), pero con la ilusi\u00f3n de escalar todav\u00eda m\u00e1s y meterles presi\u00f3n a los de arriba despu\u00e9s de ganarle a San Martin de Tucum\u00e1n en La Ciudadela.<\/p>\n<\/div>\n<div class=\"custom-text \" readability=\"40\">\n<p>Por esto mismo, Gustavo Coleoni levant\u00f3 el tel\u00e9fono y llam\u00f3 a un viejo conocido. <strong>Se trata de Tiago Cravero, mediocampista de 22 a\u00f1os que form\u00f3 parte del plantel del Trueno Verde durante la temporada pasada.<\/strong> As\u00ed, Belgrano de C\u00f3rdoba, due\u00f1o de su pase y donde no tuvo mucho lugar en el primer semestre del a\u00f1o, lo vuelve a ceder a la instituci\u00f3n de Los Polvorines hasta junio del 2026.<\/p>\n<\/div>\n<div class=\"sc-e7b891c4-0 ifHnQL image-embed\"><img alt=\"El volante no tuvo minutos en Belgrano.\" loading=\"lazy\" width=\"720\" height=\"100\" decoding=\"async\" data-nimg=\"1\" src=\"http:\/\/nuevacordoba.net\/wp-content\/uploads\/2025\/06\/san-miguel-cerro-un-esperado-regreso-para-el-segundo-semestre.jpg\"><span class=\"epigraphe\">El volante no tuvo minutos en Belgrano.<\/span><\/div>\n<p><h2><strong>Ya es el segundo que llega al Trueno Verde<\/strong><\/h2>\n<\/p>\n<div class=\"custom-text \" readability=\"38\">\n<p>Tiago Cravero no fue la \u00fanica cara nueva en Los Polvorines. <strong>S\u00ed, es que hace algunos d\u00edas fue anunciado Sebasti\u00e1n Corda, lateral izquierdo de 29 a\u00f1os.<\/strong> Adem\u00e1s de los dos mencionados, el conjunto dirigido por Coleoni sigue en b\u00fasqueda de un segunda punta (se intent\u00f3 sin \u00e9xito la vuelta de Nahuel Luj\u00e1n) y un marcador de punta diestro. <\/p>\n<\/div>\n<div class=\"sc-e7b891c4-0 ifHnQL image-embed\"><img alt=\"Corda fue el primer refuerzo.\" loading=\"lazy\" width=\"720\" height=\"100\" decoding=\"async\" data-nimg=\"1\" src=\"http:\/\/nuevacordoba.net\/wp-content\/uploads\/2025\/06\/san-miguel-cerro-un-esperado-regreso-para-el-segundo-semestre-1.jpg\"><span class=\"epigraphe\">Corda fue el primer refuerzo.<\/span><\/div>\n<div class=\"custom-text \" readability=\"35\">\n<p>De esta forma, el Sapito buscar\u00e1 volver a encontrar a ese Trueno Verde que fascin\u00f3 a los hinchas en la anterior edici\u00f3n de la Primera Nacional <strong>y enderezar un barco que naveg\u00f3 por aguas turbulentas<\/strong> en buena parte de la ida del campeonato 2025<strong>. <\/strong><\/p>\n<\/div>\n<p><h2><strong>Los n\u00fameros de Tiago Cravero en su anterior paso por San Miguel<\/strong><\/h2>\n<\/p>\n<div class=\"custom-text \" readability=\"39\">\n<p>En 2024,<strong> el cordob\u00e9s jug\u00f3 37 encuentros en total sin convertir ning\u00fan gol.<\/strong> Pero eso s\u00ed, fue una de las piezas fundamentales en el equipo que volv\u00eda a jugar en la segunda categor\u00eda despu\u00e9s de 22 a\u00f1os, junto a nombres fuertes como Joaqu\u00edn Pucheta, Nahuel Luj\u00e1n, entre otros.<\/p>\n<\/div>\n<div class=\"sc-e7b891c4-0 ifHnQL image-embed\"><img alt=\"Cravero fue clave en 2024.\" loading=\"lazy\" width=\"720\" height=\"100\" decoding=\"async\" data-nimg=\"1\" src=\"http:\/\/nuevacordoba.net\/wp-content\/uploads\/2025\/06\/san-miguel-cerro-un-esperado-regreso-para-el-segundo-semestre-2.jpg\"><span class=\"epigraphe\">Cravero fue clave en 2024.<\/span><\/div>\n<div class=\"sc-a7166897-0 eoLsBE\" readability=\"6\">\n<section readability=\"2\"><picture><img alt=\"Fue uno de los goleadores de la Sudamericana 2025 y es nuevo refuerzo de Ferro\" loading=\"lazy\" width=\"290\" height=\"290\" decoding=\"async\" data-nimg=\"1\" src=\"http:\/\/nuevacordoba.net\/wp-content\/uploads\/2025\/06\/san-miguel-cerro-un-esperado-regreso-para-el-segundo-semestre-3.jpg\"><\/picture>\n<p><span>Mir\u00e1 tambi\u00e9n<\/span><\/p>\n<hr>\n<h3>Fue uno de los goleadores de la Sudamericana 2025 y es nuevo refuerzo de Ferro<\/h3>\n<\/p>\n<\/section>\n<\/div>\n<div class=\"sc-a7166897-0 eoLsBE\" readability=\"6.5\">\n<section readability=\"3\"><picture><img alt=\"Mercado de pases: con River y Boca al ataque, todos los refuerzos y las bajas\" loading=\"lazy\" width=\"290\" height=\"290\" decoding=\"async\" data-nimg=\"1\" src=\"http:\/\/nuevacordoba.net\/wp-content\/uploads\/2025\/06\/san-miguel-cerro-un-esperado-regreso-para-el-segundo-semestre-4.jpg\"><\/picture>\n<p><span>Mir\u00e1 tambi\u00e9n<\/span><\/p>\n<hr>\n<h3>Mercado de pases: con River y Boca al ataque, todos los refuerzos y las bajas<\/h3>\n<\/p>\n<\/section>\n<\/div>\n<\/div>\n","protected":false},"excerpt":{"rendered":"<p>10\/06\/2025 20:01hs. San Miguel sabe que debe reforzarse y dar vuelta la imagen del primer semestre. Sabiendo que varios jugadores que llegaron a principio de a\u00f1o como Brahian Alem\u00e1n, Gino Peruzzi, Cristian Erbes y Gustavo Turraca no continuar\u00e1n en el plantel en la segunda mitad del a\u00f1o y lejos de haber cumplido con las expectativas, [&hellip;]<\/p>\n","protected":false},"author":1,"featured_media":59832,"comment_status":"closed","ping_status":"closed","sticky":false,"template":"","format":"standard","meta":[],"categories":[10],"tags":[],"_links":{"self":[{"href":"http:\/\/nuevacordoba.net\/index.php\/wp-json\/wp\/v2\/posts\/59831"}],"collection":[{"href":"http:\/\/nuevacordoba.net\/index.php\/wp-json\/wp\/v2\/posts"}],"about":[{"href":"http:\/\/nuevacordoba.net\/index.php\/wp-json\/wp\/v2\/types\/post"}],"author":[{"embeddable":true,"href":"http:\/\/nuevacordoba.net\/index.php\/wp-json\/wp\/v2\/users\/1"}],"replies":[{"embeddable":true,"href":"http:\/\/nuevacordoba.net\/index.php\/wp-json\/wp\/v2\/comments?post=59831"}],"version-history":[{"count":0,"href":"http:\/\/nuevacordoba.net\/index.php\/wp-json\/wp\/v2\/posts\/59831\/revisions"}],"wp:featuredmedia":[{"embeddable":true,"href":"http:\/\/nuevacordoba.net\/index.php\/wp-json\/wp\/v2\/media\/59832"}],"wp:attachment":[{"href":"http:\/\/nuevacordoba.net\/index.php\/wp-json\/wp\/v2\/media?parent=59831"}],"wp:term":[{"taxonomy":"category","embeddable":true,"href":"http:\/\/nuevacordoba.net\/index.php\/wp-json\/wp\/v2\/categories?post=59831"},{"taxonomy":"post_tag","embeddable":true,"href":"http:\/\/nuevacordoba.net\/index.php\/wp-json\/wp\/v2\/tags?post=59831"}],"curies":[{"name":"wp","href":"https:\/\/api.w.org\/{rel}","templated":true}]}}