{"id":59835,"date":"2025-06-11T10:25:26","date_gmt":"2025-06-11T10:25:26","guid":{"rendered":"http:\/\/cordobanewsnet.wordpress.com\/?p=12968"},"modified":"2025-06-11T10:25:26","modified_gmt":"2025-06-11T10:25:26","slug":"alerta-amarillo-anuncian-jornadas-de-fuertes-vientos-en-cordoba","status":"publish","type":"post","link":"http:\/\/nuevacordoba.net\/index.php\/2025\/06\/11\/alerta-amarillo-anuncian-jornadas-de-fuertes-vientos-en-cordoba\/","title":{"rendered":"Alerta amarillo: anuncian jornadas de fuertes vientos en C\u00f3rdoba"},"content":{"rendered":"<p>R\u00e1fagas de hasta 70 kil\u00f3metros por hora llegan del norte y se hacen sentir en la provincia. Qu\u00e9 dice el pron\u00f3stico.<\/p>\n<p>El Sistema de Detecci\u00f3n temprana del Servicio Meteorol\u00f3gico Nacional tiene a C\u00f3rdoba dentro de un \u00edtem, ante fen\u00f3menos del tiempo.<\/p>\n<p>Se concreta entre mi\u00e9rcoles y jueves, en tal sentido, el \u201calerta amarillo\u201d por fuertes vientos.<\/p>\n<p>Llegando del norte, toman trascendencia a partir de esta tarde.<\/p>\n<p>Tras el ya cl\u00e1sico fr\u00edo amanecer (por encima de las marcas del martes), brilla el sol en lo alto haciendo grandes esfuerzos para que crezca el mercurio.<\/p>\n<p>Eso s\u00ed, se advierte que casi a excepci\u00f3n del este, toda la provincia es \u201cafectada por vientos del sector norte con velocidades entre los 30 y 55 km\/hora, con r\u00e1fagas que pueden superar los 70 km\/hora\u201d.<\/p>\n<p>Un poco m\u00e1s fresco, el pron\u00f3stico para el d\u00eda de ma\u00f1ana tambi\u00e9n deja visibilizar la presencia de nubes.<\/p>\n<p>Los notorios vientos se extienden hasta la tarde del jueves.<\/p>\n<figure class=\"wp-block-image size-large\"><img loading=\"lazy\" data-attachment-id=\"12969\" data-permalink=\"https:\/\/cordobanewsnet.wordpress.com\/2025\/06\/11\/alerta-amarillo-anuncian-jornadas-de-fuertes-vientos-en-cordoba\/image-710\/\" data-orig-file=\"http:\/\/nuevacordoba.net\/wp-content\/uploads\/2025\/06\/alerta-amarillo-anuncian-jornadas-de-fuertes-vientos-en-cordoba.png\" data-orig-size=\"485,305\" data-comments-opened=\"1\" data-image-meta=\"{&quot;aperture&quot;:&quot;0&quot;,&quot;credit&quot;:&quot;&quot;,&quot;camera&quot;:&quot;&quot;,&quot;caption&quot;:&quot;&quot;,&quot;created_timestamp&quot;:&quot;0&quot;,&quot;copyright&quot;:&quot;&quot;,&quot;focal_length&quot;:&quot;0&quot;,&quot;iso&quot;:&quot;0&quot;,&quot;shutter_speed&quot;:&quot;0&quot;,&quot;title&quot;:&quot;&quot;,&quot;orientation&quot;:&quot;0&quot;}\" data-image-title=\"image\" data-image-description data-image-caption data-medium-file=\"http:\/\/nuevacordoba.net\/wp-content\/uploads\/2025\/06\/alerta-amarillo-anuncian-jornadas-de-fuertes-vientos-en-cordoba.png?w=300\" data-large-file=\"http:\/\/nuevacordoba.net\/wp-content\/uploads\/2025\/06\/alerta-amarillo-anuncian-jornadas-de-fuertes-vientos-en-cordoba.png\" width=\"485\" height=\"305\" src=\"http:\/\/nuevacordoba.net\/wp-content\/uploads\/2025\/06\/alerta-amarillo-anuncian-jornadas-de-fuertes-vientos-en-cordoba.png\" alt class=\"wp-image-12969\" srcset=\"http:\/\/nuevacordoba.net\/wp-content\/uploads\/2025\/06\/alerta-amarillo-anuncian-jornadas-de-fuertes-vientos-en-cordoba.png 485w, http:\/\/nuevacordoba.net\/wp-content\/uploads\/2025\/06\/alerta-amarillo-anuncian-jornadas-de-fuertes-vientos-en-cordoba.png?w=150 150w, http:\/\/nuevacordoba.net\/wp-content\/uploads\/2025\/06\/alerta-amarillo-anuncian-jornadas-de-fuertes-vientos-en-cordoba.png?w=300 300w\" sizes=\"(max-width: 485px) 100vw, 485px\"><\/figure>\n<p>Fuente : Cba24n C\u00f3rdoba Argentina<\/p>\n<p><span id=\"wordads-inline-marker\"><\/span><\/p>\n<div id=\"jp-post-flair\" class=\"sharedaddy sd-like-enabled sd-sharing-enabled\">\n<div class=\"sharedaddy sd-sharing-enabled\">\n<div class=\"robots-nocontent sd-block sd-social sd-social-icon-text sd-sharing\">\n<h3 class=\"sd-title\">Comparte esto:<\/h3>\n<\/div>\n<\/div>\n<div class=\"sharedaddy sd-block sd-like jetpack-likes-widget-wrapper jetpack-likes-widget-unloaded\" id=\"like-post-wrapper-143108178-12968-6849ab8349bf4\" data-src=\"\/\/widgets.wp.com\/likes\/index.html?ver=20250611#blog_id=143108178&amp;post_id=12968&amp;origin=cordobanewsnet.wordpress.com&amp;obj_id=143108178-12968-6849ab8349bf4\" data-name=\"like-post-frame-143108178-12968-6849ab8349bf4\" data-title=\"Me gusta o Compartir\">\n<p><span class=\"button\"><span>Me gusta<\/span><\/span> <span class=\"loading\">Cargando&#8230;<\/span><\/p>\n<p><span class=\"sd-text-color\"><\/span><\/div>\n<p><h3 class=\"jp-relatedposts-headline\"><em>Relacionado<\/em><\/h3>\n<\/p>\n<\/div>\n","protected":false},"excerpt":{"rendered":"<p>R\u00e1fagas de hasta 70 kil\u00f3metros por hora llegan del norte y se hacen sentir en la provincia. Qu\u00e9 dice el pron\u00f3stico. El Sistema de Detecci\u00f3n temprana del Servicio Meteorol\u00f3gico Nacional tiene a C\u00f3rdoba dentro de un \u00edtem, ante fen\u00f3menos del tiempo. Se concreta entre mi\u00e9rcoles y jueves, en tal sentido, el \u201calerta amarillo\u201d por fuertes [&hellip;]<\/p>\n","protected":false},"author":1,"featured_media":59836,"comment_status":"closed","ping_status":"closed","sticky":false,"template":"","format":"standard","meta":[],"categories":[14],"tags":[],"_links":{"self":[{"href":"http:\/\/nuevacordoba.net\/index.php\/wp-json\/wp\/v2\/posts\/59835"}],"collection":[{"href":"http:\/\/nuevacordoba.net\/index.php\/wp-json\/wp\/v2\/posts"}],"about":[{"href":"http:\/\/nuevacordoba.net\/index.php\/wp-json\/wp\/v2\/types\/post"}],"author":[{"embeddable":true,"href":"http:\/\/nuevacordoba.net\/index.php\/wp-json\/wp\/v2\/users\/1"}],"replies":[{"embeddable":true,"href":"http:\/\/nuevacordoba.net\/index.php\/wp-json\/wp\/v2\/comments?post=59835"}],"version-history":[{"count":0,"href":"http:\/\/nuevacordoba.net\/index.php\/wp-json\/wp\/v2\/posts\/59835\/revisions"}],"wp:featuredmedia":[{"embeddable":true,"href":"http:\/\/nuevacordoba.net\/index.php\/wp-json\/wp\/v2\/media\/59836"}],"wp:attachment":[{"href":"http:\/\/nuevacordoba.net\/index.php\/wp-json\/wp\/v2\/media?parent=59835"}],"wp:term":[{"taxonomy":"category","embeddable":true,"href":"http:\/\/nuevacordoba.net\/index.php\/wp-json\/wp\/v2\/categories?post=59835"},{"taxonomy":"post_tag","embeddable":true,"href":"http:\/\/nuevacordoba.net\/index.php\/wp-json\/wp\/v2\/tags?post=59835"}],"curies":[{"name":"wp","href":"https:\/\/api.w.org\/{rel}","templated":true}]}}