{"id":59894,"date":"2025-06-12T00:15:36","date_gmt":"2025-06-12T00:15:36","guid":{"rendered":"https:\/\/www.ole.com.ar\/futbol-ascenso\/ascenso-primera-nacional-tristan-suarez-mercado-pases_0_IpWuJuvmcR.html"},"modified":"2025-06-12T00:15:36","modified_gmt":"2025-06-12T00:15:36","slug":"tristan-suarez-cerro-el-regreso-de-una-figura-de-la-categoria-y-suena-con-dar-pelea","status":"publish","type":"post","link":"http:\/\/nuevacordoba.net\/index.php\/2025\/06\/12\/tristan-suarez-cerro-el-regreso-de-una-figura-de-la-categoria-y-suena-con-dar-pelea\/","title":{"rendered":"Trist\u00e1n Su\u00e1rez cerr\u00f3 el regreso de una figura de la categor\u00eda y sue\u00f1a con dar pelea"},"content":{"rendered":"<p><time class=\"createDate\" datetime=\"2025-06-11T21:15:36-03:00\">11\/06\/2025 21:15hs.<\/time><\/p>\n<div id=\"storyBody\">\n<div class=\"custom-text \" readability=\"33.689567430025\">\n<p><a href=\"https:\/\/www.ole.com.ar\/tema\/tristan-suarez.html\" title=\"Trist\u00e1n Su\u00e1rez\" alt=\"Trist\u00e1n Su\u00e1rez\" class=\"slug\">Trist\u00e1n Su\u00e1rez <\/a>est\u00e1 atravesando un gran momento en la <a href=\"https:\/\/www.ole.com.ar\/tema\/primera-nacional.html\" title=\"Primera Nacional\" alt=\"Primera Nacional\" class=\"slug\">Primera Nacional<\/a>. Sin los flashes ni el presupuesto elevado de otros competidores de la Zona A,<strong> el Lechero se convirti\u00f3 en un equipo s\u00f3lido, confiable y que da pelea.<\/strong> Esas son las claves para un equipo que marcha tercero, por detr\u00e1s de <a href=\"https:\/\/www.ole.com.ar\/tema\/atlanta.html\" title=\"atlanta\" alt=\"atlanta\" class=\"slug\">Atlanta <\/a>y<a href=\"https:\/\/www.ole.com.ar\/tema\/san-martin-tucuman.html\" title=\"San Mart\u00edn Tucum\u00e1n\" alt=\"San Mart\u00edn Tucum\u00e1n\" class=\"slug\"> San Mart\u00edn de Tucum\u00e1n<\/a>, con 26 unidades -seis triunfos, ocho empates y tres derrotas-.<\/p>\n<\/div>\n<div class=\"custom-text \" readability=\"37\">\n<p>Pero claro, para mantenerse en la disputa por los primeros puestos, hay que realizar un buen mercado. As\u00ed lo entendieron todos en G\u00f3mez y Fari\u00f1a. Por eso, la Comisi\u00f3n Directiva cumpli\u00f3 con uno de los pedidos de Pancho Mart\u00ednez<strong> y repatri\u00f3 a uno de los puntos altos del 2024: \u00c1ngel Almada. <\/strong><\/p>\n<\/div>\n<div class=\"custom-text \" readability=\"38.015151515152\">\n<p>El extremo de 24 a\u00f1os, surgido de las divisiones inferiores de la instituci\u00f3n de Ezeiza, llega a pr\u00e9stamo desde <a href=\"https:\/\/www.ole.com.ar\/tema\/san-miguel.html\" title=\"San Miguel\" alt=\"San Miguel\" class=\"slug\">San Miguel<\/a>, donde arrib\u00f3 a principios del corriente a\u00f1o.<strong> Firm\u00f3 contrato hasta fin de a\u00f1o y ya fue presentado de manera oficial en las redes sociales del Lechero<\/strong>: \u00ab\u00c1ngelito Almada regresa al club que lo vio crecer y se suma al ataque de Trist\u00e1n Su\u00e1rez\u00bb, indica el comunicado. <\/p>\n<\/div>\n<div class=\"sc-e7b891c4-0 ifHnQL image-embed\"><img alt=\"\u00c1ngel Almada fue presentado en el Lechero (Prensa Trist\u00e1n Su\u00e1rez)\" loading=\"lazy\" width=\"720\" height=\"100\" decoding=\"async\" data-nimg=\"1\" src=\"http:\/\/nuevacordoba.net\/wp-content\/uploads\/2025\/06\/tristan-suarez-cerro-el-regreso-de-una-figura-de-la-categoria-y-suena-con-dar-pelea.jpg\"><span class=\"epigraphe\">\u00c1ngel Almada fue presentado en el Lechero (Prensa Trist\u00e1n Su\u00e1rez)<\/span><\/div>\n<p><h2><strong>Los n\u00fameros de \u00c1ngel Almada en su anterior paso por Trist\u00e1n Su\u00e1rez<\/strong><\/h2>\n<\/p>\n<div class=\"custom-text \" readability=\"39\">\n<p>En su primer ciclo por el club azul y blanco, el punta, que tras formarse en las categor\u00edas menores hizo su estreno como profesional en 2022 y permaneci\u00f3 hasta la temporada pasada, registr\u00f3 65 encuentros disputados. En ese lapso, <strong>el atacante marc\u00f3 siete goles -seis de ellos en 2024- y reparti\u00f3 cuatro asistencias. <\/strong><\/p>\n<\/div>\n<div class=\"sc-e7b891c4-0 ifHnQL image-embed\"><img alt=\"El anterior paso de Almada por Trist\u00e1n Su\u00e1rez (Prensa Trist\u00e1n Su\u00e1rez)\" loading=\"lazy\" width=\"720\" height=\"100\" decoding=\"async\" data-nimg=\"1\" src=\"http:\/\/nuevacordoba.net\/wp-content\/uploads\/2025\/06\/tristan-suarez-cerro-el-regreso-de-una-figura-de-la-categoria-y-suena-con-dar-pelea-1.jpg\"><span class=\"epigraphe\">El anterior paso de Almada por Trist\u00e1n Su\u00e1rez (Prensa Trist\u00e1n Su\u00e1rez)<\/span><\/div>\n<p><h2><strong>El mercado de pases del Lechero<\/strong><\/h2>\n<\/p>\n<div class=\"custom-text \" readability=\"43\">\n<p>Sumado al extremo de 24 a\u00f1os, otros tres<strong> jugadores que ya firmaron con la instituci\u00f3n: Nicol\u00e1s Leonel Fern\u00e1ndez, lateral izquierdo de 30 a\u00f1os, Gast\u00f3n Moreyra, mediapunta de 25, y Nicol\u00e1s Del Priore, volante ofensivo de 28.<\/strong> En contraparte, por el momento, no se oficializ\u00f3 ninguna baja en el plantel. <\/p>\n<\/div>\n<div class=\"sc-e7b891c4-0 ifHnQL image-embed\"><img alt=\"Nicol\u00e1s Fern\u00e1ndez fue el primero en poner la firma (Prensa Trist\u00e1n Su\u00e1rez)\" loading=\"lazy\" width=\"720\" height=\"100\" decoding=\"async\" data-nimg=\"1\" src=\"http:\/\/nuevacordoba.net\/wp-content\/uploads\/2025\/06\/tristan-suarez-cerro-el-regreso-de-una-figura-de-la-categoria-y-suena-con-dar-pelea-2.jpg\"><span class=\"epigraphe\">Nicol\u00e1s Fern\u00e1ndez fue el primero en poner la firma (Prensa Trist\u00e1n Su\u00e1rez)<\/span><\/div>\n<div class=\"sc-a7166897-0 eoLsBE\" readability=\"6.5\">\n<section readability=\"3\"><picture><img alt=\"Argentina, el pa\u00eds con mas t\u00e9cnicos del Mundial de Clubes con Espa\u00f1a\" loading=\"lazy\" width=\"290\" height=\"290\" decoding=\"async\" data-nimg=\"1\" src=\"http:\/\/nuevacordoba.net\/wp-content\/uploads\/2025\/06\/tristan-suarez-cerro-el-regreso-de-una-figura-de-la-categoria-y-suena-con-dar-pelea-3.jpg\"><\/picture>\n<p><span>Mir\u00e1 tambi\u00e9n<\/span><\/p>\n<hr>\n<h3>Argentina, el pa\u00eds con mas t\u00e9cnicos del Mundial de Clubes con Espa\u00f1a<\/h3>\n<\/p>\n<\/section>\n<\/div>\n<div class=\"sc-a7166897-0 eoLsBE\" readability=\"6\">\n<section readability=\"2\"><picture><img alt=\"El jugador de Boca que se sum\u00f3 a la pr\u00e1ctica en Miami\" loading=\"lazy\" width=\"290\" height=\"290\" decoding=\"async\" data-nimg=\"1\" src=\"http:\/\/nuevacordoba.net\/wp-content\/uploads\/2025\/06\/tristan-suarez-cerro-el-regreso-de-una-figura-de-la-categoria-y-suena-con-dar-pelea-4.jpg\"><\/picture>\n<p><span>Mir\u00e1 tambi\u00e9n<\/span><\/p>\n<hr>\n<h3>El jugador de Boca que se sum\u00f3 a la pr\u00e1ctica en Miami<\/h3>\n<\/p>\n<\/section>\n<\/div>\n<\/div>\n","protected":false},"excerpt":{"rendered":"<p>11\/06\/2025 21:15hs. Trist\u00e1n Su\u00e1rez est\u00e1 atravesando un gran momento en la Primera Nacional. Sin los flashes ni el presupuesto elevado de otros competidores de la Zona A, el Lechero se convirti\u00f3 en un equipo s\u00f3lido, confiable y que da pelea. Esas son las claves para un equipo que marcha tercero, por detr\u00e1s de Atlanta y [&hellip;]<\/p>\n","protected":false},"author":1,"featured_media":59895,"comment_status":"closed","ping_status":"closed","sticky":false,"template":"","format":"standard","meta":[],"categories":[10],"tags":[],"_links":{"self":[{"href":"http:\/\/nuevacordoba.net\/index.php\/wp-json\/wp\/v2\/posts\/59894"}],"collection":[{"href":"http:\/\/nuevacordoba.net\/index.php\/wp-json\/wp\/v2\/posts"}],"about":[{"href":"http:\/\/nuevacordoba.net\/index.php\/wp-json\/wp\/v2\/types\/post"}],"author":[{"embeddable":true,"href":"http:\/\/nuevacordoba.net\/index.php\/wp-json\/wp\/v2\/users\/1"}],"replies":[{"embeddable":true,"href":"http:\/\/nuevacordoba.net\/index.php\/wp-json\/wp\/v2\/comments?post=59894"}],"version-history":[{"count":0,"href":"http:\/\/nuevacordoba.net\/index.php\/wp-json\/wp\/v2\/posts\/59894\/revisions"}],"wp:featuredmedia":[{"embeddable":true,"href":"http:\/\/nuevacordoba.net\/index.php\/wp-json\/wp\/v2\/media\/59895"}],"wp:attachment":[{"href":"http:\/\/nuevacordoba.net\/index.php\/wp-json\/wp\/v2\/media?parent=59894"}],"wp:term":[{"taxonomy":"category","embeddable":true,"href":"http:\/\/nuevacordoba.net\/index.php\/wp-json\/wp\/v2\/categories?post=59894"},{"taxonomy":"post_tag","embeddable":true,"href":"http:\/\/nuevacordoba.net\/index.php\/wp-json\/wp\/v2\/tags?post=59894"}],"curies":[{"name":"wp","href":"https:\/\/api.w.org\/{rel}","templated":true}]}}