{"id":59896,"date":"2025-06-10T09:33:57","date_gmt":"2025-06-10T09:33:57","guid":{"rendered":"http:\/\/cordobanewsnet.wordpress.com\/?p=12955"},"modified":"2025-06-10T09:33:57","modified_gmt":"2025-06-10T09:33:57","slug":"comision-de-personas-con-discapacidad-y-accesibilidad-universal","status":"publish","type":"post","link":"http:\/\/nuevacordoba.net\/index.php\/2025\/06\/10\/comision-de-personas-con-discapacidad-y-accesibilidad-universal\/","title":{"rendered":"Comisi\u00f3n de Personas con Discapacidad y Accesibilidad Universal"},"content":{"rendered":"<p>Hoy se reuni\u00f3 la Comisi\u00f3n de Personas con Discapacidad y Accesibilidad Universal, presidida por M\u00f3nica Rosales, y a la cual se reincorpor\u00f3 como vicepresidenta la concejal Soher El Sukar\u00eda, finalizada ya la licencia que hab\u00eda solicitado. Se trataron estos proyectos:<\/p>\n<p><strong>12331\/C\/25 CONCEJALA ROSALES P\/D EXPRESANDO RECONOCIMIENTO A LAURA CECILIA SEGURA, AUTORA DEL LIBRO \u00abEL REGALO DE FEDERICO\u00bb, POR SU VALIENTE APORTE A LA SENSIBILIZACI\u00d3N SOBRE LA REALIDAD DE LAS FAMILIAS NEURO DIVERGENTES<\/strong>.<\/p>\n<p>Laura Cecilia Segura es terapeuta hol\u00edstica y como mam\u00e1 hace unos a\u00f1os atraves\u00f3 el proceso de acompa\u00f1ar a su hijo Federico, diagnosticado dentro del espectro autista, lo que le permiti\u00f3 descubrir que ella misma comparte rasgos de neurodiversidad.<\/p>\n<p>Esas vivencias las reflej\u00f3 en un libro testimonio: \u00abEl regalo de Federico\u00bb, donde cuenta c\u00f3mo asumi\u00f3 la situaci\u00f3n y la aceptaci\u00f3n plena de esa nueva realidad en su vida, hasta considerar ella misma al proceso de escritura del libro como un acto de sanaci\u00f3n.<\/p>\n<p>Presente en la Comisi\u00f3n, Laura ampli\u00f3 ante los concejales su experiencia personal. \u201cEl diagn\u00f3stico de Fede ech\u00f3 por tierra mi profesi\u00f3n. Me replante\u00e9 todo, porque cre\u00eda que ya no pod\u00eda acompa\u00f1ar a nadie. Pero a los dos meses&nbsp; empec\u00e9 a grabar podcasts y luego surgi\u00f3 la idea del libro, pese a que no soy escritora. Afront\u00e9 los dos frentes: acompa\u00f1ar a mi hijo y escribir el libro, con el que pude poner en palabras el dolor que llevaba dentro. Fue una forma de desnudarme ante los dem\u00e1s. Quise contarlo para que otros padres se sientan menos solos si tienen que afrontar este mismo camino\u201d, relat\u00f3.<\/p>\n<p>El libro de Laura se presentar\u00e1 el 27 de este mes, justamente en el Concejo Deliberante.<\/p>\n<p>El proyecto de reconocer su trabajo fue acompa\u00f1ado por unanimidad por los miembros de la Comisi\u00f3n.<\/p>\n<p><strong>12020\/C\/24 CONCEJAL PIGUILLEM P\/O IMPLEMENTANDO UNA CAMPA\u00d1A DE CONCIENTIZACI\u00d3N SOBRE EL IMPACTO NEGATIVO DE ART\u00cdCULOS DE PIROTECNIA EN GENERAL, Y SUS &nbsp;CONSECUENCIAS EN EL BIENESTAR DE PERSONAS CON TRASTORNO DEL ESPECTRO AUTISTA (TEA), ADULTOS MAYORES Y ANIMALES DOM\u00c9STICOS.<\/strong><\/p>\n<p>La ciudad cuenta ya con la Ordenanza N\u00b012.468 (C\u00f3digo de Convivencia Ciudadana), que proh\u00edbe el uso y la comercializaci\u00f3n de elementos de pirotecnia y coheter\u00eda en general, para proteger a personas con una sensibilidad aguda y tambi\u00e9n de los animales que sufren las consecuencias de los ruidos de las explosiones.<\/p>\n<p>El proyecto apunta a reforzar esa mirada, mediante la implementaci\u00f3n de una campa\u00f1a de concientizaci\u00f3n, durante las tres semanas del a\u00f1o en que habitualmente se suele utilizar pirotecnia, asociada a las fiestas de Navidad y A\u00f1o Nuevo.<\/p>\n<p>\u201cLas \u00faltimas fiestas de fin de a\u00f1o fueron un punto de inflexi\u00f3n. El uso de pirotecnia, que hab\u00eda bajado fuerte, volvi\u00f3 a subir. La prohibici\u00f3n ya est\u00e1 legislada, as\u00ed que lo que propongo es que hagamos una campa\u00f1a publicitaria fuerte, para que la autoridad de aplicaci\u00f3n recuerde esa prohibici\u00f3n y que se cumpla\u201d, dijo Piguillem.<\/p>\n<p>En l\u00edneas generales, los dem\u00e1s ediles coincidieron y en el caso de Soher el Sukar\u00eda sugiri\u00f3 actualizar y aumentar las multas que penalizan el uso de pirotecnia.<\/p>\n<p>El proyecto qued\u00f3 en estudio y se consultar\u00e1 con el Departamento Ejecutivo.<\/p>\n<p><strong>11923\/C\/24 CONCEJALES GARADE PANETTA, CAFFARATTI, FISER, BALASTEGUI, GUTI\u00c9RREZ, LUJ\u00c1N, PIGUILLEM Y AG\u00dcERO D\u00cdAZ P\/O CREANDO EL PROGRAMA DE ACCESIBILIDAD PARA TR\u00c1MITES DE PERSONAS CON DIFICULTADES PARA COMUNICARSE VERBALMENTE Y CON PROBLEMAS AUDITIVOS EN DEPENDENCIAS MUNICIPALES.<\/strong><\/p>\n<p>Apunta a promover condiciones de igualdad para el acceso a sus derechos, por parte de personas con discapacidad, incluyendo aquellas que tengan deficiencias f\u00edsicas, mentales, intelectuales o sensoriales.<\/p>\n<p>La concejal Ver\u00f3nica Gara de Panetta cit\u00f3 el antecedente de la app \u201cHABLALO\u201d, de acceso gratuito, que facilita la comunicaci\u00f3n a personas con problemas auditivos o con dificultades. La misma est\u00e1 presente en 65 pa\u00edses y la &nbsp;usan m\u00e1s de 350.000 personas, a quienes facilita su desenvolvimiento en la vida diaria.<\/p>\n<p>El proyecto propone crear las v\u00edas de acceso y la incorporaci\u00f3n de nuevas tecnolog\u00edas para la realizaci\u00f3n de todo tipo de tr\u00e1mites y gestiones, a trav\u00e9s de aplicaciones compatibles con los sistemas operativos de los equipos port\u00e1tiles y telefon\u00eda celular, smartphones, tablets, netbooks o similares. La operativizaci\u00f3n podr\u00eda ser por v\u00eda de la creaci\u00f3n de una app o bien el uso de una ya existente.<\/p>\n<p><strong>El proyecto qued\u00f3 en estudio<\/strong><\/p>\n<p><strong>12254\/C\/25 CONCEJALES GUTI\u00c9RREZ, CAFFARATTI, BALASTEGUI, GARADE PANETTA, AG\u00dcERO D\u00cdAZ, LUJ\u00c1N Y FABRE P\/O DISPONIENDO LA ACCESIBILIDAD DIGITAL DE APLICACIONES, PLATAFORMAS Y SERVICIOS DIGITALES DE LA MUNICIPALIDAD, PARA PERSONAS MAYORES Y PERSONAS CON DISCAPACIDAD.<\/strong><\/p>\n<p>Se promueve que todas las aplicaciones, plataformas y servicios digitales desarrollados, adquiridos o gestionados por la Municipalidad, sean accesibles para personas mayores y personas con discapacidad, en cumplimiento de los principios de igualdad, no discriminaci\u00f3n y autonom\u00eda personal.<\/p>\n<p>El par\u00e1metro de \u201caccesibilidad digital\u201d supone que las personas mayores y las personas con discapacidad puedan percibir, operar, comprender y utilizar los contenidos y funcionalidades de las aplicaciones, plataformas y servicios digitales municipales de manera aut\u00f3noma y en igualdad de condiciones, de acuerdo a est\u00e1ndares y pautas de accesibilidad web reconocidos internacionalmente.<\/p>\n<p>\u201cQueremos achicar la brecha digital y que tanto los adultos como las personas con discapacidad sean parte de la comunicaci\u00f3n en igualdad de condiciones. A veces el dise\u00f1o de las apps no es adecuado para ellos, y tienen complicaciones como el tama\u00f1o de fuente (demasiado peque\u00f1a) o el uso en s\u00ed\u201d, advirti\u00f3 la concejal Fabiana Guti\u00e9rrez.<\/p>\n<p><strong>El proyecto qued\u00f3 en estudio<\/strong>.<\/p>\n<figure class=\"wp-block-image size-large\"><img loading=\"lazy\" data-attachment-id=\"12956\" data-permalink=\"https:\/\/cordobanewsnet.wordpress.com\/2025\/06\/10\/comision-de-personas-con-discapacidad-y-accesibilidad-universal\/cdc-15-1\/\" data-orig-file=\"https:\/\/cordobanewsnet.wordpress.com\/wp-content\/uploads\/2025\/06\/cdc-15-1.jpg\" data-orig-size=\"3500,2333\" data-comments-opened=\"1\" data-image-meta=\"{&quot;aperture&quot;:&quot;1.8&quot;,&quot;credit&quot;:&quot;&quot;,&quot;camera&quot;:&quot;NIKON Z 50&quot;,&quot;caption&quot;:&quot;&quot;,&quot;created_timestamp&quot;:&quot;1749486081&quot;,&quot;copyright&quot;:&quot;&quot;,&quot;focal_length&quot;:&quot;100&quot;,&quot;iso&quot;:&quot;1000&quot;,&quot;shutter_speed&quot;:&quot;0.0025&quot;,&quot;title&quot;:&quot;&quot;,&quot;orientation&quot;:&quot;0&quot;}\" data-image-title=\"CDC-15 (1)\" data-image-description data-image-caption data-medium-file=\"http:\/\/nuevacordoba.net\/wp-content\/uploads\/2025\/06\/comision-de-personas-con-discapacidad-y-accesibilidad-universal-7.jpg\" data-large-file=\"https:\/\/cordobanewsnet.wordpress.com\/wp-content\/uploads\/2025\/06\/cdc-15-1.jpg?w=736\" width=\"1024\" height=\"682\" src=\"http:\/\/nuevacordoba.net\/wp-content\/uploads\/2025\/06\/comision-de-personas-con-discapacidad-y-accesibilidad-universal.jpg\" alt class=\"wp-image-12956\" srcset=\"http:\/\/nuevacordoba.net\/wp-content\/uploads\/2025\/06\/comision-de-personas-con-discapacidad-y-accesibilidad-universal.jpg 1024w, http:\/\/nuevacordoba.net\/wp-content\/uploads\/2025\/06\/comision-de-personas-con-discapacidad-y-accesibilidad-universal-5.jpg 2046w, http:\/\/nuevacordoba.net\/wp-content\/uploads\/2025\/06\/comision-de-personas-con-discapacidad-y-accesibilidad-universal-6.jpg 150w, http:\/\/nuevacordoba.net\/wp-content\/uploads\/2025\/06\/comision-de-personas-con-discapacidad-y-accesibilidad-universal-7.jpg 300w, http:\/\/nuevacordoba.net\/wp-content\/uploads\/2025\/06\/comision-de-personas-con-discapacidad-y-accesibilidad-universal-8.jpg 768w\" sizes=\"(max-width: 1024px) 100vw, 1024px\"><\/figure>\n<figure class=\"wp-block-image size-large\"><img loading=\"lazy\" data-attachment-id=\"12957\" data-permalink=\"https:\/\/cordobanewsnet.wordpress.com\/2025\/06\/10\/comision-de-personas-con-discapacidad-y-accesibilidad-universal\/cdc-12-4\/\" data-orig-file=\"https:\/\/cordobanewsnet.wordpress.com\/wp-content\/uploads\/2025\/06\/cdc-12-4.jpg\" data-orig-size=\"3500,2333\" data-comments-opened=\"1\" data-image-meta=\"{&quot;aperture&quot;:&quot;1.8&quot;,&quot;credit&quot;:&quot;&quot;,&quot;camera&quot;:&quot;NIKON Z 50&quot;,&quot;caption&quot;:&quot;&quot;,&quot;created_timestamp&quot;:&quot;1749486035&quot;,&quot;copyright&quot;:&quot;&quot;,&quot;focal_length&quot;:&quot;75&quot;,&quot;iso&quot;:&quot;1000&quot;,&quot;shutter_speed&quot;:&quot;0.0025&quot;,&quot;title&quot;:&quot;&quot;,&quot;orientation&quot;:&quot;0&quot;}\" data-image-title=\"CDC-12 (4)\" data-image-description data-image-caption data-medium-file=\"http:\/\/nuevacordoba.net\/wp-content\/uploads\/2025\/06\/comision-de-personas-con-discapacidad-y-accesibilidad-universal-11.jpg\" data-large-file=\"https:\/\/cordobanewsnet.wordpress.com\/wp-content\/uploads\/2025\/06\/cdc-12-4.jpg?w=736\" width=\"1024\" height=\"682\" src=\"http:\/\/nuevacordoba.net\/wp-content\/uploads\/2025\/06\/comision-de-personas-con-discapacidad-y-accesibilidad-universal-1.jpg\" alt class=\"wp-image-12957\" srcset=\"http:\/\/nuevacordoba.net\/wp-content\/uploads\/2025\/06\/comision-de-personas-con-discapacidad-y-accesibilidad-universal-1.jpg 1024w, http:\/\/nuevacordoba.net\/wp-content\/uploads\/2025\/06\/comision-de-personas-con-discapacidad-y-accesibilidad-universal-9.jpg 2046w, http:\/\/nuevacordoba.net\/wp-content\/uploads\/2025\/06\/comision-de-personas-con-discapacidad-y-accesibilidad-universal-10.jpg 150w, http:\/\/nuevacordoba.net\/wp-content\/uploads\/2025\/06\/comision-de-personas-con-discapacidad-y-accesibilidad-universal-11.jpg 300w, http:\/\/nuevacordoba.net\/wp-content\/uploads\/2025\/06\/comision-de-personas-con-discapacidad-y-accesibilidad-universal-12.jpg 768w\" sizes=\"(max-width: 1024px) 100vw, 1024px\"><\/figure>\n<figure class=\"wp-block-image size-large\"><img loading=\"lazy\" data-attachment-id=\"12958\" data-permalink=\"https:\/\/cordobanewsnet.wordpress.com\/2025\/06\/10\/comision-de-personas-con-discapacidad-y-accesibilidad-universal\/cdc-31-2-2\/\" data-orig-file=\"https:\/\/cordobanewsnet.wordpress.com\/wp-content\/uploads\/2025\/06\/cdc-31-2.jpg\" data-orig-size=\"3500,2333\" data-comments-opened=\"1\" data-image-meta=\"{&quot;aperture&quot;:&quot;1.8&quot;,&quot;credit&quot;:&quot;&quot;,&quot;camera&quot;:&quot;NIKON Z 50&quot;,&quot;caption&quot;:&quot;&quot;,&quot;created_timestamp&quot;:&quot;1749486618&quot;,&quot;copyright&quot;:&quot;&quot;,&quot;focal_length&quot;:&quot;80&quot;,&quot;iso&quot;:&quot;1000&quot;,&quot;shutter_speed&quot;:&quot;0.0025&quot;,&quot;title&quot;:&quot;&quot;,&quot;orientation&quot;:&quot;0&quot;}\" data-image-title=\"CDC-31 (2)\" data-image-description data-image-caption data-medium-file=\"http:\/\/nuevacordoba.net\/wp-content\/uploads\/2025\/06\/comision-de-personas-con-discapacidad-y-accesibilidad-universal-15.jpg\" data-large-file=\"https:\/\/cordobanewsnet.wordpress.com\/wp-content\/uploads\/2025\/06\/cdc-31-2.jpg?w=736\" width=\"1024\" height=\"682\" src=\"http:\/\/nuevacordoba.net\/wp-content\/uploads\/2025\/06\/comision-de-personas-con-discapacidad-y-accesibilidad-universal-2.jpg\" alt class=\"wp-image-12958\" srcset=\"http:\/\/nuevacordoba.net\/wp-content\/uploads\/2025\/06\/comision-de-personas-con-discapacidad-y-accesibilidad-universal-2.jpg 1024w, http:\/\/nuevacordoba.net\/wp-content\/uploads\/2025\/06\/comision-de-personas-con-discapacidad-y-accesibilidad-universal-13.jpg 2046w, http:\/\/nuevacordoba.net\/wp-content\/uploads\/2025\/06\/comision-de-personas-con-discapacidad-y-accesibilidad-universal-14.jpg 150w, http:\/\/nuevacordoba.net\/wp-content\/uploads\/2025\/06\/comision-de-personas-con-discapacidad-y-accesibilidad-universal-15.jpg 300w, http:\/\/nuevacordoba.net\/wp-content\/uploads\/2025\/06\/comision-de-personas-con-discapacidad-y-accesibilidad-universal-16.jpg 768w\" sizes=\"(max-width: 1024px) 100vw, 1024px\"><\/figure>\n<figure class=\"wp-block-image size-large\"><img data-attachment-id=\"12960\" data-permalink=\"https:\/\/cordobanewsnet.wordpress.com\/2025\/06\/10\/comision-de-personas-con-discapacidad-y-accesibilidad-universal\/cdc-8-2\/\" data-orig-file=\"https:\/\/cordobanewsnet.wordpress.com\/wp-content\/uploads\/2025\/06\/cdc-8-2.jpg\" data-orig-size=\"3500,2333\" data-comments-opened=\"1\" data-image-meta=\"{&quot;aperture&quot;:&quot;1.8&quot;,&quot;credit&quot;:&quot;&quot;,&quot;camera&quot;:&quot;NIKON Z 50&quot;,&quot;caption&quot;:&quot;&quot;,&quot;created_timestamp&quot;:&quot;1749485798&quot;,&quot;copyright&quot;:&quot;&quot;,&quot;focal_length&quot;:&quot;90&quot;,&quot;iso&quot;:&quot;1000&quot;,&quot;shutter_speed&quot;:&quot;0.0025&quot;,&quot;title&quot;:&quot;&quot;,&quot;orientation&quot;:&quot;0&quot;}\" data-image-title=\"CDC-8 (2)\" data-image-description data-image-caption data-medium-file=\"http:\/\/nuevacordoba.net\/wp-content\/uploads\/2025\/06\/comision-de-personas-con-discapacidad-y-accesibilidad-universal-19.jpg\" data-large-file=\"https:\/\/cordobanewsnet.wordpress.com\/wp-content\/uploads\/2025\/06\/cdc-8-2.jpg?w=736\" loading=\"lazy\" width=\"1024\" height=\"682\" src=\"http:\/\/nuevacordoba.net\/wp-content\/uploads\/2025\/06\/comision-de-personas-con-discapacidad-y-accesibilidad-universal-3.jpg\" alt class=\"wp-image-12960\" srcset=\"http:\/\/nuevacordoba.net\/wp-content\/uploads\/2025\/06\/comision-de-personas-con-discapacidad-y-accesibilidad-universal-3.jpg 1024w, http:\/\/nuevacordoba.net\/wp-content\/uploads\/2025\/06\/comision-de-personas-con-discapacidad-y-accesibilidad-universal-17.jpg 2046w, http:\/\/nuevacordoba.net\/wp-content\/uploads\/2025\/06\/comision-de-personas-con-discapacidad-y-accesibilidad-universal-18.jpg 150w, http:\/\/nuevacordoba.net\/wp-content\/uploads\/2025\/06\/comision-de-personas-con-discapacidad-y-accesibilidad-universal-19.jpg 300w, http:\/\/nuevacordoba.net\/wp-content\/uploads\/2025\/06\/comision-de-personas-con-discapacidad-y-accesibilidad-universal-20.jpg 768w\" sizes=\"(max-width: 1024px) 100vw, 1024px\"><\/figure>\n<figure class=\"wp-block-image size-large\"><img data-attachment-id=\"12961\" data-permalink=\"https:\/\/cordobanewsnet.wordpress.com\/2025\/06\/10\/comision-de-personas-con-discapacidad-y-accesibilidad-universal\/cdc-26-1\/\" data-orig-file=\"https:\/\/cordobanewsnet.wordpress.com\/wp-content\/uploads\/2025\/06\/cdc-26-1.jpg\" data-orig-size=\"3500,2333\" data-comments-opened=\"1\" data-image-meta=\"{&quot;aperture&quot;:&quot;1.8&quot;,&quot;credit&quot;:&quot;&quot;,&quot;camera&quot;:&quot;NIKON Z 50&quot;,&quot;caption&quot;:&quot;&quot;,&quot;created_timestamp&quot;:&quot;1749486300&quot;,&quot;copyright&quot;:&quot;&quot;,&quot;focal_length&quot;:&quot;65&quot;,&quot;iso&quot;:&quot;1000&quot;,&quot;shutter_speed&quot;:&quot;0.0015625&quot;,&quot;title&quot;:&quot;&quot;,&quot;orientation&quot;:&quot;0&quot;}\" data-image-title=\"CDC-26 (1)\" data-image-description data-image-caption data-medium-file=\"http:\/\/nuevacordoba.net\/wp-content\/uploads\/2025\/06\/comision-de-personas-con-discapacidad-y-accesibilidad-universal-23.jpg\" data-large-file=\"https:\/\/cordobanewsnet.wordpress.com\/wp-content\/uploads\/2025\/06\/cdc-26-1.jpg?w=736\" loading=\"lazy\" width=\"1024\" height=\"682\" src=\"http:\/\/nuevacordoba.net\/wp-content\/uploads\/2025\/06\/comision-de-personas-con-discapacidad-y-accesibilidad-universal-4.jpg\" alt class=\"wp-image-12961\" srcset=\"http:\/\/nuevacordoba.net\/wp-content\/uploads\/2025\/06\/comision-de-personas-con-discapacidad-y-accesibilidad-universal-4.jpg 1024w, http:\/\/nuevacordoba.net\/wp-content\/uploads\/2025\/06\/comision-de-personas-con-discapacidad-y-accesibilidad-universal-21.jpg 2046w, http:\/\/nuevacordoba.net\/wp-content\/uploads\/2025\/06\/comision-de-personas-con-discapacidad-y-accesibilidad-universal-22.jpg 150w, http:\/\/nuevacordoba.net\/wp-content\/uploads\/2025\/06\/comision-de-personas-con-discapacidad-y-accesibilidad-universal-23.jpg 300w, http:\/\/nuevacordoba.net\/wp-content\/uploads\/2025\/06\/comision-de-personas-con-discapacidad-y-accesibilidad-universal-24.jpg 768w\" sizes=\"(max-width: 1024px) 100vw, 1024px\"><\/figure>\n<p><span id=\"wordads-inline-marker\"><\/span><\/p>\n<div id=\"jp-post-flair\" class=\"sharedaddy sd-like-enabled sd-sharing-enabled\">\n<div class=\"sharedaddy sd-sharing-enabled\">\n<div class=\"robots-nocontent sd-block sd-social sd-social-icon-text sd-sharing\">\n<h3 class=\"sd-title\">Comparte esto:<\/h3>\n<\/div>\n<\/div>\n<div class=\"sharedaddy sd-block sd-like jetpack-likes-widget-wrapper jetpack-likes-widget-unloaded\" id=\"like-post-wrapper-143108178-12955-684a91b0ee5db\" data-src=\"\/\/widgets.wp.com\/likes\/index.html?ver=20250612#blog_id=143108178&amp;post_id=12955&amp;origin=cordobanewsnet.wordpress.com&amp;obj_id=143108178-12955-684a91b0ee5db\" data-name=\"like-post-frame-143108178-12955-684a91b0ee5db\" data-title=\"Me gusta o Compartir\">\n<p><span class=\"button\"><span>Me gusta<\/span><\/span> <span class=\"loading\">Cargando&#8230;<\/span><\/p>\n<p><span class=\"sd-text-color\"><\/span><\/div>\n<p><h3 class=\"jp-relatedposts-headline\"><em>Relacionado<\/em><\/h3>\n<\/p>\n<\/div>\n","protected":false},"excerpt":{"rendered":"<p>Hoy se reuni\u00f3 la Comisi\u00f3n de Personas con Discapacidad y Accesibilidad Universal, presidida por M\u00f3nica Rosales, y a la cual se reincorpor\u00f3 como vicepresidenta la concejal Soher El Sukar\u00eda, finalizada ya la licencia que hab\u00eda solicitado. Se trataron estos proyectos: 12331\/C\/25 CONCEJALA ROSALES P\/D EXPRESANDO RECONOCIMIENTO A LAURA CECILIA SEGURA, AUTORA DEL LIBRO \u00abEL REGALO [&hellip;]<\/p>\n","protected":false},"author":1,"featured_media":59897,"comment_status":"closed","ping_status":"closed","sticky":false,"template":"","format":"standard","meta":[],"categories":[14],"tags":[],"_links":{"self":[{"href":"http:\/\/nuevacordoba.net\/index.php\/wp-json\/wp\/v2\/posts\/59896"}],"collection":[{"href":"http:\/\/nuevacordoba.net\/index.php\/wp-json\/wp\/v2\/posts"}],"about":[{"href":"http:\/\/nuevacordoba.net\/index.php\/wp-json\/wp\/v2\/types\/post"}],"author":[{"embeddable":true,"href":"http:\/\/nuevacordoba.net\/index.php\/wp-json\/wp\/v2\/users\/1"}],"replies":[{"embeddable":true,"href":"http:\/\/nuevacordoba.net\/index.php\/wp-json\/wp\/v2\/comments?post=59896"}],"version-history":[{"count":0,"href":"http:\/\/nuevacordoba.net\/index.php\/wp-json\/wp\/v2\/posts\/59896\/revisions"}],"wp:featuredmedia":[{"embeddable":true,"href":"http:\/\/nuevacordoba.net\/index.php\/wp-json\/wp\/v2\/media\/59897"}],"wp:attachment":[{"href":"http:\/\/nuevacordoba.net\/index.php\/wp-json\/wp\/v2\/media?parent=59896"}],"wp:term":[{"taxonomy":"category","embeddable":true,"href":"http:\/\/nuevacordoba.net\/index.php\/wp-json\/wp\/v2\/categories?post=59896"},{"taxonomy":"post_tag","embeddable":true,"href":"http:\/\/nuevacordoba.net\/index.php\/wp-json\/wp\/v2\/tags?post=59896"}],"curies":[{"name":"wp","href":"https:\/\/api.w.org\/{rel}","templated":true}]}}