{"id":59984,"date":"2025-06-13T14:34:43","date_gmt":"2025-06-13T14:34:43","guid":{"rendered":"http:\/\/cordobanewsnet.wordpress.com\/?p=12978"},"modified":"2025-06-13T14:34:43","modified_gmt":"2025-06-13T14:34:43","slug":"clima-fin-de-semana-de-lluvias-en-cordoba","status":"publish","type":"post","link":"http:\/\/nuevacordoba.net\/index.php\/2025\/06\/13\/clima-fin-de-semana-de-lluvias-en-cordoba\/","title":{"rendered":"Clima: fin de semana de lluvias en C\u00f3rdoba"},"content":{"rendered":"<p><!-- \/featured-media --> <\/p>\n<div class=\"post-content clear\" readability=\"48.20363062352\">\n<p>El SMN y el Observatorio de C\u00f3rdoba prev\u00e9n lluvias aisladas para este viernes y s\u00e1bado.<\/p>\n<p>El&nbsp;<strong>Servicio Meteorol\u00f3gico Nacional<\/strong>&nbsp;anunci\u00f3 para la provincia de&nbsp;<strong>C\u00f3rdoba<\/strong>&nbsp;la&nbsp;<strong>probabilidad de lluvias este viernes 13 de junio y durante el fin de semana<\/strong>. Para el viernes se prev\u00e9 una<strong>&nbsp;ma\u00f1ana nublada con temperaturas entre 10\u00b0C y 17\u00b0C, y vientos leves del sur<\/strong>.<\/p>\n<p>Mientras tanto, el d\u00eda&nbsp;<strong>s\u00e1bado<\/strong>&nbsp;se esperan&nbsp;<strong>lluvias aisladas con una temperatura m\u00ednima de 8\u00b0C y m\u00e1xima de 16\u00b0C.&nbsp;<\/strong>El&nbsp;<strong>domingo<\/strong>, finalmente&nbsp;se prev\u00e9 un&nbsp;<strong>cielo parcialmente nublado, con m\u00ednimas de 6\u00b0C y m\u00e1ximas de 20\u00b0C.<\/strong>&nbsp;Las r\u00e1fagas de viento podr\u00edan superar los 30 kil\u00f3metros por hora en la capital cordobesa.<\/p>\n<p>Desde el Observatorio C\u00f3rdoba tambi\u00e9n anticiparon inestabilidad para estos d\u00edas con lluvias aisladas para la ma\u00f1ana de este viernes que se mantendr\u00e1n hasta la madrugada del s\u00e1bado. Al igual que el SMN, el Observatorio prev\u00e9 una m\u00e1xima de 20\u00b0C para el domingo. En tanto, para el d\u00eda&nbsp;<strong>lunes<\/strong>&nbsp;se prev\u00e9 un&nbsp;<strong>clima similar<\/strong>&nbsp;con cielo parcialmente nublado.<\/p>\n<figure class=\"wp-block-image size-large\"><img loading=\"lazy\" data-attachment-id=\"12979\" data-permalink=\"https:\/\/cordobanewsnet.wordpress.com\/2025\/06\/13\/clima-fin-de-semana-de-lluvias-en-cordoba\/image-712\/\" data-orig-file=\"http:\/\/nuevacordoba.net\/wp-content\/uploads\/2025\/06\/clima-fin-de-semana-de-lluvias-en-cordoba.png\" data-orig-size=\"973,635\" data-comments-opened=\"1\" data-image-meta=\"{&quot;aperture&quot;:&quot;0&quot;,&quot;credit&quot;:&quot;&quot;,&quot;camera&quot;:&quot;&quot;,&quot;caption&quot;:&quot;&quot;,&quot;created_timestamp&quot;:&quot;0&quot;,&quot;copyright&quot;:&quot;&quot;,&quot;focal_length&quot;:&quot;0&quot;,&quot;iso&quot;:&quot;0&quot;,&quot;shutter_speed&quot;:&quot;0&quot;,&quot;title&quot;:&quot;&quot;,&quot;orientation&quot;:&quot;0&quot;}\" data-image-title=\"image\" data-image-description data-image-caption data-medium-file=\"http:\/\/nuevacordoba.net\/wp-content\/uploads\/2025\/06\/clima-fin-de-semana-de-lluvias-en-cordoba.png?w=300\" data-large-file=\"http:\/\/nuevacordoba.net\/wp-content\/uploads\/2025\/06\/clima-fin-de-semana-de-lluvias-en-cordoba.png?w=736\" width=\"973\" height=\"635\" src=\"http:\/\/nuevacordoba.net\/wp-content\/uploads\/2025\/06\/clima-fin-de-semana-de-lluvias-en-cordoba.png\" alt class=\"wp-image-12979\" srcset=\"http:\/\/nuevacordoba.net\/wp-content\/uploads\/2025\/06\/clima-fin-de-semana-de-lluvias-en-cordoba.png 973w, http:\/\/nuevacordoba.net\/wp-content\/uploads\/2025\/06\/clima-fin-de-semana-de-lluvias-en-cordoba.png?w=150 150w, http:\/\/nuevacordoba.net\/wp-content\/uploads\/2025\/06\/clima-fin-de-semana-de-lluvias-en-cordoba.png?w=300 300w, http:\/\/nuevacordoba.net\/wp-content\/uploads\/2025\/06\/clima-fin-de-semana-de-lluvias-en-cordoba.png?w=768 768w\" sizes=\"(max-width: 973px) 100vw, 973px\"><\/figure>\n<p>Fuente : Hoy D\u00eda C\u00f3rdoba Argentina<\/p>\n<p><span id=\"wordads-inline-marker\"><\/span><\/p>\n<div id=\"jp-post-flair\" class=\"sharedaddy sd-like-enabled sd-sharing-enabled\">\n<div class=\"sharedaddy sd-sharing-enabled\">\n<div class=\"robots-nocontent sd-block sd-social sd-social-icon-text sd-sharing\">\n<h3 class=\"sd-title\">Comparte esto:<\/h3>\n<\/div>\n<\/div>\n<div class=\"sharedaddy sd-block sd-like jetpack-likes-widget-wrapper jetpack-likes-widget-unloaded\" id=\"like-post-wrapper-143108178-12978-684c613da9f73\" data-src=\"\/\/widgets.wp.com\/likes\/index.html?ver=20250613#blog_id=143108178&amp;post_id=12978&amp;origin=cordobanewsnet.wordpress.com&amp;obj_id=143108178-12978-684c613da9f73\" data-name=\"like-post-frame-143108178-12978-684c613da9f73\" data-title=\"Me gusta o Compartir\">\n<p><span class=\"button\"><span>Me gusta<\/span><\/span> <span class=\"loading\">Cargando&#8230;<\/span><\/p>\n<p><span class=\"sd-text-color\"><\/span><\/div>\n<p><h3 class=\"jp-relatedposts-headline\"><em>Relacionado<\/em><\/h3>\n<\/p>\n<\/div><\/div>\n<p><!--\/.post-content--> <\/p>\n<footer class=\"post-meta-container clear\" readability=\"0.33673469387755\">\n<div class=\"entry-author author-avatar-show\" readability=\"13.114754098361\">\n<div class=\"author-avatar\"> <img referrerpolicy=\"no-referrer\" alt=\"Avatar de Desconocido\" src=\"http:\/\/nuevacordoba.net\/wp-content\/uploads\/2025\/06\/clima-fin-de-semana-de-lluvias-en-cordoba-1.png\" srcset=\"http:\/\/nuevacordoba.net\/wp-content\/uploads\/2025\/06\/clima-fin-de-semana-de-lluvias-en-cordoba-1.png 1x, http:\/\/nuevacordoba.net\/wp-content\/uploads\/2025\/06\/clima-fin-de-semana-de-lluvias-en-cordoba-5.png 1.5x, http:\/\/nuevacordoba.net\/wp-content\/uploads\/2025\/06\/clima-fin-de-semana-de-lluvias-en-cordoba-6.png 2x, http:\/\/nuevacordoba.net\/wp-content\/uploads\/2025\/06\/clima-fin-de-semana-de-lluvias-en-cordoba-7.png 3x, http:\/\/nuevacordoba.net\/wp-content\/uploads\/2025\/06\/clima-fin-de-semana-de-lluvias-en-cordoba-8.png 4x\" class=\"avatar avatar-90\" height=\"90\" width=\"90\" loading=\"lazy\" decoding=\"async\"> <\/div>\n<p><!-- .author-avatar --> <\/p>\n<p><h2 class=\"author-title\"> Publicado por <span class=\"author-name\">Redacci\u00f3n<\/span> <\/h2>\n<\/p>\n<p><!-- .author-heading --> <\/p>\n<p class=\"author-bio\"> <a class=\"author-link\" href=\"https:\/\/cordobanewsnet.wordpress.com\/author\/prettomatias\/\" rel=\"author\"> Ver todas las entradas de Redacci\u00f3n <\/a> <\/p>\n<p><!-- .author-bio --> <\/div>\n<p><!-- .entry-auhtor --> <\/footer>\n<p> <!-- \/post-meta-container --> <!-- #respond --> <\/p>\n","protected":false},"excerpt":{"rendered":"<p>El SMN y el Observatorio de C\u00f3rdoba prev\u00e9n lluvias aisladas para este viernes y s\u00e1bado. El&nbsp;Servicio Meteorol\u00f3gico Nacional&nbsp;anunci\u00f3 para la provincia de&nbsp;C\u00f3rdoba&nbsp;la&nbsp;probabilidad de lluvias este viernes 13 de junio y durante el fin de semana. Para el viernes se prev\u00e9 una&nbsp;ma\u00f1ana nublada con temperaturas entre 10\u00b0C y 17\u00b0C, y vientos leves del sur. Mientras tanto, [&hellip;]<\/p>\n","protected":false},"author":1,"featured_media":59985,"comment_status":"closed","ping_status":"closed","sticky":false,"template":"","format":"standard","meta":[],"categories":[14],"tags":[],"_links":{"self":[{"href":"http:\/\/nuevacordoba.net\/index.php\/wp-json\/wp\/v2\/posts\/59984"}],"collection":[{"href":"http:\/\/nuevacordoba.net\/index.php\/wp-json\/wp\/v2\/posts"}],"about":[{"href":"http:\/\/nuevacordoba.net\/index.php\/wp-json\/wp\/v2\/types\/post"}],"author":[{"embeddable":true,"href":"http:\/\/nuevacordoba.net\/index.php\/wp-json\/wp\/v2\/users\/1"}],"replies":[{"embeddable":true,"href":"http:\/\/nuevacordoba.net\/index.php\/wp-json\/wp\/v2\/comments?post=59984"}],"version-history":[{"count":0,"href":"http:\/\/nuevacordoba.net\/index.php\/wp-json\/wp\/v2\/posts\/59984\/revisions"}],"wp:featuredmedia":[{"embeddable":true,"href":"http:\/\/nuevacordoba.net\/index.php\/wp-json\/wp\/v2\/media\/59985"}],"wp:attachment":[{"href":"http:\/\/nuevacordoba.net\/index.php\/wp-json\/wp\/v2\/media?parent=59984"}],"wp:term":[{"taxonomy":"category","embeddable":true,"href":"http:\/\/nuevacordoba.net\/index.php\/wp-json\/wp\/v2\/categories?post=59984"},{"taxonomy":"post_tag","embeddable":true,"href":"http:\/\/nuevacordoba.net\/index.php\/wp-json\/wp\/v2\/tags?post=59984"}],"curies":[{"name":"wp","href":"https:\/\/api.w.org\/{rel}","templated":true}]}}