{"id":59990,"date":"2025-06-14T00:19:45","date_gmt":"2025-06-14T00:19:45","guid":{"rendered":"https:\/\/www.ole.com.ar\/autos\/fernando-alonso-bigote-nuevo-look-formula-1-f1-gran-premio-canada_0_WqoiamtAfx.html"},"modified":"2025-06-14T00:19:45","modified_gmt":"2025-06-14T00:19:45","slug":"fernando-alonso-se-dejo-el-bigote-y-fue-furor-en-las-redes","status":"publish","type":"post","link":"http:\/\/nuevacordoba.net\/index.php\/2025\/06\/14\/fernando-alonso-se-dejo-el-bigote-y-fue-furor-en-las-redes\/","title":{"rendered":"Fernando Alonso se dej\u00f3 el bigote y fue furor en las redes"},"content":{"rendered":"<p><time class=\"createDate\" datetime=\"2025-06-13T21:19:45-03:00\">13\/06\/2025 21:19hs.<\/time><\/p>\n<div id=\"storyBody\">\n<div class=\"custom-text \" readability=\"36.972972972973\">\n<p>Cuando <strong><a href=\"https:\/\/www.ole.com.ar\/tema\/fernando-alonso.html\" title=\"Fernando Alonso\" alt=\"Fernando Alonso\" class=\"slug\">Fernando Alonso<\/a><\/strong> lleg\u00f3 al <strong>Gilles Villeneuve<\/strong>, el escenario en el que se llevar\u00e1 a cabo el <strong>Gran Premio de Canad\u00e1<\/strong> de la <strong><a href=\"https:\/\/www.ole.com.ar\/tema\/formula-1.html\" title=\"F\u00f3rmula 1\" alt=\"F\u00f3rmula 1\" class=\"slug\">F\u00f3rmula 1<\/a><\/strong>, las c\u00e1maras preparadas para retratarlo no estaban listas para lo que enfocaron: <strong>un bigote espeso <\/strong>que destac\u00f3 por sobre una leve barba. Claro, una vez que las fotos vieron la luz, las redes sociales r\u00e1pidamente hicieron lo suyo y<strong> recordaron antiguos estilos<\/strong> del espa\u00f1ol as\u00ed como tambi\u00e9n<strong> encontraron parecidos<\/strong>. Los memes no pod\u00edan faltar.<\/p>\n<\/div>\n<div class=\"custom-text \" readability=\"44\">\n<p>Cuando se trata de personajes con mostacho, uno de los m\u00e1s ic\u00f3nicos es <strong>Mario<\/strong>, el popular plomero de los videojuegos. Sin embargo, <strong>el apuntado para la semejanza fue su hermano, Luigi, que adem\u00e1s de llevar el mencionado vello facial,<\/strong> <strong>viste de verde<\/strong> y no de rojo&#8230; <strong>Al igual que Nano<\/strong>, ya que la escuder\u00eda para la que act\u00faa, Aston Martin, luce ese color.<\/p>\n<\/div>\n<div class=\"custom-text \" readability=\"38\">\n<p>Otro parecido que surgi\u00f3 fue <strong>Chick Hicks<\/strong>, el antagonista del Rayo McQueen en la primera entrega de la trilog\u00eda de <strong>Cars<\/strong>. \u00bfY c\u00f3mo puede ser que una persona se parezca a un auto?<strong> Ambos son corredores, utilizan tonos verdes y ahora tambi\u00e9n los une el bigote<\/strong>, debido a que la parrilla del egoc\u00e9ntrico campe\u00f3n de la Copa Pist\u00f3n simula ser uno.<\/p>\n<\/div>\n<div class=\"custom-text \" readability=\"39\">\n<p>Por supuesto que ver a Alonso con bigotes, remite a aquella \u00e9poca en la que se desempe\u00f1aba bajo la tutela de <strong>Ferrari<\/strong>. Corr\u00eda el a\u00f1o <strong>2013<\/strong> cuando <strong>el espa\u00f1ol sorprendi\u00f3 a m\u00e1s de uno con su nuevo estilo, que constaba de un bigote tan grueso como bien recortado y una perilla que no desentonaba<\/strong>. Al momento de mostrarse las fotos del asturiano en Canad\u00e1, los usuarios de las redes realizaron las comparaciones y se ilusionaron con ver otro pico en la carrera del oriundo de Oviedo, habiendo este pasado la barrera de los 40 a\u00f1os (tiene 43).<\/p>\n<\/div>\n<p><h2><strong>La cuenta oficial de la F\u00f3rmula 1 tambi\u00e9n se hizo eco del nuevo look de Alonso<\/strong><\/h2>\n<\/p>\n<div class=\"custom-text \" readability=\"39\">\n<p>A trav\u00e9s de Instagram, la M\u00e1xima aprovech\u00f3 el revuelo que caus\u00f3 el bigote del volante principal de Aston Martin y <strong>comparti\u00f3 una publicaci\u00f3n con la evoluci\u00f3n de los looks que este fue luciendo a lo largo de su carrera<\/strong>. Para comenzar, como no pod\u00eda ser de otra manera, el estilo de barba mosca (o mouche) que portaba en la temporada que lo vio campe\u00f3n, en <strong>2006<\/strong>. La misma se trata de un peque\u00f1o parche de vello facial entre el labio inferior y el ment\u00f3n.<\/p>\n<\/div>\n<div class=\"custom-text \" readability=\"39\">\n<p>Despu\u00e9s vienen las distintas apariencias que port\u00f3 durante su estad\u00eda como piloto de Ferrari: <strong>la barba completa, el bigote con perilla y un vello completo a\u00fan m\u00e1s abundante que el primero<\/strong>. Desde entonces, vivi\u00f3 una carrera bien variada (volvi\u00f3 a McLaren, a Renault y pas\u00f3 por Alpine para terminar cayendo en Aston Martin), pero con una constante: sus cambios de estilo facial.<\/p>\n<\/div>\n<div class=\"sc-e7b891c4-0 ifHnQL image-embed\"><img alt=\"La foto que comparti\u00f3 la F1 de cuando Alonso corr\u00eda para Ferrari y llevaba un estilo que sorprendi\u00f3. (Foto: F1)\" loading=\"lazy\" width=\"720\" height=\"100\" decoding=\"async\" data-nimg=\"1\" src=\"http:\/\/nuevacordoba.net\/wp-content\/uploads\/2025\/06\/fernando-alonso-se-dejo-el-bigote-y-fue-furor-en-las-redes.jpg\"><span class=\"epigraphe\">La foto que comparti\u00f3 la F1 de cuando Alonso corr\u00eda para Ferrari y llevaba un estilo que sorprendi\u00f3. (Foto: F1)<\/span><\/div>\n<div class=\"sc-a7166897-0 eoLsBE\" readability=\"7\">\n<section readability=\"4\"><picture><img alt=\"Qu\u00e9 dijo Pierre Gasly, compa\u00f1ero de Colapinto, en la previa al GP de Canad\u00e1\" loading=\"lazy\" width=\"290\" height=\"290\" decoding=\"async\" data-nimg=\"1\" src=\"http:\/\/nuevacordoba.net\/wp-content\/uploads\/2025\/06\/fernando-alonso-se-dejo-el-bigote-y-fue-furor-en-las-redes-1.jpg\"><\/picture>\n<p><span>Mir\u00e1 tambi\u00e9n<\/span><\/p>\n<hr>\n<h3>Qu\u00e9 dijo Pierre Gasly, compa\u00f1ero de Colapinto, en la previa al GP de Canad\u00e1<\/h3>\n<\/p>\n<\/section>\n<\/div>\n<div class=\"sc-a7166897-0 eoLsBE\" readability=\"6\">\n<section readability=\"2\"><picture><img alt=\"Un expiloto de F\u00f3rmula 1 apunt\u00f3 contra Franco Colapinto: &quot;Perdi\u00f3 la cabeza&quot;\" loading=\"lazy\" width=\"290\" height=\"290\" decoding=\"async\" data-nimg=\"1\" src=\"http:\/\/nuevacordoba.net\/wp-content\/uploads\/2025\/06\/fernando-alonso-se-dejo-el-bigote-y-fue-furor-en-las-redes-2.jpg\"><\/picture>\n<p><span>Mir\u00e1 tambi\u00e9n<\/span><\/p>\n<hr>\n<h3>Un expiloto de F\u00f3rmula 1 apunt\u00f3 contra Franco Colapinto: \u00abPerdi\u00f3 la cabeza\u00bb<\/h3>\n<\/p>\n<\/section>\n<\/div>\n<div class=\"sc-a7166897-0 eoLsBE\" readability=\"6\">\n<section readability=\"2\"><picture><img alt=\"Como Hamilton: la llamativa llegada de Colapinto al paddock en Canad\u00e1\" loading=\"lazy\" width=\"290\" height=\"290\" decoding=\"async\" data-nimg=\"1\" src=\"http:\/\/nuevacordoba.net\/wp-content\/uploads\/2025\/06\/fernando-alonso-se-dejo-el-bigote-y-fue-furor-en-las-redes-3.jpg\"><\/picture>\n<p><span>Mir\u00e1 tambi\u00e9n<\/span><\/p>\n<hr>\n<h3>Como Hamilton: la llamativa llegada de Colapinto al paddock en Canad\u00e1<\/h3>\n<\/p>\n<\/section>\n<\/div>\n<div class=\"sc-a7166897-0 eoLsBE\" readability=\"6.5\">\n<section readability=\"3\"><picture><img alt=\"El piloto de F\u00f3rmula 1 que sufri\u00f3 un robo y estuvo a punto de perderse el Gran Premio de Canad\u00e1\" loading=\"lazy\" width=\"290\" height=\"290\" decoding=\"async\" data-nimg=\"1\" src=\"http:\/\/nuevacordoba.net\/wp-content\/uploads\/2025\/06\/fernando-alonso-se-dejo-el-bigote-y-fue-furor-en-las-redes-4.jpg\"><\/picture>\n<p><span>Mir\u00e1 tambi\u00e9n<\/span><\/p>\n<hr>\n<h3>El piloto de F\u00f3rmula 1 que sufri\u00f3 un robo y estuvo a punto de perderse el Gran Premio de Canad\u00e1<\/h3>\n<\/p>\n<\/section>\n<\/div>\n<\/div>\n","protected":false},"excerpt":{"rendered":"<p>13\/06\/2025 21:19hs. Cuando Fernando Alonso lleg\u00f3 al Gilles Villeneuve, el escenario en el que se llevar\u00e1 a cabo el Gran Premio de Canad\u00e1 de la F\u00f3rmula 1, las c\u00e1maras preparadas para retratarlo no estaban listas para lo que enfocaron: un bigote espeso que destac\u00f3 por sobre una leve barba. Claro, una vez que las fotos [&hellip;]<\/p>\n","protected":false},"author":1,"featured_media":59991,"comment_status":"closed","ping_status":"closed","sticky":false,"template":"","format":"standard","meta":[],"categories":[10],"tags":[],"_links":{"self":[{"href":"http:\/\/nuevacordoba.net\/index.php\/wp-json\/wp\/v2\/posts\/59990"}],"collection":[{"href":"http:\/\/nuevacordoba.net\/index.php\/wp-json\/wp\/v2\/posts"}],"about":[{"href":"http:\/\/nuevacordoba.net\/index.php\/wp-json\/wp\/v2\/types\/post"}],"author":[{"embeddable":true,"href":"http:\/\/nuevacordoba.net\/index.php\/wp-json\/wp\/v2\/users\/1"}],"replies":[{"embeddable":true,"href":"http:\/\/nuevacordoba.net\/index.php\/wp-json\/wp\/v2\/comments?post=59990"}],"version-history":[{"count":0,"href":"http:\/\/nuevacordoba.net\/index.php\/wp-json\/wp\/v2\/posts\/59990\/revisions"}],"wp:featuredmedia":[{"embeddable":true,"href":"http:\/\/nuevacordoba.net\/index.php\/wp-json\/wp\/v2\/media\/59991"}],"wp:attachment":[{"href":"http:\/\/nuevacordoba.net\/index.php\/wp-json\/wp\/v2\/media?parent=59990"}],"wp:term":[{"taxonomy":"category","embeddable":true,"href":"http:\/\/nuevacordoba.net\/index.php\/wp-json\/wp\/v2\/categories?post=59990"},{"taxonomy":"post_tag","embeddable":true,"href":"http:\/\/nuevacordoba.net\/index.php\/wp-json\/wp\/v2\/tags?post=59990"}],"curies":[{"name":"wp","href":"https:\/\/api.w.org\/{rel}","templated":true}]}}