{"id":59994,"date":"2025-06-13T03:02:55","date_gmt":"2025-06-13T03:02:55","guid":{"rendered":"https:\/\/puntoapunto.com.ar\/?p=373978"},"modified":"2025-06-13T03:02:55","modified_gmt":"2025-06-13T03:02:55","slug":"justicia-bajo-la-lupa-y-politica-dividida-el-caso-cfk-segun-la-opinion-publica","status":"publish","type":"post","link":"http:\/\/nuevacordoba.net\/index.php\/2025\/06\/13\/justicia-bajo-la-lupa-y-politica-dividida-el-caso-cfk-segun-la-opinion-publica\/","title":{"rendered":"Justicia bajo la lupa y pol\u00edtica dividida: el caso CFK seg\u00fan la opini\u00f3n p\u00fablica"},"content":{"rendered":"<p data-start=\"811\" data-end=\"1291\">Un reciente estudio de opini\u00f3n p\u00fablica realizado por la consultora <strong>Zuban C\u00f3rdoba<\/strong> expone una paradoja que atraviesa a la Argentina: <strong>m\u00e1s del 50% de los encuestados cree que<a href=\"https:\/\/puntoapunto.com.ar\/cristina-kirchner-condenada-la-corte-suprema-confirmo-la-pena-de-6-anos-de-prision-y-la-inhabilitacion-para-cargos-publicos\/\"> Cristina Fern\u00e1ndez de Kirchner<\/a> es culpable y que debe ir presa, pero al mismo tiempo, el 46,5% desconf\u00eda de la Justicia y la considera deshonesta.<\/strong><!-- \u00a1O bien no hay banners, estan desactivados o no estan programados para esta ubicaci\u00f3n! -->\n<\/p>\n<p data-start=\"1293\" data-end=\"1776\">La polarizaci\u00f3n es total. El voto en el balotaje de 2023 funciona como una clave interpretativa central. Entre quienes votaron a Javier Milei, el 94,5% cree que CFK debe ir presa, mientras que entre los votantes de Sergio Massa, ese n\u00famero se reduce al 5,5%. La percepci\u00f3n de culpabilidad tambi\u00e9n se refleja en la evaluaci\u00f3n de la justicia:<strong> el 88,7% de los votantes de Milei cree que actu\u00f3 de manera honesta, frente al 95,5% de los votantes de Massa que considera que fue deshonesta<\/strong>.\n<\/p>\n<p data-start=\"1293\" data-end=\"1776\"><img decoding=\"async\" class=\"aligncenter size-full wp-image-373980\" src=\"http:\/\/nuevacordoba.net\/wp-content\/uploads\/2025\/06\/justicia-bajo-la-lupa-y-politica-dividida-el-caso-cfk-segun-la-opinion-publica.jpg\" alt width=\"1080\" height=\"1350\" srcset=\"http:\/\/nuevacordoba.net\/wp-content\/uploads\/2025\/06\/justicia-bajo-la-lupa-y-politica-dividida-el-caso-cfk-segun-la-opinion-publica.jpg 1080w, http:\/\/nuevacordoba.net\/wp-content\/uploads\/2025\/06\/justicia-bajo-la-lupa-y-politica-dividida-el-caso-cfk-segun-la-opinion-publica-3.jpg 240w, http:\/\/nuevacordoba.net\/wp-content\/uploads\/2025\/06\/justicia-bajo-la-lupa-y-politica-dividida-el-caso-cfk-segun-la-opinion-publica-4.jpg 819w, http:\/\/nuevacordoba.net\/wp-content\/uploads\/2025\/06\/justicia-bajo-la-lupa-y-politica-dividida-el-caso-cfk-segun-la-opinion-publica-5.jpg 768w, http:\/\/nuevacordoba.net\/wp-content\/uploads\/2025\/06\/justicia-bajo-la-lupa-y-politica-dividida-el-caso-cfk-segun-la-opinion-publica-6.jpg 750w\" sizes=\"(max-width: 1080px) 100vw, 1080px\" loading=\"lazy\"> En t\u00e9rminos generacionales,<strong> los mayores de 60 a\u00f1os son quienes m\u00e1s apoyan la condena: un 70,9% la considera culpable, frente a un 43% de los j\u00f3venes entre 16 y 30 a\u00f1os<\/strong>. Estos \u00faltimos, adem\u00e1s, son los m\u00e1s proclives a expresar dudas: el 10,4% dice no saber si es culpable o inocente, frente al 6,3% de los mayores.\n<\/p>\n<p data-start=\"2092\" data-end=\"2378\">Otra cifra reveladora: <strong>el 51,7% de los encuestados admite que le genera dudas que la condena a Cristina haya ocurrido a solo un mes del cierre de listas en la provincia de Buenos Aires<\/strong>, en lo que parece ser un cuestionamiento impl\u00edcito a la sincron\u00eda pol\u00edtica de los tiempos judiciales.\n<\/p>\n<p data-start=\"2092\" data-end=\"2378\">Sin embargo, el 4<strong>6,5% desconf\u00eda de la Justicia&nbsp;<\/strong>y cree que actu\u00f3 de manera<strong>&nbsp;deshonesta<\/strong>. La grieta en todo su esplendor. En tanto, el<strong>56,6% no cree que \u00aben Argentina somos iguales ante la ley\u00bb&nbsp;<\/strong>y el 75% est\u00e1 en desacuerdo con la designaci\u00f3n de jueces de la Corte por decreto presidencial.<!-- \u00a1O bien no hay banners, estan desactivados o no estan programados para esta ubicaci\u00f3n! -->\n<\/p>\n<p data-start=\"2092\" data-end=\"2378\"><img loading=\"lazy\" decoding=\"async\" class=\"aligncenter size-full wp-image-373981\" src=\"http:\/\/nuevacordoba.net\/wp-content\/uploads\/2025\/06\/justicia-bajo-la-lupa-y-politica-dividida-el-caso-cfk-segun-la-opinion-publica-1.jpg\" alt width=\"1080\" height=\"1350\" srcset=\"http:\/\/nuevacordoba.net\/wp-content\/uploads\/2025\/06\/justicia-bajo-la-lupa-y-politica-dividida-el-caso-cfk-segun-la-opinion-publica-1.jpg 1080w, http:\/\/nuevacordoba.net\/wp-content\/uploads\/2025\/06\/justicia-bajo-la-lupa-y-politica-dividida-el-caso-cfk-segun-la-opinion-publica-7.jpg 240w, http:\/\/nuevacordoba.net\/wp-content\/uploads\/2025\/06\/justicia-bajo-la-lupa-y-politica-dividida-el-caso-cfk-segun-la-opinion-publica-8.jpg 819w, http:\/\/nuevacordoba.net\/wp-content\/uploads\/2025\/06\/justicia-bajo-la-lupa-y-politica-dividida-el-caso-cfk-segun-la-opinion-publica-9.jpg 768w, http:\/\/nuevacordoba.net\/wp-content\/uploads\/2025\/06\/justicia-bajo-la-lupa-y-politica-dividida-el-caso-cfk-segun-la-opinion-publica-10.jpg 750w\" sizes=\"auto, (max-width: 1080px) 100vw, 1080px\"><\/p>\n<p data-start=\"2380\" data-end=\"2684\">El descr\u00e9dito hacia el Poder Judicial se expresa en otras respuestas: el 61,1% cree que los jueces deber\u00edan ser elegidos por voto popular, y un abrumador 76,4% rechaza que puedan ser designados por decreto presidencial. La justicia, entonces, aparece como un actor clave pero profundamente deslegitimado.\n<picture><source srcset=\"https:\/\/fotos.perfil.com\/\/2025\/06\/12\/440\/0\/encuesta-cristina-kirchner-2041757.jpg?webp\" media=\"(max-width: 440px)\"><source srcset=\"https:\/\/fotos.perfil.com\/\/2025\/06\/12\/712\/0\/encuesta-cristina-kirchner-2041757.jpg?webp\" media=\"(max-width: 1019px)\"><\/picture><\/p>\n<p data-start=\"2686\" data-end=\"3107\">Zuban C\u00f3rdoba sintetiza esta paradoja con una frase que atraviesa todo el <a href=\"https:\/\/zubancordoba.com\/portfolio\/informe-nacional-junio-2025\/\">informe<\/a>: <em data-start=\"2769\" data-end=\"2881\">\u201c<strong>El electorado quiere justicia, pero no le cree a los jueces; quiere condenas, pero duda de los condenadores.\u201d<\/strong><\/em> En ese contexto, Cristina Fern\u00e1ndez de Kirchner emerge como un s\u00edmbolo doble: activa pasiones y rechazos por igual, y su figura revela una matriz emocional donde se mezcla el clamor punitivo con la desconfianza institucional.\n<\/p>\n<p data-start=\"2686\" data-end=\"3107\"><img loading=\"lazy\" decoding=\"async\" class=\"aligncenter size-full wp-image-373982\" src=\"http:\/\/nuevacordoba.net\/wp-content\/uploads\/2025\/06\/justicia-bajo-la-lupa-y-politica-dividida-el-caso-cfk-segun-la-opinion-publica-2.jpg\" alt width=\"1080\" height=\"1350\" srcset=\"http:\/\/nuevacordoba.net\/wp-content\/uploads\/2025\/06\/justicia-bajo-la-lupa-y-politica-dividida-el-caso-cfk-segun-la-opinion-publica-2.jpg 1080w, http:\/\/nuevacordoba.net\/wp-content\/uploads\/2025\/06\/justicia-bajo-la-lupa-y-politica-dividida-el-caso-cfk-segun-la-opinion-publica-11.jpg 240w, http:\/\/nuevacordoba.net\/wp-content\/uploads\/2025\/06\/justicia-bajo-la-lupa-y-politica-dividida-el-caso-cfk-segun-la-opinion-publica-12.jpg 819w, http:\/\/nuevacordoba.net\/wp-content\/uploads\/2025\/06\/justicia-bajo-la-lupa-y-politica-dividida-el-caso-cfk-segun-la-opinion-publica-13.jpg 768w, http:\/\/nuevacordoba.net\/wp-content\/uploads\/2025\/06\/justicia-bajo-la-lupa-y-politica-dividida-el-caso-cfk-segun-la-opinion-publica-14.jpg 750w\" sizes=\"auto, (max-width: 1080px) 100vw, 1080px\">\n<\/p>\n<p data-start=\"3109\" data-end=\"3496\">El estudio concluye que \u201cla pol\u00edtica argentina debe readecuar sus posiciones frente a este nuevo escenario de polarizaci\u00f3n total\u201d. La condena a CFK parece haber sepultado definitivamente la \u201cavenida del medio\u201d, aquel espacio de equilibrio que durante a\u00f1os algunos intentaron construir sin \u00e9xito. La grieta no solo persiste: se profundiza, se reactualiza y condiciona el futuro inmediato.\n<\/p>\n<div class=\"g g-38\">\n<div class=\"g-dyn a-12 c-1\"><a class=\"gofollow\" data-track=\"MTIsMzgsMSw2MA==\" href=\"https:\/\/www.farmaciashpfarma.com.ar\/blog\/institucional\/beneficios-corporativos-en-campana-antigripal.html\" target=\"_blank\" rel=\"noopener\"><img src=\"http:\/\/nuevacordoba.net\/wp-content\/uploads\/2025\/06\/justicia-bajo-la-lupa-y-politica-dividida-el-caso-cfk-segun-la-opinion-publica.gif\" loading=\"lazy\"><\/a><\/div>\n<\/div>\n","protected":false},"excerpt":{"rendered":"<p>Un reciente estudio de opini\u00f3n p\u00fablica realizado por la consultora Zuban C\u00f3rdoba expone una paradoja que atraviesa a la Argentina: m\u00e1s del 50% de los encuestados cree que Cristina Fern\u00e1ndez de Kirchner es culpable y que debe ir presa, pero al mismo tiempo, el 46,5% desconf\u00eda de la Justicia y la considera deshonesta. La polarizaci\u00f3n [&hellip;]<\/p>\n","protected":false},"author":1,"featured_media":59995,"comment_status":"open","ping_status":"closed","sticky":false,"template":"","format":"standard","meta":[],"categories":[12,14],"tags":[],"_links":{"self":[{"href":"http:\/\/nuevacordoba.net\/index.php\/wp-json\/wp\/v2\/posts\/59994"}],"collection":[{"href":"http:\/\/nuevacordoba.net\/index.php\/wp-json\/wp\/v2\/posts"}],"about":[{"href":"http:\/\/nuevacordoba.net\/index.php\/wp-json\/wp\/v2\/types\/post"}],"author":[{"embeddable":true,"href":"http:\/\/nuevacordoba.net\/index.php\/wp-json\/wp\/v2\/users\/1"}],"replies":[{"embeddable":true,"href":"http:\/\/nuevacordoba.net\/index.php\/wp-json\/wp\/v2\/comments?post=59994"}],"version-history":[{"count":0,"href":"http:\/\/nuevacordoba.net\/index.php\/wp-json\/wp\/v2\/posts\/59994\/revisions"}],"wp:featuredmedia":[{"embeddable":true,"href":"http:\/\/nuevacordoba.net\/index.php\/wp-json\/wp\/v2\/media\/59995"}],"wp:attachment":[{"href":"http:\/\/nuevacordoba.net\/index.php\/wp-json\/wp\/v2\/media?parent=59994"}],"wp:term":[{"taxonomy":"category","embeddable":true,"href":"http:\/\/nuevacordoba.net\/index.php\/wp-json\/wp\/v2\/categories?post=59994"},{"taxonomy":"post_tag","embeddable":true,"href":"http:\/\/nuevacordoba.net\/index.php\/wp-json\/wp\/v2\/tags?post=59994"}],"curies":[{"name":"wp","href":"https:\/\/api.w.org\/{rel}","templated":true}]}}