{"id":60043,"date":"2025-06-14T23:34:21","date_gmt":"2025-06-14T23:34:21","guid":{"rendered":"https:\/\/www.ole.com.ar\/autos\/dijo-flavio-briatore-colapinto-mejor-qualy-alpine_0_iMKAB8avlr.html"},"modified":"2025-06-14T23:34:21","modified_gmt":"2025-06-14T23:34:21","slug":"que-dijo-flavio-briatore-sobre-colapinto-tras-la-mejor-qualy-con-el-alpine","status":"publish","type":"post","link":"http:\/\/nuevacordoba.net\/index.php\/2025\/06\/14\/que-dijo-flavio-briatore-sobre-colapinto-tras-la-mejor-qualy-con-el-alpine\/","title":{"rendered":"Qu\u00e9 dijo Flavio Briatore sobre Colapinto tras la mejor qualy con el Alpine"},"content":{"rendered":"<p><span class=\"createDate\">14\/06\/2025 20:34hs.<\/span><time class=\"modificatedDate\" datetime=\"2025-06-14T20:47:19-03:00\"> Actualizado al 14\/06\/2025 20:47hs.<\/time><\/p>\n<div id=\"storyBody\">\n<div class=\"custom-text \" readability=\"37\">\n<p><strong>Luego de consumarse la mejor clasificaci\u00f3n por parte de Franco Colapinto<\/strong> en lo que va de temporada a bordo del Alpine en el Gran Premio de Canad\u00e1. <strong>El l\u00edder de la escuder\u00eda francesa, Flavio Briatore se refiri\u00f3 a lo hecho por el pilarense y tambi\u00e9n sobre lo que hizo Pierre Gasly<\/strong>, quien no tuvo una gran jornada ya que no pudo superar el corte de la Q1 y largar\u00e1 desde el fondo de la parrilla.<\/p>\n<\/div>\n<p><h2><strong>Qu\u00e9 dijo Briatore tras la qualy de Colapinto en el GP de Canad\u00e1<\/strong><\/h2>\n<\/p>\n<div class=\"custom-text \" readability=\"39\">\n<p><strong>Briatore, <\/strong>tras la clasificaci\u00f3n en el circuito canadiense, se\u00f1al\u00f3: \u00abEl coche ten\u00eda potencial para un resultado mucho mejor hoy. <strong>Franco (Colapinto) hizo un buen trabajo ejecutando la sesi\u00f3n con eficiencia, cogiendo ritmo r\u00e1pidamente.<\/strong> As\u00ed que quiz\u00e1s un mejor resultado era posible, incluso si ma\u00f1ana (domingo) <strong>partimos desde el d\u00e9cimo puesto en la parrilla debido a las penalizaciones a otros coches\u00bb.<\/strong><\/p>\n<\/div>\n<div class=\"sc-e7b891c4-0 ifHnQL image-embed\"><img alt=\"Flavio Briatore elogi\u00f3 el gran rendimiento de Colapinto en la qualy del GP canadiense.\" loading=\"lazy\" width=\"720\" height=\"100\" decoding=\"async\" data-nimg=\"1\" src=\"http:\/\/nuevacordoba.net\/wp-content\/uploads\/2025\/06\/que-dijo-flavio-briatore-sobre-colapinto-tras-la-mejor-qualy-con-el-alpine.jpg\"><span class=\"epigraphe\">Flavio Briatore elogi\u00f3 el gran rendimiento de Colapinto en la qualy del GP canadiense.<\/span><\/div>\n<div class=\"custom-text \" readability=\"39\">\n<p><strong>A su vez,<\/strong> el italiano de 75 a\u00f1os agreg\u00f3: <strong>\u00abPierre (Gasly) ten\u00eda potencial para marcar un buen tiempo en la Q1 antes de la bandera roja,<\/strong> lo que le habr\u00eda permitido avanzar c\u00f3modamente a la Q2. Esto nos deja aspectos por revisar, ya que siempre debemos aspirar a la perfecci\u00f3n en todos los frentes, y hoy no lo logramos. <strong>Ma\u00f1ana debemos ejecutar todo mejor y ver si podemos maximizar el ritmo del coche para entrar en los puntos\u00bb.<\/strong><\/p>\n<\/div>\n<p><h2><strong>Qu\u00e9 dijo Colapinto luego de su mejor qualy en el Alpine<\/strong><\/h2>\n<\/p>\n<div class=\"custom-text \" readability=\"43\">\n<p><strong>Colapinto, tras firmar su mejor clasificaci\u00f3n a bordo del Alpine, <\/strong>analiz\u00f3 las claves del salto de rendimiento:<strong> \u00abEstuvimos yendo en otra direcci\u00f3n y volvimos a lo que pensamos que funcionaba.<\/strong> El simulador nos muestra un panorama diferente al que sentimos en la pista, y eso nos hizo perder los \u00faltimos fines de semana. <strong>Hicimos una apuesta arriesgada porque era un cambio grande. <\/strong>Hab\u00eda algo raro, porque cuando est\u00e1s tan lejos suele ser por la confianza del piloto: no pod\u00e9s empujar, el auto hace cosas raras. Lo vimos en la data, mejoramos y fue m\u00e9rito del equipo seguir trabajando.<strong> Ayer est\u00e1bamos muy lejos y hoy, muy cerca de la Q3. Sin ese besito a la pared, entr\u00e1bamos. Estoy contento. Ma\u00f1ana (domingo) es el d\u00eda m\u00e1s importante\u00bb.<\/strong><\/p>\n<\/div>\n<div class=\"sc-e7b891c4-0 ifHnQL image-embed\"><img alt=\"As\u00ed v\u00f3l\u00f3 Colapinto en la qualy del GP de Canad\u00e1.\nFoto:@AlpineF1Team - FTP CLARIN @AlpineF1Team.jpg Z Bairo\" loading=\"lazy\" width=\"720\" height=\"100\" decoding=\"async\" data-nimg=\"1\" src=\"http:\/\/nuevacordoba.net\/wp-content\/uploads\/2025\/06\/que-dijo-flavio-briatore-sobre-colapinto-tras-la-mejor-qualy-con-el-alpine-1.jpg\"><span class=\"epigraphe\">As\u00ed v\u00f3l\u00f3 Colapinto en la qualy del GP de Canad\u00e1.<br \/>\nFoto:@AlpineF1Team &#8211; FTP CLARIN @AlpineF1Team.jpg Z Bairo<\/span><\/div>\n<div class=\"custom-text \" readability=\"43\">\n<p><strong>El pilarense, <\/strong>al enterarse por radio de que no hab\u00eda logrado el pase a la Q3, <strong>no dud\u00f3 en disculparse con su equipo: \u00abPerd\u00f3n por eso, podr\u00eda haber sido una Q3. Perd\u00f3n.\u00bb <\/strong>Luego, con un tono m\u00e1s optimista, agreg\u00f3: \u00abFue una buena qualy. <strong>Los ingenieros empujaron y se lo merecen. Es importante para m\u00ed, estoy contento de haber rendido bajo presi\u00f3n. Gran trabajo de todos. <\/strong>Largando ah\u00ed, hay oportunidades. Se puede llegar a los puntos. Hay que ver el ritmo, hacer una buena largada e ir para adelante.\u00bb<\/p>\n<\/div>\n<div class=\"custom-text \" readability=\"44\">\n<p><strong>Y para cerrar,<\/strong> pese a haber conseguido su mejor clasificaci\u00f3n esta temporada, Colapinto reconoci\u00f3 que a\u00fan le cuesta adaptarse del todo al monoplaza: <strong>\u00abHicimos muchos cambios con respecto a lo de ayer. Fuimos paso a paso, no hay que volverse locos. Es un auto complicado, tiene que estar perfecto: si no, no rinde y es dif\u00edcil de manejar.<\/strong> Rebota mucho, gan\u00e1s grip, lo perd\u00e9s, lo volv\u00e9s a ganar&#8230; y lo volv\u00e9s a perder. Es complicado pasar por arriba de los pianos, eso le saca confianza al piloto. <strong>Hay que seguir trabajando. El finde acaba de empezar y puede ser una buena carrera ma\u00f1ana (domingo)\u00bb.<\/strong><\/p>\n<\/div>\n<div class=\"sc-a7166897-0 eoLsBE\" readability=\"6\">\n<section readability=\"2\"><picture><img alt=\"Urgente: cambia la grilla del GP de Canad\u00e1 y Franco Colapinto mejora su posici\u00f3n\" loading=\"lazy\" width=\"290\" height=\"290\" decoding=\"async\" data-nimg=\"1\" src=\"http:\/\/nuevacordoba.net\/wp-content\/uploads\/2025\/06\/que-dijo-flavio-briatore-sobre-colapinto-tras-la-mejor-qualy-con-el-alpine-2.jpg\"><\/picture>\n<p><span>Mir\u00e1 tambi\u00e9n<\/span><\/p>\n<hr>\n<h3>Urgente: cambia la grilla del GP de Canad\u00e1 y Franco Colapinto mejora su posici\u00f3n<\/h3>\n<\/p>\n<\/section>\n<\/div>\n<div class=\"sc-a7166897-0 eoLsBE\" readability=\"6\">\n<section readability=\"2\"><picture><img alt=\"Video: la felicitaci\u00f3n de los mec\u00e1nicos a Colapinto y el elogio que les dedic\u00f3\" loading=\"lazy\" width=\"290\" height=\"290\" decoding=\"async\" data-nimg=\"1\" src=\"http:\/\/nuevacordoba.net\/wp-content\/uploads\/2025\/06\/que-dijo-flavio-briatore-sobre-colapinto-tras-la-mejor-qualy-con-el-alpine-3.jpg\"><\/picture>\n<p><span>Mir\u00e1 tambi\u00e9n<\/span><\/p>\n<hr>\n<h3>Video: la felicitaci\u00f3n de los mec\u00e1nicos a Colapinto y el elogio que les dedic\u00f3<\/h3>\n<\/p>\n<\/section>\n<\/div>\n<div class=\"sc-a7166897-0 eoLsBE\" readability=\"6.5\">\n<section readability=\"3\"><picture><img alt=\"Video: As\u00ed fue la gran vuelta de Franco Colapinto que lo meti\u00f3 en la Q2 del GP de Canad\u00e1\" loading=\"lazy\" width=\"290\" height=\"290\" decoding=\"async\" data-nimg=\"1\" src=\"http:\/\/nuevacordoba.net\/wp-content\/uploads\/2025\/06\/que-dijo-flavio-briatore-sobre-colapinto-tras-la-mejor-qualy-con-el-alpine-4.jpg\"><\/picture>\n<p><span>Mir\u00e1 tambi\u00e9n<\/span><\/p>\n<hr>\n<h3>Video: As\u00ed fue la gran vuelta de Franco Colapinto que lo meti\u00f3 en la Q2 del GP de Canad\u00e1<\/h3>\n<\/p>\n<\/section>\n<\/div>\n<\/div>\n","protected":false},"excerpt":{"rendered":"<p>14\/06\/2025 20:34hs. Actualizado al 14\/06\/2025 20:47hs. Luego de consumarse la mejor clasificaci\u00f3n por parte de Franco Colapinto en lo que va de temporada a bordo del Alpine en el Gran Premio de Canad\u00e1. El l\u00edder de la escuder\u00eda francesa, Flavio Briatore se refiri\u00f3 a lo hecho por el pilarense y tambi\u00e9n sobre lo que hizo [&hellip;]<\/p>\n","protected":false},"author":1,"featured_media":60044,"comment_status":"closed","ping_status":"closed","sticky":false,"template":"","format":"standard","meta":[],"categories":[10],"tags":[],"_links":{"self":[{"href":"http:\/\/nuevacordoba.net\/index.php\/wp-json\/wp\/v2\/posts\/60043"}],"collection":[{"href":"http:\/\/nuevacordoba.net\/index.php\/wp-json\/wp\/v2\/posts"}],"about":[{"href":"http:\/\/nuevacordoba.net\/index.php\/wp-json\/wp\/v2\/types\/post"}],"author":[{"embeddable":true,"href":"http:\/\/nuevacordoba.net\/index.php\/wp-json\/wp\/v2\/users\/1"}],"replies":[{"embeddable":true,"href":"http:\/\/nuevacordoba.net\/index.php\/wp-json\/wp\/v2\/comments?post=60043"}],"version-history":[{"count":0,"href":"http:\/\/nuevacordoba.net\/index.php\/wp-json\/wp\/v2\/posts\/60043\/revisions"}],"wp:featuredmedia":[{"embeddable":true,"href":"http:\/\/nuevacordoba.net\/index.php\/wp-json\/wp\/v2\/media\/60044"}],"wp:attachment":[{"href":"http:\/\/nuevacordoba.net\/index.php\/wp-json\/wp\/v2\/media?parent=60043"}],"wp:term":[{"taxonomy":"category","embeddable":true,"href":"http:\/\/nuevacordoba.net\/index.php\/wp-json\/wp\/v2\/categories?post=60043"},{"taxonomy":"post_tag","embeddable":true,"href":"http:\/\/nuevacordoba.net\/index.php\/wp-json\/wp\/v2\/tags?post=60043"}],"curies":[{"name":"wp","href":"https:\/\/api.w.org\/{rel}","templated":true}]}}