{"id":60088,"date":"2025-06-16T00:50:29","date_gmt":"2025-06-16T00:50:29","guid":{"rendered":"https:\/\/www.ole.com.ar\/autos\/franco-colapinto-mantuvo-puesto-canada-formula-1_0_NdzjqjVrWR.html"},"modified":"2025-06-16T00:50:29","modified_gmt":"2025-06-16T00:50:29","slug":"fallaron-los-escritorios-y-franco-colapinto-quedo-como-estaba-en-canada","status":"publish","type":"post","link":"http:\/\/nuevacordoba.net\/index.php\/2025\/06\/16\/fallaron-los-escritorios-y-franco-colapinto-quedo-como-estaba-en-canada\/","title":{"rendered":"Fallaron los escritorios y Franco Colapinto qued\u00f3 como estaba en Canad\u00e1"},"content":{"rendered":"<p><time class=\"createDate\" datetime=\"2025-06-15T21:50:29-03:00\">15\/06\/2025 21:50hs.<\/time><\/p>\n<div id=\"storyBody\">\n<div class=\"custom-text \" readability=\"34.843450479233\">\n<p>Se dijo el s\u00e1bado que las carreras de <strong><a href=\"https:\/\/www.ole.com.ar\/tema\/formula-1.html\" title=\"F\u00f3rmula 1\" alt=\"F\u00f3rmula 1\" class=\"slug\">F\u00f3rmula 1<\/a><\/strong> no terminan con la bandera de cuadros, sino cuando los comisarios deportivos guardan sus carpetas luego de analizar la prueba. De hecho, <strong><a href=\"https:\/\/www.ole.com.ar\/tema\/franco-colapinto.html\" title=\"Franco Colapinto\" alt=\"Franco Colapinto\" class=\"slug\">Franco Colapinto<\/a><\/strong> hab\u00eda sido 12\u00b0 en la clasificaci\u00f3n, pero larg\u00f3 10\u00b0 por las penalizaciones a <strong>Yuki Tsunoda<\/strong> e <strong>Isack Hadjar<\/strong>.<\/p>\n<\/div>\n<div class=\"sc-e7b891c4-0 ifHnQL image-embed\"><img alt=\"Franco Colapinto.\" loading=\"lazy\" width=\"720\" height=\"100\" decoding=\"async\" data-nimg=\"1\" src=\"http:\/\/nuevacordoba.net\/wp-content\/uploads\/2025\/06\/fallaron-los-escritorios-y-franco-colapinto-quedo-como-estaba-en-canada.jpg\"><span class=\"epigraphe\">Franco Colapinto.<\/span><\/div>\n<div class=\"custom-text \" readability=\"36.416403785489\">\n<p>Algo similar ocurri\u00f3 en la carrera de este domingo, <a href=\"https:\/\/www.ole.com.ar\/autos\/franco-colapinto-gp-canada-horario-ve-carrera-vivo-hoy-tv-online_0_uhAlMzrd3D.html\" target=\"_self\" title=\"con el argentino 13\u00b0\" alt=\"con el argentino 13\u00b0\" rel=\"noopener\">con el argentino 13\u00b0<\/a>, pero no se pod\u00eda confirmar que fuese su ubicaci\u00f3n final, ya que la FIA mand\u00f3 una serie de advertencias. Estas se apuntaban a tres pilotos que terminaron por delante de \u00e9l: <strong>Esteban Ocon (9\u00b0), Carlos Sainz (10\u00b0) y Oliver Bearman (11\u00b0) <\/strong>.<\/p>\n<\/div>\n<p><h2>Las investigaciones de la FIA<\/h2>\n<\/p>\n<div class=\"custom-text \" readability=\"37\">\n<p>En cuanto a Bearman, la investigaci\u00f3n es fue \u00abpresunta infracci\u00f3n del Art\u00edculo 12.2.1 i) del C\u00f3digo Deportivo Internacional e incumplimiento de la Nota del Director de Carrera (Punto 1, documento 19): reincorporaci\u00f3n a la pista en la curva 14\u00bb. Al cabo, solo fue advertido.<\/p>\n<\/div>\n<div class=\"sc-e7b891c4-0 ifHnQL image-embed\"><img alt=\"Esteban y Carlos Sainz, advertidos (EFE).\" loading=\"lazy\" width=\"720\" height=\"100\" decoding=\"async\" data-nimg=\"1\" src=\"http:\/\/nuevacordoba.net\/wp-content\/uploads\/2025\/06\/fallaron-los-escritorios-y-franco-colapinto-quedo-como-estaba-en-canada-1.jpg\"><span class=\"epigraphe\">Esteban y Carlos Sainz, advertidos (EFE).<\/span><\/div>\n<div class=\"custom-text \" readability=\"36\">\n<p>A Ocon le cab\u00eda la \u00abpresunta infracci\u00f3n del Ap\u00e9ndice L, Cap\u00edtulo IV, Art\u00edculo 2 e) del C\u00f3digo Deportivo Internacional. <strong>El coche circula de forma err\u00e1tica en la salida de boxes<\/strong>\u00ab. Pero ni si quiera fue advertido.<\/p>\n<\/div>\n<div class=\"custom-text \" readability=\"35\">\n<p>Y respecto de Sainz, el espa\u00f1ol hab\u00eda superado a un rival durante el auto de seguridad, y solo fue advertido.<\/p>\n<\/div>\n<div class=\"custom-text \" readability=\"35\">\n<p>Las decisiones fueron tomadas sobre las 21.30, cinco horas despu\u00e9s d eterminada la carrera, luego de que los comisarios deportivos escucharan a los pilotos y los representantes de equipos.<\/p>\n<\/div>\n<div class=\"custom-text \" readability=\"33\">\n<p>Por lo tanto, el resultado de la carrera se mantuvo; Franco Colapinto finaliz\u00f3 13\u00b0.<\/p>\n<\/div>\n<p><h2>As\u00ed termin\u00f3 el GP de Canad\u00e1<\/h2>\n<\/p>\n<div class=\"sc-e7b891c4-0 ifHnQL image-embed\"><img alt=\"El resultado final del GP de Canad\u00e1.\" loading=\"lazy\" width=\"720\" height=\"100\" decoding=\"async\" data-nimg=\"1\" src=\"http:\/\/nuevacordoba.net\/wp-content\/uploads\/2025\/06\/fallaron-los-escritorios-y-franco-colapinto-quedo-como-estaba-en-canada-2.jpg\"><span class=\"epigraphe\">El resultado final del GP de Canad\u00e1.<\/span><\/div>\n<div class=\"sc-a7166897-0 eoLsBE\" readability=\"6.5\">\n<section readability=\"3\"><picture><img alt=\"As\u00ed qued\u00f3 la tabla de posiciones de la F1 tras la victoria de George Russell en el GP de Canad\u00e1\" loading=\"lazy\" width=\"290\" height=\"290\" decoding=\"async\" data-nimg=\"1\" src=\"http:\/\/nuevacordoba.net\/wp-content\/uploads\/2025\/06\/fallaron-los-escritorios-y-franco-colapinto-quedo-como-estaba-en-canada-3.jpg\"><\/picture>\n<p><span>Mir\u00e1 tambi\u00e9n<\/span><\/p>\n<hr>\n<h3>As\u00ed qued\u00f3 la tabla de posiciones de la F1 tras la victoria de George Russell en el GP de Canad\u00e1<\/h3>\n<\/p>\n<\/section>\n<\/div>\n<div class=\"sc-a7166897-0 eoLsBE\" readability=\"6\">\n<section readability=\"2\"><picture><img alt=\"George Russell domin\u00f3 de punta a punta en el GP de Canad\u00e1\" loading=\"lazy\" width=\"290\" height=\"290\" decoding=\"async\" data-nimg=\"1\" src=\"http:\/\/nuevacordoba.net\/wp-content\/uploads\/2025\/06\/fallaron-los-escritorios-y-franco-colapinto-quedo-como-estaba-en-canada-4.jpg\"><\/picture>\n<p><span>Mir\u00e1 tambi\u00e9n<\/span><\/p>\n<hr>\n<h3>George Russell domin\u00f3 de punta a punta en el GP de Canad\u00e1<\/h3>\n<\/p>\n<\/section>\n<\/div>\n<div class=\"sc-a7166897-0 eoLsBE\" readability=\"7\">\n<section readability=\"4\"><picture><img alt=\"La decepci\u00f3n de Colapinto tras el GP de Canad\u00e1: la &quot;mala estrategia&quot; y &quot;el motor es una locura, no podemos pasar&quot;\" loading=\"lazy\" width=\"290\" height=\"290\" decoding=\"async\" data-nimg=\"1\" src=\"http:\/\/nuevacordoba.net\/wp-content\/uploads\/2025\/06\/fallaron-los-escritorios-y-franco-colapinto-quedo-como-estaba-en-canada-5.jpg\"><\/picture>\n<p><span>Mir\u00e1 tambi\u00e9n<\/span><\/p>\n<hr>\n<h3>La decepci\u00f3n de Colapinto tras el GP de Canad\u00e1: la \u00abmala estrategia\u00bb y \u00abel motor es una locura, no podemos pasar\u00bb<\/h3>\n<\/p>\n<\/section>\n<\/div>\n<\/div>\n","protected":false},"excerpt":{"rendered":"<p>15\/06\/2025 21:50hs. Se dijo el s\u00e1bado que las carreras de F\u00f3rmula 1 no terminan con la bandera de cuadros, sino cuando los comisarios deportivos guardan sus carpetas luego de analizar la prueba. De hecho, Franco Colapinto hab\u00eda sido 12\u00b0 en la clasificaci\u00f3n, pero larg\u00f3 10\u00b0 por las penalizaciones a Yuki Tsunoda e Isack Hadjar. Franco [&hellip;]<\/p>\n","protected":false},"author":1,"featured_media":60089,"comment_status":"closed","ping_status":"closed","sticky":false,"template":"","format":"standard","meta":[],"categories":[10],"tags":[],"_links":{"self":[{"href":"http:\/\/nuevacordoba.net\/index.php\/wp-json\/wp\/v2\/posts\/60088"}],"collection":[{"href":"http:\/\/nuevacordoba.net\/index.php\/wp-json\/wp\/v2\/posts"}],"about":[{"href":"http:\/\/nuevacordoba.net\/index.php\/wp-json\/wp\/v2\/types\/post"}],"author":[{"embeddable":true,"href":"http:\/\/nuevacordoba.net\/index.php\/wp-json\/wp\/v2\/users\/1"}],"replies":[{"embeddable":true,"href":"http:\/\/nuevacordoba.net\/index.php\/wp-json\/wp\/v2\/comments?post=60088"}],"version-history":[{"count":0,"href":"http:\/\/nuevacordoba.net\/index.php\/wp-json\/wp\/v2\/posts\/60088\/revisions"}],"wp:featuredmedia":[{"embeddable":true,"href":"http:\/\/nuevacordoba.net\/index.php\/wp-json\/wp\/v2\/media\/60089"}],"wp:attachment":[{"href":"http:\/\/nuevacordoba.net\/index.php\/wp-json\/wp\/v2\/media?parent=60088"}],"wp:term":[{"taxonomy":"category","embeddable":true,"href":"http:\/\/nuevacordoba.net\/index.php\/wp-json\/wp\/v2\/categories?post=60088"},{"taxonomy":"post_tag","embeddable":true,"href":"http:\/\/nuevacordoba.net\/index.php\/wp-json\/wp\/v2\/tags?post=60088"}],"curies":[{"name":"wp","href":"https:\/\/api.w.org\/{rel}","templated":true}]}}