{"id":6064,"date":"2021-06-16T12:33:25","date_gmt":"2021-06-16T12:33:25","guid":{"rendered":"http:\/\/cordobanewsnet.wordpress.com\/?p=5779"},"modified":"2021-06-16T12:33:25","modified_gmt":"2021-06-16T12:33:25","slug":"volvio-a-nevar-en-cordoba-luego-de-14-anos","status":"publish","type":"post","link":"http:\/\/nuevacordoba.net\/index.php\/2021\/06\/16\/volvio-a-nevar-en-cordoba-luego-de-14-anos\/","title":{"rendered":"Volvi\u00f3 a nevar en C\u00f3rdoba luego de 14 a\u00f1os"},"content":{"rendered":"<p><!-- \/featured-media --> <\/p>\n<div class=\"post-content clear\" readability=\"46.103053435115\">\n<p>El meteor\u00f3logo Gerardo Barrera, del Servicio Meteorol\u00f3gico Nacional, explic\u00f3 a&nbsp;clases prensa local&nbsp;que la nevada que sorprendi\u00f3 a los cordobeses se debi\u00f3 por una \u201cconjunci\u00f3n de humedad con un enfriamiento de la atm\u00f3sfera\u201d.<\/p>\n<p>Aclar\u00f3 que es \u201cpoco probable\u201d que se repita este ins\u00f3lito evento, pero que el pron\u00f3stico de este martes sigue siendo \u201cnublado con lloviznas y nevadas intermitentes, una m\u00e1xima de 8\u00b0C, visibilidad de 8 kil\u00f3metros (reducida por nieve y llovizna) y humedad del 100%\u201d.<\/p>\n<figure class=\"wp-block-image size-large\"><img data-attachment-id=\"5782\" data-permalink=\"https:\/\/cordobanewsnet.wordpress.com\/9a7f48db-f0e3-435b-bc99-9769b394edc3\/\" data-orig-file=\"http:\/\/nuevacordoba.net\/wp-content\/uploads\/2021\/06\/volvio-a-nevar-en-cordoba-luego-de-14-anos-4.png\" data-orig-size=\"683,1214\" data-comments-opened=\"1\" data-image-meta=\"{&quot;aperture&quot;:&quot;0&quot;,&quot;credit&quot;:&quot;&quot;,&quot;camera&quot;:&quot;&quot;,&quot;caption&quot;:&quot;&quot;,&quot;created_timestamp&quot;:&quot;0&quot;,&quot;copyright&quot;:&quot;&quot;,&quot;focal_length&quot;:&quot;0&quot;,&quot;iso&quot;:&quot;0&quot;,&quot;shutter_speed&quot;:&quot;0&quot;,&quot;title&quot;:&quot;&quot;,&quot;orientation&quot;:&quot;0&quot;}\" data-image-title=\"9a7f48db-f0e3-435b-bc99-9769b394edc3\" data-image-description data-medium-file=\"http:\/\/nuevacordoba.net\/wp-content\/uploads\/2021\/06\/volvio-a-nevar-en-cordoba-luego-de-14-anos-3.png\" data-large-file=\"http:\/\/nuevacordoba.net\/wp-content\/uploads\/2021\/06\/volvio-a-nevar-en-cordoba-luego-de-14-anos.png\" src=\"http:\/\/nuevacordoba.net\/wp-content\/uploads\/2021\/06\/volvio-a-nevar-en-cordoba-luego-de-14-anos.png\" alt class=\"wp-image-5782\" srcset=\"http:\/\/nuevacordoba.net\/wp-content\/uploads\/2021\/06\/volvio-a-nevar-en-cordoba-luego-de-14-anos.png 576w, http:\/\/nuevacordoba.net\/wp-content\/uploads\/2021\/06\/volvio-a-nevar-en-cordoba-luego-de-14-anos-2.png 84w, http:\/\/nuevacordoba.net\/wp-content\/uploads\/2021\/06\/volvio-a-nevar-en-cordoba-luego-de-14-anos-3.png 169w, http:\/\/nuevacordoba.net\/wp-content\/uploads\/2021\/06\/volvio-a-nevar-en-cordoba-luego-de-14-anos-4.png 683w\" sizes=\"(max-width: 576px) 100vw, 576px\"><\/figure>\n<h2><\/h2>\n<p>El meteor\u00f3logo advirti\u00f3 por la escarcha que comenzar\u00e1 a aparecer cuando la nieve se derrita y pidi\u00f3<strong>&nbsp;conducir con precauci\u00f3n por las rutas, tanto por ramas ca\u00eddas como por calles resbaladizas<\/strong>.<\/p>\n<div id=\"jp-post-flair\" class=\"sharedaddy sd-like-enabled sd-sharing-enabled\">\n<div class=\"sharedaddy sd-sharing-enabled\">\n<div class=\"robots-nocontent sd-block sd-social sd-social-icon-text sd-sharing\">\n<h3 class=\"sd-title\">Share this:<\/h3>\n<\/div>\n<\/div>\n<div class=\"sharedaddy sd-block sd-like jetpack-likes-widget-wrapper jetpack-likes-widget-unloaded\" id=\"like-post-wrapper-143108178-5779-60d02b37d2e44\" data-src=\"\/\/widgets.wp.com\/likes\/index.html?ver=20210413#blog_id=143108178&amp;post_id=5779&amp;origin=cordobanewsnet.wordpress.com&amp;obj_id=143108178-5779-60d02b37d2e44\" data-name=\"like-post-frame-143108178-5779-60d02b37d2e44\">\n<h3 class=\"sd-title\">Me gusta esto:<\/h3>\n<p><span class=\"button\"><span>Me gusta<\/span><\/span> <span class=\"loading\">Cargando&#8230;<\/span><\/p>\n<p><span class=\"sd-text-color\"><\/span><\/div>\n<p><h3 class=\"jp-relatedposts-headline\"><em>Relacionado<\/em><\/h3>\n<\/p>\n<\/div><\/div>\n<p><!--\/.post-content--> <\/p>\n<footer class=\"post-meta-container clear\" readability=\"0.25882352941176\">\n<div class=\"entry-author author-avatar-show\" readability=\"13.114754098361\">\n<div class=\"author-avatar\"> <img loading=\"lazy\" alt src=\"http:\/\/nuevacordoba.net\/wp-content\/uploads\/2021\/06\/volvio-a-nevar-en-cordoba-luego-de-14-anos-1.png\" class=\"avatar avatar-90\" height=\"90\" width=\"90\"> <\/div>\n<p><!-- .author-avatar --> <\/p>\n<p><h2 class=\"author-title\">Publicado por <span class=\"author-name\">Redacci\u00f3n<\/span><\/h2>\n<\/p>\n<p><!-- .author-heading --> <\/p>\n<p class=\"author-bio\"> <a class=\"author-link\" href=\"https:\/\/cordobanewsnet.wordpress.com\/author\/prettomatias\/\" rel=\"author\"> Ver todas las entradas de Redacci\u00f3n <\/a> <\/p>\n<p><!-- .author-bio --> <\/div>\n<p><!-- .entry-auhtor --> <\/footer>\n<p> <!-- \/post-meta-container --> <!-- #respond --> <\/p>\n","protected":false},"excerpt":{"rendered":"<p>El meteor\u00f3logo Gerardo Barrera, del Servicio Meteorol\u00f3gico Nacional, explic\u00f3 a&nbsp;clases prensa local&nbsp;que la nevada que sorprendi\u00f3 a los cordobeses se debi\u00f3 por una \u201cconjunci\u00f3n de humedad con un enfriamiento de la atm\u00f3sfera\u201d. Aclar\u00f3 que es \u201cpoco probable\u201d que se repita este ins\u00f3lito evento, pero que el pron\u00f3stico de este martes sigue siendo \u201cnublado con lloviznas [&hellip;]<\/p>\n","protected":false},"author":1,"featured_media":6065,"comment_status":"closed","ping_status":"closed","sticky":false,"template":"","format":"standard","meta":[],"categories":[14],"tags":[],"_links":{"self":[{"href":"http:\/\/nuevacordoba.net\/index.php\/wp-json\/wp\/v2\/posts\/6064"}],"collection":[{"href":"http:\/\/nuevacordoba.net\/index.php\/wp-json\/wp\/v2\/posts"}],"about":[{"href":"http:\/\/nuevacordoba.net\/index.php\/wp-json\/wp\/v2\/types\/post"}],"author":[{"embeddable":true,"href":"http:\/\/nuevacordoba.net\/index.php\/wp-json\/wp\/v2\/users\/1"}],"replies":[{"embeddable":true,"href":"http:\/\/nuevacordoba.net\/index.php\/wp-json\/wp\/v2\/comments?post=6064"}],"version-history":[{"count":0,"href":"http:\/\/nuevacordoba.net\/index.php\/wp-json\/wp\/v2\/posts\/6064\/revisions"}],"wp:featuredmedia":[{"embeddable":true,"href":"http:\/\/nuevacordoba.net\/index.php\/wp-json\/wp\/v2\/media\/6065"}],"wp:attachment":[{"href":"http:\/\/nuevacordoba.net\/index.php\/wp-json\/wp\/v2\/media?parent=6064"}],"wp:term":[{"taxonomy":"category","embeddable":true,"href":"http:\/\/nuevacordoba.net\/index.php\/wp-json\/wp\/v2\/categories?post=6064"},{"taxonomy":"post_tag","embeddable":true,"href":"http:\/\/nuevacordoba.net\/index.php\/wp-json\/wp\/v2\/tags?post=6064"}],"curies":[{"name":"wp","href":"https:\/\/api.w.org\/{rel}","templated":true}]}}