{"id":60823,"date":"2025-06-30T10:26:02","date_gmt":"2025-06-30T10:26:02","guid":{"rendered":"http:\/\/estaciontrip.com.ar\/?p=10470"},"modified":"2025-06-30T10:26:02","modified_gmt":"2025-06-30T10:26:02","slug":"cordoba-sera-sede-de-la-conferencia-climatica-internacional-compromiso-latinoamericano-hacia-la-cop30","status":"publish","type":"post","link":"http:\/\/nuevacordoba.net\/index.php\/2025\/06\/30\/cordoba-sera-sede-de-la-conferencia-climatica-internacional-compromiso-latinoamericano-hacia-la-cop30\/","title":{"rendered":"C\u00f3rdoba ser\u00e1 sede de la Conferencia Clim\u00e1tica Internacional \u00abCompromiso Latinoamericano hacia la COP30\u00bb"},"content":{"rendered":"<div><img src=\"http:\/\/nuevacordoba.net\/wp-content\/uploads\/2025\/06\/cordoba-sera-sede-de-la-conferencia-climatica-internacional-compromiso-latinoamericano-hacia-la-cop30.jpg\" class=\"ff-og-image-inserted\"><\/div>\n<p>La primera Conferencia Clim\u00e1tica Internacional \u201cCompromiso Latinoamericano hacia la COP30\u201d y 5\u00b0 Cumbre Mundial de Econom\u00eda Circular que se realizar\u00e1n los d\u00edas <strong>1, 2 y 3 de julio<\/strong> pr\u00f3ximos convocar\u00e1n a un amplio arco de speakers internacionales, acad\u00e9micos y expertos de Am\u00e9rica Latina y Europa.&nbsp;<\/p>\n<p>El objetivo principal ser\u00e1 la construcci\u00f3n de una agenda colaborativa que sintetice, con perspectiva regional, los principales desaf\u00edos de los gobiernos subnacionales y locales, en el camino hacia la 30\u00b0 Conferencia de las Naciones Unidas sobre el Cambio Clim\u00e1tico (COP 30) que se llevar\u00e1 a cabo en noviembre de 2025, en la ciudad de Bel\u00e9m, Brasil.&nbsp;&nbsp;<\/p>\n<p>A partir de esta agenda, se propone elaborar una hoja de ruta que recoja los principales puntos de convergencia para generar transformaciones estrat\u00e9gicas para el desarrollo territorial sostenible.&nbsp;&nbsp;<\/p>\n<p>Las jornadas albergar\u00e1n sesiones plenarias y mesas tem\u00e1ticas de alto nivel y se desarrollar\u00e1n en el Centro de Convenciones de la ciudad de C\u00f3rdoba.&nbsp;&nbsp;<\/p>\n<p>La ministra de Ambiente y Econom\u00eda Circular del Gobierno de C\u00f3rdoba, Victoria Flores, adelant\u00f3 el temario de la Conferencia Clim\u00e1tica Internacional organizada por el Gobierno de C\u00f3rdoba. El mismo abarca biodiversidad, g\u00e9nero, cambio clim\u00e1tico, finanzas sostenibles y econom\u00eda circular como ejes de discusi\u00f3n dentro de las conferencias plenarias y tambi\u00e9n las mesas de trabajo.&nbsp;&nbsp;<\/p>\n<p>\u201cEl objetivo es poder juntar la academia, el saber, las experiencias, pero tambi\u00e9n terminar con acuerdos de gobiernos subnacionales que permitan trabajar distintos temas ambientales\u201d.&nbsp;&nbsp;<\/p>\n<p>La funcionaria destac\u00f3 que importantes expositores y panelistas debatir\u00e1n para generar acuerdos m\u00ednimos y que \u201cya se est\u00e1 trabajando con instituciones que representan desde municipios hasta provincias y gobiernos nacionales de Latinoam\u00e9rica en la b\u00fasqueda de esos consensos\u201d.&nbsp;&nbsp;<\/p>\n<p>La conferencia propone una metodolog\u00eda \u00e1gil, integradora y din\u00e1mica, dise\u00f1ada para facilitar el di\u00e1logo multiactoral, la producci\u00f3n colectiva de conocimiento y la construcci\u00f3n de acuerdos estrat\u00e9gicos con proyecci\u00f3n regional e internacional.&nbsp;&nbsp;<\/p>\n<p>La ministra se\u00f1al\u00f3 que \u201chay problemas globales y necesidad de plantear soluciones locales\u201d, circunstancia por la cual \u201cnecesitamos tener consensos, fijar acuerdos y tener principios de trabajo que nos permitan cuidar nuestra casa com\u00fan\u201d.&nbsp;&nbsp;<\/p>\n<p>Puntualiz\u00f3 adem\u00e1s que \u201cel gobernador Mart\u00edn Llaryora ha mostrado que tiene una decisi\u00f3n pol\u00edtica de trabajar, cuidar la naturaleza y generar desarrollo y este equilibrio es el que hoy el mundo debate c\u00f3mo hacerlo\u201d.&nbsp; &nbsp;<\/p>\n<p>El evento internacional contar\u00e1 adem\u00e1s con una bioferia y una feria energ\u00e9tica y de movilidad el\u00e9ctrica que se desarrollar\u00e1 durante los tres d\u00edas en forma paralela a las exposiciones y paneles de debate.&nbsp; &nbsp;<\/p>\n<p>Est\u00e1n invitados a participar autoridades nacionales y provinciales, representantes de redes y organismos internacionales, equipos de gesti\u00f3n p\u00fablica, representantes del sector cient\u00edfico, productivo y privado, emprendedores de la econom\u00eda circular y ciudadan\u00eda interesada.&nbsp;&nbsp;<\/p>\n<p>Victoria Flores insisti\u00f3 en la importancia de una participaci\u00f3n masiva. \u201cEstamos invitando para que m\u00e1s gente se sume a participar, porque entendemos que el cambio empieza en cada conducta humana\u201d&nbsp;&nbsp;<\/p>\n<p>\u00abPara cuidar el ambiente necesitamos como personas, como seres humanos, entender que somos una de las razas que habitamos la casa com\u00fan en nuestro planeta y que el cambio, la transformaci\u00f3n, tiene que empezar por cada uno de nosotros\u201d, cerr\u00f3 la ministra.&nbsp; &nbsp;<\/p>\n<p><strong>Cuatro objetivos principales<\/strong><\/p>\n<p>La conferencia establece cuatro objetivos claros:&nbsp;<\/p>\n<p>Agenda subnacional: Dise\u00f1ar una hoja de ruta com\u00fan que identifique desaf\u00edos y pol\u00edticas prioritarias para el desarrollo sostenible desde los territorios.&nbsp;&nbsp;<\/p>\n<p>Casos de \u00e9xito: Intercambiar experiencias reales de gesti\u00f3n p\u00fablica que hayan logrado impactos positivos en sostenibilidad y econom\u00eda circular.&nbsp;&nbsp;<\/p>\n<p>Articulaci\u00f3n multisectorial: Tender puentes entre gobiernos, sector privado, ciencia y tecnolog\u00eda para acelerar la acci\u00f3n clim\u00e1tica.&nbsp;&nbsp;<\/p>\n<p>Compromisos globales: Conectar las pol\u00edticas locales con los acuerdos internacionales en materia ambiental y productiva.&nbsp;&nbsp;<\/p>\n<p><strong>Hacia la COP 30<\/strong><\/p>\n<p>La conferencia se enmarca en un contexto global que exige reforzar la cooperaci\u00f3n y acelerar la transici\u00f3n hacia el desarrollo sostenible.&nbsp;&nbsp;<\/p>\n<p>C\u00f3rdoba se presenta como una sede de intercambio abierto, plural y estrat\u00e9gico de ideas rumbo a la COP 30, que es una reuni\u00f3n crucial para que las naciones presenten planes actualizados para reducir las emisiones.&nbsp;&nbsp;<\/p>\n<p>El evento busca construir un compromiso regional en el camino hacia la COP 30 que recoja los principales puntos de convergencia para generar transformaciones estrat\u00e9gicas para el desarrollo territorial sostenible.&nbsp;&nbsp;<\/p>\n<p>La COP 30 que se celebrar\u00e1 en Bel\u00e9m del 10 al 21 de noviembre se centrar\u00e1 en la interconexi\u00f3n entre el cambio clim\u00e1tico y la biodiversidad, especialmente en la Amazon\u00eda.&nbsp; &nbsp;<\/p>\n<p>La cumbre busca avanzar en la ambici\u00f3n clim\u00e1tica, impulsando a los pa\u00edses a presentar Contribuciones Determinadas a Nivel Nacional (CDN) m\u00e1s ambiciosas y a acelerar la eliminaci\u00f3n de combustibles f\u00f3siles y la transici\u00f3n a energ\u00edas renovables.&nbsp; &nbsp;<\/p>\n<p>Un tema crucial ser\u00e1 la movilizaci\u00f3n de financiamiento clim\u00e1tico, adem\u00e1s de abordar la justicia clim\u00e1tica y la protecci\u00f3n de bosques y biodiversidad como pilares fundamentales.&nbsp;&nbsp;<\/p>\n<p><strong>Inscripciones para p\u00fablico general <\/strong><\/p>\n<p>Para conocer m\u00e1s sobre la conferencia, inscribirse para participar y acceder a la agenda completa del evento, se puede ingresar a&nbsp;<a href=\"https:\/\/conferenciaclimatica.cba.gov.ar\/\" target=\"_blank\" rel=\"noreferrer noopener\">https:\/\/conferenciaclimatica.cba.gov.ar\/<\/a><\/p>\n<p>Centro de Convenciones C\u00f3rdoba, Predio Ferial C\u00f3rdoba:&nbsp;<a href=\"https:\/\/maps.app.goo.gl\/Ns7yk79MZM5oFABt5\" target=\"_blank\" rel=\"noreferrer noopener\">https:\/\/maps.app.goo.gl\/Ns7yk79MZM5oFABt5<\/a><\/p>\n","protected":false},"excerpt":{"rendered":"<p>La primera Conferencia Clim\u00e1tica Internacional \u201cCompromiso Latinoamericano hacia la COP30\u201d y 5\u00b0 Cumbre Mundial de Econom\u00eda Circular que se realizar\u00e1n los d\u00edas 1, 2 y 3 de julio pr\u00f3ximos convocar\u00e1n a un amplio arco de speakers internacionales, acad\u00e9micos y expertos de Am\u00e9rica Latina y Europa.&nbsp; El objetivo principal ser\u00e1 la construcci\u00f3n de una agenda colaborativa [&hellip;]<\/p>\n","protected":false},"author":1,"featured_media":60824,"comment_status":"closed","ping_status":"closed","sticky":false,"template":"","format":"standard","meta":[],"categories":[11],"tags":[],"_links":{"self":[{"href":"http:\/\/nuevacordoba.net\/index.php\/wp-json\/wp\/v2\/posts\/60823"}],"collection":[{"href":"http:\/\/nuevacordoba.net\/index.php\/wp-json\/wp\/v2\/posts"}],"about":[{"href":"http:\/\/nuevacordoba.net\/index.php\/wp-json\/wp\/v2\/types\/post"}],"author":[{"embeddable":true,"href":"http:\/\/nuevacordoba.net\/index.php\/wp-json\/wp\/v2\/users\/1"}],"replies":[{"embeddable":true,"href":"http:\/\/nuevacordoba.net\/index.php\/wp-json\/wp\/v2\/comments?post=60823"}],"version-history":[{"count":0,"href":"http:\/\/nuevacordoba.net\/index.php\/wp-json\/wp\/v2\/posts\/60823\/revisions"}],"wp:featuredmedia":[{"embeddable":true,"href":"http:\/\/nuevacordoba.net\/index.php\/wp-json\/wp\/v2\/media\/60824"}],"wp:attachment":[{"href":"http:\/\/nuevacordoba.net\/index.php\/wp-json\/wp\/v2\/media?parent=60823"}],"wp:term":[{"taxonomy":"category","embeddable":true,"href":"http:\/\/nuevacordoba.net\/index.php\/wp-json\/wp\/v2\/categories?post=60823"},{"taxonomy":"post_tag","embeddable":true,"href":"http:\/\/nuevacordoba.net\/index.php\/wp-json\/wp\/v2\/tags?post=60823"}],"curies":[{"name":"wp","href":"https:\/\/api.w.org\/{rel}","templated":true}]}}