{"id":60825,"date":"2025-06-30T12:59:35","date_gmt":"2025-06-30T12:59:35","guid":{"rendered":"https:\/\/cordoba.gob.ar\/?p=79026"},"modified":"2025-06-30T12:59:35","modified_gmt":"2025-06-30T12:59:35","slug":"se-viene-alta-fachadauna-propuesta-cultural-para-las-infancias-en-la-tienda-creativa","status":"publish","type":"post","link":"http:\/\/nuevacordoba.net\/index.php\/2025\/06\/30\/se-viene-alta-fachadauna-propuesta-cultural-para-las-infancias-en-la-tienda-creativa\/","title":{"rendered":"Se viene \u201cAlta Fachada\u201duna propuesta cultural para las infancias en la Tienda Creativa"},"content":{"rendered":"<div><img src=\"http:\/\/nuevacordoba.net\/wp-content\/uploads\/2025\/06\/se-viene-alta-fachadauna-propuesta-cultural-para-las-infancias-en-la-tienda-creativa.jpg\" class=\"ff-og-image-inserted\"><\/div>\n<hr>\n<p data-prosemirror-content-type=\"node\" data-prosemirror-node-name=\"paragraph\" data-prosemirror-node-block=\"true\">\u201cAlta Fachada\u201d es una propuesta destinada para las infancias: colorear los edificios m\u00e1s ic\u00f3nicos de C\u00f3rdoba ilustrados por Ana Tillous, dise\u00f1adora arquitect\u00f3nica qui\u00e9n guiar\u00e1 la actividad.<\/p>\n<p data-prosemirror-content-type=\"node\" data-prosemirror-node-name=\"paragraph\" data-prosemirror-node-block=\"true\">Ser\u00e1 del 30 de junio al 5 de julio, de lunes a viernes de 10:00 a 18:00 horas y el s\u00e1bado de 10:00 a 14:00.<\/p>\n<p data-prosemirror-content-type=\"node\" data-prosemirror-node-name=\"paragraph\" data-prosemirror-node-block=\"true\">De esta manera, el la Tienda Creativa se ha consolidado como una plataforma vital para la promoci\u00f3n y comercializaci\u00f3n de productos creados por emprendedores locales, abarcando sectores como el dise\u00f1o, las artes visuales, artesan\u00eda, la producci\u00f3n editorial y gastronom\u00eda.<\/p>\n<p data-prosemirror-content-type=\"node\" data-prosemirror-node-name=\"paragraph\" data-prosemirror-node-block=\"true\">La Tienda Creativa no solo ofrece un espacio f\u00edsico de exhibici\u00f3n, sino que tambi\u00e9n implementa estrategias para ampliar el alcance de estos emprendimientos.<\/p>\n<p data-prosemirror-content-type=\"node\" data-prosemirror-node-name=\"paragraph\" data-prosemirror-node-block=\"true\">Quienes deseen m\u00e1s informaci\u00f3n de la Tienda Creativa de la Ciudad pueden contactarse por email a <a href=\"mailto:tiendacreativacba@gmail.com\" data-prosemirror-content-type=\"mark\" data-prosemirror-mark-name=\"link\"><strong data-prosemirror-content-type=\"mark\" data-prosemirror-mark-name=\"strong\">tiendacreativacba@gmail.com<\/strong><\/a> o a trav\u00e9s de su Instagram <strong data-prosemirror-content-type=\"mark\" data-prosemirror-mark-name=\"strong\">@\u200ctiendacreativa_cba<\/strong><\/p>\n","protected":false},"excerpt":{"rendered":"<p>\u201cAlta Fachada\u201d es una propuesta destinada para las infancias: colorear los edificios m\u00e1s ic\u00f3nicos de C\u00f3rdoba ilustrados por Ana Tillous, dise\u00f1adora arquitect\u00f3nica qui\u00e9n guiar\u00e1 la actividad. Ser\u00e1 del 30 de junio al 5 de julio, de lunes a viernes de 10:00 a 18:00 horas y el s\u00e1bado de 10:00 a 14:00. De esta manera, el [&hellip;]<\/p>\n","protected":false},"author":1,"featured_media":60826,"comment_status":"closed","ping_status":"closed","sticky":false,"template":"","format":"standard","meta":[],"categories":[14],"tags":[],"_links":{"self":[{"href":"http:\/\/nuevacordoba.net\/index.php\/wp-json\/wp\/v2\/posts\/60825"}],"collection":[{"href":"http:\/\/nuevacordoba.net\/index.php\/wp-json\/wp\/v2\/posts"}],"about":[{"href":"http:\/\/nuevacordoba.net\/index.php\/wp-json\/wp\/v2\/types\/post"}],"author":[{"embeddable":true,"href":"http:\/\/nuevacordoba.net\/index.php\/wp-json\/wp\/v2\/users\/1"}],"replies":[{"embeddable":true,"href":"http:\/\/nuevacordoba.net\/index.php\/wp-json\/wp\/v2\/comments?post=60825"}],"version-history":[{"count":0,"href":"http:\/\/nuevacordoba.net\/index.php\/wp-json\/wp\/v2\/posts\/60825\/revisions"}],"wp:featuredmedia":[{"embeddable":true,"href":"http:\/\/nuevacordoba.net\/index.php\/wp-json\/wp\/v2\/media\/60826"}],"wp:attachment":[{"href":"http:\/\/nuevacordoba.net\/index.php\/wp-json\/wp\/v2\/media?parent=60825"}],"wp:term":[{"taxonomy":"category","embeddable":true,"href":"http:\/\/nuevacordoba.net\/index.php\/wp-json\/wp\/v2\/categories?post=60825"},{"taxonomy":"post_tag","embeddable":true,"href":"http:\/\/nuevacordoba.net\/index.php\/wp-json\/wp\/v2\/tags?post=60825"}],"curies":[{"name":"wp","href":"https:\/\/api.w.org\/{rel}","templated":true}]}}