{"id":60853,"date":"2025-06-30T14:02:35","date_gmt":"2025-06-30T14:02:35","guid":{"rendered":"http:\/\/cordobanewsnet.wordpress.com\/?p=13027"},"modified":"2025-06-30T14:02:35","modified_gmt":"2025-06-30T14:02:35","slug":"pese-a-la-decision-del-ministerio-muchos-alumnos-asistieron-igual-a-las-escuelas","status":"publish","type":"post","link":"http:\/\/nuevacordoba.net\/index.php\/2025\/06\/30\/pese-a-la-decision-del-ministerio-muchos-alumnos-asistieron-igual-a-las-escuelas\/","title":{"rendered":"Pese a la decisi\u00f3n del Ministerio, muchos alumnos asistieron igual a las escuelas"},"content":{"rendered":"<p>Las familias optaron por enviar a sus hijos a clases durante el turno ma\u00f1ana.<\/p>\n<p>A pesar de la decisi\u00f3n del&nbsp;<strong>Ministerio de Educaci\u00f3n<\/strong>&nbsp;de no computar inasistencias debido a las bajas temperaturas, varias&nbsp;<strong>escuelas<\/strong>&nbsp;de C\u00f3rdoba capital&nbsp;<strong>recibieron este lunes a un n\u00famero significativo de estudiantes en el turno ma\u00f1ana<\/strong>.<\/p>\n<p>En jardines, primarias y secundarias de diferentes barrios, se pudo ver a chicos y chicas ingresando abrigados, acompa\u00f1ados por sus familias.<\/p>\n<p>La medida oficial permit\u00eda a los padres decidir si enviar o no a sus hijos, sin que esto afectara la asistencia escolar. Sin embargo, muchas familias optaron por mantener la rutina habitual.<\/p>\n<p>Desde las direcciones escolares remarcaron que, tal como dispuso el Ministerio, los contenidos ser\u00e1n recuperados para quienes no asistieron. A\u00fan as\u00ed, destacaron el compromiso de las familias que, pese al fr\u00edo, decidieron sostener la presencialidad.<\/p>\n<p>Si bien la medida rige \u00fanicamente para el turno ma\u00f1ana, hay expectativas de que se extienda al&nbsp;<strong>turno tarde.<\/strong>&nbsp;Seg\u00fan se inform\u00f3,&nbsp;<strong>a las 10 de la ma\u00f1ana se emitir\u00e1 un nuevo comunicado oficial con la decisi\u00f3n<\/strong>.<\/p>\n<figure class=\"wp-block-image size-large\"><img loading=\"lazy\" data-attachment-id=\"13028\" data-permalink=\"https:\/\/cordobanewsnet.wordpress.com\/2025\/06\/30\/pese-a-la-decision-del-ministerio-muchos-alumnos-asistieron-igual-a-las-escuelas\/image-722\/\" data-orig-file=\"http:\/\/nuevacordoba.net\/wp-content\/uploads\/2025\/06\/pese-a-la-decision-del-ministerio-muchos-alumnos-asistieron-igual-a-las-escuelas.png\" data-orig-size=\"601,360\" data-comments-opened=\"1\" data-image-meta=\"{&quot;aperture&quot;:&quot;0&quot;,&quot;credit&quot;:&quot;&quot;,&quot;camera&quot;:&quot;&quot;,&quot;caption&quot;:&quot;&quot;,&quot;created_timestamp&quot;:&quot;0&quot;,&quot;copyright&quot;:&quot;&quot;,&quot;focal_length&quot;:&quot;0&quot;,&quot;iso&quot;:&quot;0&quot;,&quot;shutter_speed&quot;:&quot;0&quot;,&quot;title&quot;:&quot;&quot;,&quot;orientation&quot;:&quot;0&quot;}\" data-image-title=\"image\" data-image-description data-image-caption data-medium-file=\"http:\/\/nuevacordoba.net\/wp-content\/uploads\/2025\/06\/pese-a-la-decision-del-ministerio-muchos-alumnos-asistieron-igual-a-las-escuelas.png?w=300\" data-large-file=\"http:\/\/nuevacordoba.net\/wp-content\/uploads\/2025\/06\/pese-a-la-decision-del-ministerio-muchos-alumnos-asistieron-igual-a-las-escuelas.png\" width=\"601\" height=\"360\" src=\"http:\/\/nuevacordoba.net\/wp-content\/uploads\/2025\/06\/pese-a-la-decision-del-ministerio-muchos-alumnos-asistieron-igual-a-las-escuelas.png\" alt class=\"wp-image-13028\" srcset=\"http:\/\/nuevacordoba.net\/wp-content\/uploads\/2025\/06\/pese-a-la-decision-del-ministerio-muchos-alumnos-asistieron-igual-a-las-escuelas.png 601w, http:\/\/nuevacordoba.net\/wp-content\/uploads\/2025\/06\/pese-a-la-decision-del-ministerio-muchos-alumnos-asistieron-igual-a-las-escuelas.png?w=150 150w, http:\/\/nuevacordoba.net\/wp-content\/uploads\/2025\/06\/pese-a-la-decision-del-ministerio-muchos-alumnos-asistieron-igual-a-las-escuelas.png?w=300 300w\" sizes=\"(max-width: 601px) 100vw, 601px\"><\/figure>\n<p>Fuente : Telefe C\u00f3rdoba Argentina<\/p>\n<p><span id=\"wordads-inline-marker\"><\/span><\/p>\n<div id=\"jp-post-flair\" class=\"sharedaddy sd-like-enabled sd-sharing-enabled\">\n<div class=\"sharedaddy sd-sharing-enabled\">\n<div class=\"robots-nocontent sd-block sd-social sd-social-icon-text sd-sharing\">\n<h3 class=\"sd-title\">Comparte esto:<\/h3>\n<\/div>\n<\/div>\n<div class=\"sharedaddy sd-block sd-like jetpack-likes-widget-wrapper jetpack-likes-widget-unloaded\" id=\"like-post-wrapper-143108178-13027-6862e99c4a9d1\" data-src=\"\/\/widgets.wp.com\/likes\/index.html?ver=20250630#blog_id=143108178&amp;post_id=13027&amp;origin=cordobanewsnet.wordpress.com&amp;obj_id=143108178-13027-6862e99c4a9d1\" data-name=\"like-post-frame-143108178-13027-6862e99c4a9d1\" data-title=\"Me gusta o Compartir\">\n<p><span class=\"button\"><span>Me gusta<\/span><\/span> <span class=\"loading\">Cargando&#8230;<\/span><\/p>\n<p><span class=\"sd-text-color\"><\/span><\/div>\n<p><h3 class=\"jp-relatedposts-headline\"><em>Relacionado<\/em><\/h3>\n<\/p>\n<\/div>\n","protected":false},"excerpt":{"rendered":"<p>Las familias optaron por enviar a sus hijos a clases durante el turno ma\u00f1ana. A pesar de la decisi\u00f3n del&nbsp;Ministerio de Educaci\u00f3n&nbsp;de no computar inasistencias debido a las bajas temperaturas, varias&nbsp;escuelas&nbsp;de C\u00f3rdoba capital&nbsp;recibieron este lunes a un n\u00famero significativo de estudiantes en el turno ma\u00f1ana. En jardines, primarias y secundarias de diferentes barrios, se pudo [&hellip;]<\/p>\n","protected":false},"author":1,"featured_media":60854,"comment_status":"closed","ping_status":"closed","sticky":false,"template":"","format":"standard","meta":[],"categories":[14],"tags":[],"_links":{"self":[{"href":"http:\/\/nuevacordoba.net\/index.php\/wp-json\/wp\/v2\/posts\/60853"}],"collection":[{"href":"http:\/\/nuevacordoba.net\/index.php\/wp-json\/wp\/v2\/posts"}],"about":[{"href":"http:\/\/nuevacordoba.net\/index.php\/wp-json\/wp\/v2\/types\/post"}],"author":[{"embeddable":true,"href":"http:\/\/nuevacordoba.net\/index.php\/wp-json\/wp\/v2\/users\/1"}],"replies":[{"embeddable":true,"href":"http:\/\/nuevacordoba.net\/index.php\/wp-json\/wp\/v2\/comments?post=60853"}],"version-history":[{"count":0,"href":"http:\/\/nuevacordoba.net\/index.php\/wp-json\/wp\/v2\/posts\/60853\/revisions"}],"wp:featuredmedia":[{"embeddable":true,"href":"http:\/\/nuevacordoba.net\/index.php\/wp-json\/wp\/v2\/media\/60854"}],"wp:attachment":[{"href":"http:\/\/nuevacordoba.net\/index.php\/wp-json\/wp\/v2\/media?parent=60853"}],"wp:term":[{"taxonomy":"category","embeddable":true,"href":"http:\/\/nuevacordoba.net\/index.php\/wp-json\/wp\/v2\/categories?post=60853"},{"taxonomy":"post_tag","embeddable":true,"href":"http:\/\/nuevacordoba.net\/index.php\/wp-json\/wp\/v2\/tags?post=60853"}],"curies":[{"name":"wp","href":"https:\/\/api.w.org\/{rel}","templated":true}]}}