{"id":60859,"date":"2025-06-30T20:16:29","date_gmt":"2025-06-30T20:16:29","guid":{"rendered":"https:\/\/www.ole.com.ar\/autos\/paul-aron-companero-reserva-colapinto-alpine-sauber-f1-formula-1_0_fvOn42aKpi.html"},"modified":"2025-06-30T20:16:29","modified_gmt":"2025-06-30T20:16:29","slug":"cambios-en-alpine-uno-de-sus-pilotos-se-mudara-a-prestamo-a-sauber","status":"publish","type":"post","link":"http:\/\/nuevacordoba.net\/index.php\/2025\/06\/30\/cambios-en-alpine-uno-de-sus-pilotos-se-mudara-a-prestamo-a-sauber\/","title":{"rendered":"Cambios en Alpine: uno de sus pilotos se mudar\u00e1 a pr\u00e9stamo a Sauber"},"content":{"rendered":"<p><time class=\"createDate\" datetime=\"2025-06-30T17:16:29-03:00\">30\/06\/2025 17:16hs.<\/time><\/p>\n<div id=\"storyBody\">\n<div class=\"custom-text \" readability=\"38.375634517766\">\n<p>Despu\u00e9s de un fin de semana con flojos resultados en el <strong>Gran Premio de Austria<\/strong>, con<strong> Franco Colapinto <\/strong>en el 15\u00b0 lugar y <strong>Pierre Gasly<\/strong> en el 13\u00b0, <strong><a href=\"https:\/\/www.ole.com.ar\/tema\/alpine.html\" title=\"Alpine\" alt=\"Alpine\" class=\"slug\">Alpine<\/a><\/strong> sigue \u00faltimo en la tabla de constructores de la <strong><a href=\"https:\/\/www.ole.com.ar\/tema\/formula-1.html\" title=\"F\u00f3rmula 1\" alt=\"F\u00f3rmula 1\" class=\"slug\">F\u00f3rmula 1<\/a>. <\/strong>Con la obligaci\u00f3n de levantarse, pondr\u00e1 la mira en el GP de Gran Breta\u00f1a, que se disputar\u00e1 en una semana. Para esta cita,<strong> la escuder\u00eda francesa ir\u00e1 con un integrante menos&#8230;<\/strong><\/p>\n<\/div>\n<div class=\"custom-text \" readability=\"37.696048632219\">\n<p><strong>Se trata de Paul Aron<\/strong>, uno de los tres reservas del equipo junto a <a href=\"https:\/\/www.ole.com.ar\/tema\/jack-doohan.html\" title=\"Jack Doohan\" alt=\"Jack Doohan\" class=\"slug\">Jack Doohan<\/a>, que qued\u00f3 como tercer piloto tras haber sido reemplazado por Colapinto, y Kush Maini (hace un tiempo se march\u00f3 Ryo Hirakawa, de actualidad en Haas). <strong>El estonio estar\u00e1 presente en las primeras pr\u00e1cticas libres de Silverstone y Budapest en Sauber.<\/strong><\/p>\n<\/div>\n<div class=\"sc-e7b891c4-0 ifHnQL image-embed\"><img alt=\"Aron, Hirakawa y Colapinto a comienzo de temporada. (Photo by BENJAMIN CREMEL \/ AFP)\" loading=\"lazy\" width=\"720\" height=\"100\" decoding=\"async\" data-nimg=\"1\" src=\"http:\/\/nuevacordoba.net\/wp-content\/uploads\/2025\/07\/cambios-en-alpine-uno-de-sus-pilotos-se-mudara-a-prestamo-a-sauber.jpg\"><span class=\"epigraphe\">Aron, Hirakawa y Colapinto a comienzo de temporada. (Photo by BENJAMIN CREMEL \/ AFP)<\/span><\/div>\n<p><h2>Las declaraciones de Aron sobre su pr\u00e9stamo a Sauber<\/h2>\n<\/p>\n<div class=\"custom-text \" readability=\"39\">\n<p>\u201cEstoy muy contento de tener esta valiosa oportunidad de rodar en pista en <strong>F\u00f3rmula 1<\/strong>, y agradezco a <strong>Alpine<\/strong> por este acuerdo\u00bb, declar\u00f3 el piloto europeo. Adem\u00e1s, manifest\u00f3 sus ganas de correr en los dos findes de competencia que se vienen: \u00abMe concentro en mi desarrollo con el equipo, pero estoy emocionado por las dos sesiones con Sauber y <strong>voy a dejarlo todo en Silverstone y Budapest<\/strong>\u00ab.<\/p>\n<\/div>\n<div class=\"custom-text \" readability=\"35.978527607362\">\n<p>En medio de todo esto, tir\u00f3 un comentario que deja claras sus intenciones en el mundo del automovilismo: \u00ab<strong>No es ning\u00fan secreto que mi objetivo es convertirme en piloto titular en F1 <\/strong>alg\u00fan d\u00eda, as\u00ed que cada oportunidad de conducir en un entorno competitivo es un paso importante hacia esa meta\u00bb.<strong> \u00bfUn rival para <a href=\"https:\/\/www.ole.com.ar\/tema\/franco-colapinto.html\" title=\"Franco Colapinto\" alt=\"Franco Colapinto\" class=\"slug\">Colapinto<\/a>?<\/strong><\/p>\n<\/div>\n<div class=\"sc-e7b891c4-0 ifHnQL image-embed\"><img alt=\"Paul Aron, piloto de reserva de Alpine. (@AlpineF1Team)\" loading=\"lazy\" width=\"720\" height=\"100\" decoding=\"async\" data-nimg=\"1\" src=\"http:\/\/nuevacordoba.net\/wp-content\/uploads\/2025\/07\/cambios-en-alpine-uno-de-sus-pilotos-se-mudara-a-prestamo-a-sauber-1.jpg\"><span class=\"epigraphe\">Paul Aron, piloto de reserva de Alpine. (@AlpineF1Team)<\/span><\/div>\n<p><h2>Flavio Briatore explic\u00f3 la raz\u00f3n del pr\u00e9stamo de Aron a Sauber<\/h2>\n<\/p>\n<div class=\"custom-text \" readability=\"38\">\n<p><strong>Flavio Briatore, jefe de equipo de Alpine, <\/strong>justific\u00f3 la cesi\u00f3n y se mostr\u00f3 muy contento por el acuerdo: \u201cEs de nuestro inter\u00e9s ofrecer el m\u00e1ximo de oportunidades a nuestros j\u00f3venes talentos, y por eso <strong>estamos encantados de haber alcanzado un trato con Sauber <\/strong>para que Paul (Aron) pueda participar en las pr\u00e1cticas de <strong>Silverstone y Budapest<\/strong>\u00ab.<\/p>\n<\/div>\n<div class=\"custom-text \" readability=\"39\">\n<p>Por \u00faltimo, se refiri\u00f3 a lo que puede generar el pr\u00e9stamo en la carrera del piloto estonio. \u00ab<strong>Es una buena oportunidad<\/strong> tanto para el equipo como para \u00e9l de seguir impulsando su desarrollo y ofrecerle kil\u00f3metros importantes\u201d, dijo Briatore. Y es que<strong> Aron, tapado por Doohan y Colapinto, est\u00e1 ante una buena chance de mostrar sus capacidades al volante de un F\u00f3rmula 1.<\/strong><\/p>\n<\/div>\n<div class=\"sc-e7b891c4-0 ifHnQL image-embed\"><img alt=\"Briatore busca mantener a Aron con ritmo de competencia. (EFE)\" loading=\"lazy\" width=\"720\" height=\"100\" decoding=\"async\" data-nimg=\"1\" src=\"http:\/\/nuevacordoba.net\/wp-content\/uploads\/2025\/07\/cambios-en-alpine-uno-de-sus-pilotos-se-mudara-a-prestamo-a-sauber-2.jpg\"><span class=\"epigraphe\">Briatore busca mantener a Aron con ritmo de competencia. (EFE)<\/span><\/div>\n<div class=\"sc-a7166897-0 eoLsBE\" readability=\"6.5\">\n<section readability=\"3\"><picture><img alt=\"Video: Tsunoda choc\u00f3 a Colapinto, pero no lo forz\u00f3 a abandonar en Austria\" loading=\"lazy\" width=\"290\" height=\"290\" decoding=\"async\" data-nimg=\"1\" src=\"http:\/\/nuevacordoba.net\/wp-content\/uploads\/2025\/07\/cambios-en-alpine-uno-de-sus-pilotos-se-mudara-a-prestamo-a-sauber-3.jpg\"><\/picture>\n<p><span>Mir\u00e1 tambi\u00e9n<\/span><\/p>\n<hr>\n<h3>Video: Tsunoda choc\u00f3 a Colapinto, pero no lo forz\u00f3 a abandonar en Austria<\/h3>\n<\/p>\n<\/section>\n<\/div>\n<div class=\"sc-a7166897-0 eoLsBE\" readability=\"6.5\">\n<section readability=\"3\"><picture><img alt=\"Las piezas que tuvieron que cambiar en el Alpine de Franco Colapinto para correr este domingo\" loading=\"lazy\" width=\"290\" height=\"290\" decoding=\"async\" data-nimg=\"1\" src=\"http:\/\/nuevacordoba.net\/wp-content\/uploads\/2025\/07\/cambios-en-alpine-uno-de-sus-pilotos-se-mudara-a-prestamo-a-sauber-4.jpg\"><\/picture>\n<p><span>Mir\u00e1 tambi\u00e9n<\/span><\/p>\n<hr>\n<h3>Las piezas que tuvieron que cambiar en el Alpine de Franco Colapinto para correr este domingo<\/h3>\n<\/p>\n<\/section>\n<\/div>\n<div class=\"sc-a7166897-0 eoLsBE\" readability=\"6\">\n<section readability=\"2\"><picture><img alt=\"Franco Colapinto super\u00f3 a su primer rival de la temporada en la F\u00f3rmula 1\" loading=\"lazy\" width=\"290\" height=\"290\" decoding=\"async\" data-nimg=\"1\" src=\"http:\/\/nuevacordoba.net\/wp-content\/uploads\/2025\/07\/cambios-en-alpine-uno-de-sus-pilotos-se-mudara-a-prestamo-a-sauber-5.jpg\"><\/picture>\n<p><span>Mir\u00e1 tambi\u00e9n<\/span><\/p>\n<hr>\n<h3>Franco Colapinto super\u00f3 a su primer rival de la temporada en la F\u00f3rmula 1<\/h3>\n<\/p>\n<\/section>\n<\/div>\n<\/div>\n","protected":false},"excerpt":{"rendered":"<p>30\/06\/2025 17:16hs. Despu\u00e9s de un fin de semana con flojos resultados en el Gran Premio de Austria, con Franco Colapinto en el 15\u00b0 lugar y Pierre Gasly en el 13\u00b0, Alpine sigue \u00faltimo en la tabla de constructores de la F\u00f3rmula 1. Con la obligaci\u00f3n de levantarse, pondr\u00e1 la mira en el GP de Gran [&hellip;]<\/p>\n","protected":false},"author":1,"featured_media":60860,"comment_status":"closed","ping_status":"closed","sticky":false,"template":"","format":"standard","meta":[],"categories":[10],"tags":[],"_links":{"self":[{"href":"http:\/\/nuevacordoba.net\/index.php\/wp-json\/wp\/v2\/posts\/60859"}],"collection":[{"href":"http:\/\/nuevacordoba.net\/index.php\/wp-json\/wp\/v2\/posts"}],"about":[{"href":"http:\/\/nuevacordoba.net\/index.php\/wp-json\/wp\/v2\/types\/post"}],"author":[{"embeddable":true,"href":"http:\/\/nuevacordoba.net\/index.php\/wp-json\/wp\/v2\/users\/1"}],"replies":[{"embeddable":true,"href":"http:\/\/nuevacordoba.net\/index.php\/wp-json\/wp\/v2\/comments?post=60859"}],"version-history":[{"count":0,"href":"http:\/\/nuevacordoba.net\/index.php\/wp-json\/wp\/v2\/posts\/60859\/revisions"}],"wp:featuredmedia":[{"embeddable":true,"href":"http:\/\/nuevacordoba.net\/index.php\/wp-json\/wp\/v2\/media\/60860"}],"wp:attachment":[{"href":"http:\/\/nuevacordoba.net\/index.php\/wp-json\/wp\/v2\/media?parent=60859"}],"wp:term":[{"taxonomy":"category","embeddable":true,"href":"http:\/\/nuevacordoba.net\/index.php\/wp-json\/wp\/v2\/categories?post=60859"},{"taxonomy":"post_tag","embeddable":true,"href":"http:\/\/nuevacordoba.net\/index.php\/wp-json\/wp\/v2\/tags?post=60859"}],"curies":[{"name":"wp","href":"https:\/\/api.w.org\/{rel}","templated":true}]}}