{"id":60863,"date":"2025-07-01T09:06:31","date_gmt":"2025-07-01T09:06:31","guid":{"rendered":"https:\/\/cordobaoutdoor.com.ar\/?p=3158"},"modified":"2025-07-01T09:06:31","modified_gmt":"2025-07-01T09:06:31","slug":"en-visperas-del-aniversario-de-la-ciudad-de-cordoba-javier-pretto-detalla-actividades-y-repasa-obras-comunicacion-y-ejes-de-gestion-municipal","status":"publish","type":"post","link":"http:\/\/nuevacordoba.net\/index.php\/2025\/07\/01\/en-visperas-del-aniversario-de-la-ciudad-de-cordoba-javier-pretto-detalla-actividades-y-repasa-obras-comunicacion-y-ejes-de-gestion-municipal\/","title":{"rendered":"En v\u00edsperas del aniversario de la ciudad de C\u00f3rdoba, Javier Pretto detalla actividades y repasa obras, comunicaci\u00f3n y ejes de gesti\u00f3n municipal"},"content":{"rendered":"<p data-start=\"155\" data-end=\"297\"><span>En entrevista radial con el periodista Armando Miguel Morales, de Radio Suqu\u00eda, el viceintendente Javier Pretto se refiri\u00f3 a lo siguiente:<\/span><\/p>\n<p data-start=\"299\" data-end=\"725\"><span>El viceintendente anticip\u00f3 una nutrida agenda de actividades en el marco del aniversario de la ciudad de C\u00f3rdoba el proximo 6 de julio. Entre los eventos destacados, mencion\u00f3 la entrega de los Premios Jer\u00f3nimo, que se realizar\u00e1 el 5 de julio con una gala en el Teatro Comedia.&nbsp; Adem\u00e1s, ese mismo d\u00eda se inaugurar\u00e1 la nueva plaza del Concejo Deliberante, que contar\u00e1 con m\u00e1stiles y espacios verdes.<\/span><\/p>\n<p data-start=\"727\" data-end=\"1081\"><span>Pretto destac\u00f3 tambi\u00e9n la participaci\u00f3n de m\u00e1s de 315 escuelas en el concurso de la nueva bandera de la ciudad, impulsado en conjunto con Radio Suqu\u00eda. El martes previo al aniversario se realizar\u00e1 el sorteo de 35 banderas de ceremonia, que ser\u00e1n entregadas el 4 de julio durante un acto oficial en el Concejo Deliberante, con la presencia del intendente.<\/span><\/p>\n<p data-start=\"1083\" data-end=\"1336\"><span>En relaci\u00f3n al clima social y a los festejos, Pretto remarc\u00f3 la importancia de recuperar el valor simb\u00f3lico del cumplea\u00f1os de C\u00f3rdoba: \u201cAntes pasaba desapercibido, pero hoy buscamos que sea una fecha de encuentro, de memoria y de celebraci\u00f3n colectiva\u201d.<\/span><\/p>\n<p data-start=\"1083\" data-end=\"1336\"><img loading=\"lazy\" decoding=\"async\" class=\"aligncenter wp-image-3166\" src=\"http:\/\/nuevacordoba.net\/wp-content\/uploads\/2025\/07\/en-visperas-del-aniversario-de-la-ciudad-de-cordoba-javier-pretto-detalla-actividades-y-repasa-obras-comunicacion-y-ejes-de-gestion-municipal.jpg\" alt width=\"467\" height=\"830\" srcset=\"http:\/\/nuevacordoba.net\/wp-content\/uploads\/2025\/07\/en-visperas-del-aniversario-de-la-ciudad-de-cordoba-javier-pretto-detalla-actividades-y-repasa-obras-comunicacion-y-ejes-de-gestion-municipal.jpg 1440w, http:\/\/nuevacordoba.net\/wp-content\/uploads\/2025\/07\/en-visperas-del-aniversario-de-la-ciudad-de-cordoba-javier-pretto-detalla-actividades-y-repasa-obras-comunicacion-y-ejes-de-gestion-municipal-2.jpg 169w, http:\/\/nuevacordoba.net\/wp-content\/uploads\/2025\/07\/en-visperas-del-aniversario-de-la-ciudad-de-cordoba-javier-pretto-detalla-actividades-y-repasa-obras-comunicacion-y-ejes-de-gestion-municipal-3.jpg 576w, http:\/\/nuevacordoba.net\/wp-content\/uploads\/2025\/07\/en-visperas-del-aniversario-de-la-ciudad-de-cordoba-javier-pretto-detalla-actividades-y-repasa-obras-comunicacion-y-ejes-de-gestion-municipal-4.jpg 768w, http:\/\/nuevacordoba.net\/wp-content\/uploads\/2025\/07\/en-visperas-del-aniversario-de-la-ciudad-de-cordoba-javier-pretto-detalla-actividades-y-repasa-obras-comunicacion-y-ejes-de-gestion-municipal-5.jpg 864w, http:\/\/nuevacordoba.net\/wp-content\/uploads\/2025\/07\/en-visperas-del-aniversario-de-la-ciudad-de-cordoba-javier-pretto-detalla-actividades-y-repasa-obras-comunicacion-y-ejes-de-gestion-municipal-6.jpg 1152w\" sizes=\"(max-width: 467px) 100vw, 467px\"><\/p>\n<p data-start=\"1338\" data-end=\"1686\"><span>Consultado por la gesti\u00f3n municipal y las obras en curso, reconoci\u00f3 que no es posible conformar a todos, pero subray\u00f3 el esfuerzo constante del gobierno: \u201cLa ciudad necesita obras. Muchas gestiones anteriores no pudieron concretarlas, y nosotros, a\u00fan con la dif\u00edcil coyuntura econ\u00f3mica, estamos trabajando para avanzar con lo que C\u00f3rdoba necesita\u201d.<\/span><\/p>\n<p data-start=\"1688\" data-end=\"1969\"><span>Frente a las quejas por los inconvenientes que generan los trabajos en simult\u00e1neo, explic\u00f3: \u201cUna ciudad que est\u00e1 en obra tambi\u00e9n molesta. Pero molesta m\u00e1s la falta de obras. Preferimos pedir disculpas por las molestias actuales, porque son parte del camino hacia una ciudad mejor\u201d.<\/span><\/p>\n<p data-start=\"1971\" data-end=\"2344\"><span>Mencion\u00f3 particularmente los avances en el desag\u00fce pluvial de la zona de Sagrada Familia, una obra compleja que busca evitar inundaciones severas que en el pasado afectaron a viviendas, comercios y hasta pusieron vidas en riesgo. \u201cEs una obra grande, bajo tierra, con dificultades t\u00e9cnicas, pero est\u00e1 muy avanzada. Cuando est\u00e9 terminada ser\u00e1 un cambio sustancial\u201d, asegur\u00f3.<\/span><\/p>\n<p data-start=\"2346\" data-end=\"2657\"><span>En cuanto a la comunicaci\u00f3n institucional, Pretto desliz\u00f3 la posibilidad de crear una radio comunitaria oficial. \u201cSer\u00eda una herramienta importante para difundir las acciones de gobierno y tambi\u00e9n para darle voz a los vecinos. En un entorno saturado de informaci\u00f3n, una fuente responsable es fundamental\u201d, opin\u00f3.<\/span><\/p>\n<p data-start=\"2346\" data-end=\"2657\"><img loading=\"lazy\" decoding=\"async\" class=\"aligncenter wp-image-3168\" src=\"http:\/\/nuevacordoba.net\/wp-content\/uploads\/2025\/07\/en-visperas-del-aniversario-de-la-ciudad-de-cordoba-javier-pretto-detalla-actividades-y-repasa-obras-comunicacion-y-ejes-de-gestion-municipal-1.jpg\" alt width=\"493\" height=\"876\" srcset=\"http:\/\/nuevacordoba.net\/wp-content\/uploads\/2025\/07\/en-visperas-del-aniversario-de-la-ciudad-de-cordoba-javier-pretto-detalla-actividades-y-repasa-obras-comunicacion-y-ejes-de-gestion-municipal-1.jpg 1440w, http:\/\/nuevacordoba.net\/wp-content\/uploads\/2025\/07\/en-visperas-del-aniversario-de-la-ciudad-de-cordoba-javier-pretto-detalla-actividades-y-repasa-obras-comunicacion-y-ejes-de-gestion-municipal-7.jpg 169w, http:\/\/nuevacordoba.net\/wp-content\/uploads\/2025\/07\/en-visperas-del-aniversario-de-la-ciudad-de-cordoba-javier-pretto-detalla-actividades-y-repasa-obras-comunicacion-y-ejes-de-gestion-municipal-8.jpg 576w, http:\/\/nuevacordoba.net\/wp-content\/uploads\/2025\/07\/en-visperas-del-aniversario-de-la-ciudad-de-cordoba-javier-pretto-detalla-actividades-y-repasa-obras-comunicacion-y-ejes-de-gestion-municipal-9.jpg 768w, http:\/\/nuevacordoba.net\/wp-content\/uploads\/2025\/07\/en-visperas-del-aniversario-de-la-ciudad-de-cordoba-javier-pretto-detalla-actividades-y-repasa-obras-comunicacion-y-ejes-de-gestion-municipal-10.jpg 864w, http:\/\/nuevacordoba.net\/wp-content\/uploads\/2025\/07\/en-visperas-del-aniversario-de-la-ciudad-de-cordoba-javier-pretto-detalla-actividades-y-repasa-obras-comunicacion-y-ejes-de-gestion-municipal-11.jpg 1152w\" sizes=\"auto, (max-width: 493px) 100vw, 493px\"><\/p>\n<p data-start=\"2659\" data-end=\"2958\"><span>Valor\u00f3 adem\u00e1s el rol del periodismo local y defendi\u00f3 la agenda abierta en su funci\u00f3n p\u00fablica: \u201cNunca pedimos que no nos pregunten tal cosa. Hay que estar dispuesto a hablar de todo. Si no se tiene una respuesta, se dice con honestidad. La gente valora la sinceridad m\u00e1s que los discursos decorados\u201d.<\/span><\/p>\n<p data-start=\"169\" data-end=\"468\"><span>Cerrando la entrevista, el viceintendente Javier Pretto comparti\u00f3 una reflexi\u00f3n sobre el rol del Estado frente a las nuevas generaciones. Se\u00f1al\u00f3 su intenci\u00f3n de acompa\u00f1ar a los j\u00f3venes cordobeses en la concreci\u00f3n de sus sue\u00f1os, especialmente en un contexto de dificultades econ\u00f3micas y sociales.<\/span><\/p>\n<p data-start=\"470\" data-end=\"732\"><span>\u201cQueremos escuchar a la juventud y ayudarlos a enfrentar las barreras que hoy los alejan de sus metas. Que no abandonen sus sue\u00f1os. El rol del Estado tambi\u00e9n debe ser estar ah\u00ed, impuls\u00e1ndolos, apoyando sus proyectos, brindando oportunidades reales\u201d, expres\u00f3.<\/span><\/p>\n","protected":false},"excerpt":{"rendered":"<p>En entrevista radial con el periodista Armando Miguel Morales, de Radio Suqu\u00eda, el viceintendente Javier Pretto se refiri\u00f3 a lo siguiente: El viceintendente anticip\u00f3 una nutrida agenda de actividades en el marco del aniversario de la ciudad de C\u00f3rdoba el proximo 6 de julio. Entre los eventos destacados, mencion\u00f3 la entrega de los Premios Jer\u00f3nimo, [&hellip;]<\/p>\n","protected":false},"author":1,"featured_media":60864,"comment_status":"closed","ping_status":"closed","sticky":false,"template":"","format":"standard","meta":[],"categories":[12,11],"tags":[],"_links":{"self":[{"href":"http:\/\/nuevacordoba.net\/index.php\/wp-json\/wp\/v2\/posts\/60863"}],"collection":[{"href":"http:\/\/nuevacordoba.net\/index.php\/wp-json\/wp\/v2\/posts"}],"about":[{"href":"http:\/\/nuevacordoba.net\/index.php\/wp-json\/wp\/v2\/types\/post"}],"author":[{"embeddable":true,"href":"http:\/\/nuevacordoba.net\/index.php\/wp-json\/wp\/v2\/users\/1"}],"replies":[{"embeddable":true,"href":"http:\/\/nuevacordoba.net\/index.php\/wp-json\/wp\/v2\/comments?post=60863"}],"version-history":[{"count":0,"href":"http:\/\/nuevacordoba.net\/index.php\/wp-json\/wp\/v2\/posts\/60863\/revisions"}],"wp:featuredmedia":[{"embeddable":true,"href":"http:\/\/nuevacordoba.net\/index.php\/wp-json\/wp\/v2\/media\/60864"}],"wp:attachment":[{"href":"http:\/\/nuevacordoba.net\/index.php\/wp-json\/wp\/v2\/media?parent=60863"}],"wp:term":[{"taxonomy":"category","embeddable":true,"href":"http:\/\/nuevacordoba.net\/index.php\/wp-json\/wp\/v2\/categories?post=60863"},{"taxonomy":"post_tag","embeddable":true,"href":"http:\/\/nuevacordoba.net\/index.php\/wp-json\/wp\/v2\/tags?post=60863"}],"curies":[{"name":"wp","href":"https:\/\/api.w.org\/{rel}","templated":true}]}}